{"id":32574,"date":"2020-07-02T17:01:26","date_gmt":"2020-07-02T17:01:26","guid":{"rendered":"http:\/\/www.federacaopaulistadefutsal.com.br\/novo\/?p=32574"},"modified":"2020-07-02T17:01:26","modified_gmt":"2020-07-02T17:01:26","slug":"penalty-50-anos-de-historia-no-esporte","status":"publish","type":"post","link":"https:\/\/www.federacaopaulistadefutsal.com.br\/novo\/penalty-50-anos-de-historia-no-esporte\/","title":{"rendered":"PENALTY 50 ANOS DE HIST\u00d3RIA NO ESPORTE"},"content":{"rendered":"<p>A Penalty \u00e9 uma marca de artigos esportivos brasileira criada em 1970 na cidade de S\u00e3o Paulo, e que pertence \u00e0 empresa Cambuci.<\/p>\n<p><img fetchpriority=\"high\" decoding=\"async\" class=\"alignleft\" src=\"https:\/\/www.federacaopaulistadefutsal.com.br\/novo\/wp-content\/uploads\/2019\/01\/ed70898f-2cfb-4c74-80a7-9d286fcde5bc.jpg\" alt=\"Federa\u00e7\u00e3o Paulista e Penalty renovam promo\u00e7\u00e3o de desconto aos ...\" width=\"415\" height=\"277\" \/>Atuando em diversas modalidades esportivas, a Penalty fabrica desde cal\u00e7ados, confec\u00e7\u00f5es, bolas e acess\u00f3rios esportivos para esporte coletivo como futebol, v\u00f4lei, basquete, handball e o nosso futsal, contudo seu foco de atua\u00e7\u00e3o \u00e9 em footsports.<\/p>\n<p>Desde sua origem no bairro do Cambuci, a marca patrocinou diversas equipes no meio esportivo brasileiro e internacional, destacando as sele\u00e7\u00f5es brasileiras de futsal <strong>(conquistando seus cinco campeonatos mundiais da modalidade)<\/strong>, basquete, handball, bem como times de futebol.<\/p>\n<p>Em 2011, a Penalty apresentou seu reposicionamento de marca, focado no fortalecimento da sua rela\u00e7\u00e3o com o futebol e com o Brasil. &#8220;O reposicionamento da Penalty est\u00e1 amparado na legitimidade de sermos a \u00fanica marca genuinamente brasileira de futebol. Falar de Brasil e de futebol \u00e9 falar da nossa raiz, da nossa origem.&#8221;, explica Roberto Estefano, presidente da Cambuci, detentora da marca Penalty.<\/p>\n<p>&nbsp;<\/p>\n<h5><strong>HIST\u00d3RIA <\/strong><\/h5>\n<p><iframe src=\"https:\/\/www.youtube.com\/embed\/riMf-FJwZK8\" width=\"760\" height=\"515\" frameborder=\"0\" allowfullscreen=\"allowfullscreen\"><\/iframe><\/p>\n<p>A trajet\u00f3ria da Cambuci S.A. &#8211; hoje uma das mais importantes fabricantes de produtos esportivos da ind\u00fastria nacional, dona das marcas Penalty e Stadium, e unidades de fabrica\u00e7\u00e3o e sedes comerciais\/administrativas distribu\u00eddas pelos estados de <strong>S\u00e3o Paulo, Para\u00edba, Bahia, <\/strong>al\u00e9m de sedes na <strong>Argentina, Chile, Paraguai, Espanha<\/strong> &#8211; tem in\u00edcio em uma pequena oficina de corte e costura instalada na garagem da resid\u00eancia do comerciante Sarhan Tuma Estefano e sua fam\u00edlia.<\/p>\n<p>Atualmente seus produtos est\u00e3o presentes nos <strong>5 continentes<\/strong>, nos seguintes pa\u00edses: <strong>Brasil, Uruguai, Argentina, Chile, Paraguai, Bol\u00edvia, Canad\u00e1, Portugal, Espanha, Fran\u00e7a, Finl\u00e2ndia, Mo\u00e7ambique, Jap\u00e3o e Nova Zel\u00e2ndia.<\/strong><\/p>\n<p>No momento em que vendas come\u00e7aram a crescer, Sarhan falece. A vi\u00fava, com seis filhos para criar, se uniu a seus irm\u00e3os, Ibrahin e Sarhan Curi, para seguir com a iniciativa. A uni\u00e3o consolidou-se a partir da d\u00e9cada de 1940, com o desenvolvimento da ind\u00fastria t\u00eaxtil no Brasil.<\/p>\n<p>Em 1945, os filhos de Assibe, Eduardo e Victorio Estefano, ainda jovens, compraram a parte dos tios e fundaram, oficialmente, a Malharia Cambuci S.A., uma confec\u00e7\u00e3o de artigos de vestu\u00e1rio masculinos e femininos localizado no bairro do Cambuci, em S\u00e3o Paulo.<\/p>\n<p><img decoding=\"async\" class=\"alignleft  wp-image-32584\" src=\"http:\/\/www.federacaopaulistadefutsal.com.br\/novo\/wp-content\/uploads\/2020\/07\/FABRICA-DA-PENALTY-EM-S\u00c3O-ROQUE.png\" alt=\"\" width=\"442\" height=\"262\" srcset=\"https:\/\/www.federacaopaulistadefutsal.com.br\/novo\/wp-content\/uploads\/2020\/07\/FABRICA-DA-PENALTY-EM-S\u00c3O-ROQUE.png 961w, https:\/\/www.federacaopaulistadefutsal.com.br\/novo\/wp-content\/uploads\/2020\/07\/FABRICA-DA-PENALTY-EM-S\u00c3O-ROQUE-300x178.png 300w, https:\/\/www.federacaopaulistadefutsal.com.br\/novo\/wp-content\/uploads\/2020\/07\/FABRICA-DA-PENALTY-EM-S\u00c3O-ROQUE-768x455.png 768w\" sizes=\"(max-width: 442px) 100vw, 442px\" \/>Pouco menos de 25 anos depois, em 1968, os irm\u00e3os Eduardo, Ricardo, e Roberto Estefano, filhos de Eduardo e netos de Assibe, assumiram a empresa, ap\u00f3s a aposentadoria do tio Victorio. Em 1970, a <strong>Cambuci criou a marca Penalty<\/strong> e lan\u00e7ou produtos para a pr\u00e1tica de futebol. Com o sucesso, alguns anos mais tarde, a Cambuci transferiu sua produ\u00e7\u00e3o para S\u00e3o Roque, no interior de S\u00e3o Paulo, em um complexo de f\u00e1bricas criado para atender a todo o mercado brasileiro. Em seguida, fechou seu primeiro grande contrato com o <strong>S\u00e3o Paulo Futebol Clube<\/strong>. A d\u00e9cada de 1970 foi um per\u00edodo de grande crescimento para a Empresa.<\/p>\n<p>&nbsp;<\/p>\n<p>Na d\u00e9cada de 1980, a Cambuci torna-se a maior fabricante brasileira de bolas. Neste per\u00edodo, adquiriu os direitos de fabrica\u00e7\u00e3o de cal\u00e7ados da marca <strong>ASICS <\/strong>e raquetes e bolas de t\u00eanis <strong>Wilson<\/strong> e <strong>Doney.<\/strong> Absorvendo, a partir da\u00ed, experi\u00eancia e tecnologia que lhe permitiram avan\u00e7ar no padr\u00e3o internacional de seus produtos.<\/p>\n<p>Na d\u00e9cada de 1990, a Penalty consolida sua presen\u00e7a na Am\u00e9rica do Sul, tornando-se marca oficial das principais federac\u00f5es e confederac\u00f5es nas diversas modalidades esportivas que atua at\u00e9 hoje.<\/p>\n<p><img decoding=\"async\" class=\"aligncenter\" src=\"https:\/\/wewastetime.files.wordpress.com\/2010\/08\/if_design_award_2009.jpg?w=640\" alt=\"IF Design awards 2010 \u2013 wewastetime\" width=\"228\" height=\"228\" \/><\/p>\n<p><strong>Em 2010, foi a vencedora do principal pr\u00eamio internacional de design, o iF Design, com a Bola 8, a primeira bola com 8 gomos do mundo.<\/strong><\/p>\n<p>Hoje a Penalty \u00e9 uma <strong><u>empresa multinacional 100% brasileira<\/u><\/strong>, que continua acreditando no esporte como um instrumento de transforma\u00e7\u00e3o das pessoas e da sociedade. Na edi\u00e7\u00e3o 2013 da Libertadores, a empresa fornece uniformes a duas equipes: S\u00e3o Paulo e Defensor Sporting Club, do Uruguai.<strong><br \/>\n<img loading=\"lazy\" decoding=\"async\" class=\" wp-image-32576 aligncenter\" src=\"http:\/\/www.federacaopaulistadefutsal.com.br\/novo\/wp-content\/uploads\/2020\/07\/fpfs-penalty.jpg\" alt=\"\" width=\"422\" height=\"264\" srcset=\"https:\/\/www.federacaopaulistadefutsal.com.br\/novo\/wp-content\/uploads\/2020\/07\/fpfs-penalty.jpg 800w, https:\/\/www.federacaopaulistadefutsal.com.br\/novo\/wp-content\/uploads\/2020\/07\/fpfs-penalty-300x188.jpg 300w, https:\/\/www.federacaopaulistadefutsal.com.br\/novo\/wp-content\/uploads\/2020\/07\/fpfs-penalty-768x480.jpg 768w\" sizes=\"(max-width: 422px) 100vw, 422px\" \/><\/strong><\/p>\n<h5><strong>FUTSAL PAULISTA<\/strong><\/h5>\n<p><strong><br \/>\n<\/strong>Com o objetivo de fortalecer sua presen\u00e7a no futsal brasileiro, a\u00a0<strong>Penalty<\/strong>\u00a0restabeleceu sua parceria com a\u00a0<strong>Federa\u00e7\u00e3o Paulista de Futsal, maior federa\u00e7\u00e3o da modalidade no Brasil se n\u00e3o no mundo<\/strong>. A fabricante tornou-se fornecedora oficial de bolas para todas as competi\u00e7\u00f5es organizadas pela FPFS no Estado de S\u00e3o Paulo.<\/p>\n<h5><strong><br \/>\nPARAB\u00c9NS PENALTY<\/strong><\/h5>\n<p>Esse ano \u00e9 s\u00edmbolo de toda evolu\u00e7\u00e3o e crescimento da marca PENALTY desde o seu in\u00edcio. Desde quando era apenas uma ideia no papel at\u00e9 aqui, foram tantos desafios vencidos habilmente que nem h\u00e1 como contar&#8230; \u00a0Desejamos que venha ainda mais crescimento e sucesso para esta gigantesca empresa que representa excelentemente nossa modalidade no mundo atrav\u00e9s de seus materiais esportivos.<\/p>\n<pre> <span style=\"color: #999999;\">Com informa\u00e7\u00f5es: Wikip\u00e9dia<\/span><\/pre>\n","protected":false},"excerpt":{"rendered":"<p>A Penalty \u00e9 uma marca de artigos esportivos brasileira criada em 1970 na cidade de S\u00e3o Paulo, e que pertence<\/p>\n","protected":false},"author":2,"featured_media":32577,"comment_status":"open","ping_status":"open","sticky":false,"template":"","format":"standard","meta":{"footnotes":""},"categories":[2660,25,2662,28,2651],"tags":[],"class_list":["post-32574","post","type-post","status-publish","format-standard","has-post-thumbnail","hentry","category-home-destaque","category-destaques","category-homeparte3","category-fpfs-acontece","category-noticias"],"_links":{"self":[{"href":"https:\/\/www.federacaopaulistadefutsal.com.br\/novo\/wp-json\/wp\/v2\/posts\/32574","targetHints":{"allow":["GET"]}}],"collection":[{"href":"https:\/\/www.federacaopaulistadefutsal.com.br\/novo\/wp-json\/wp\/v2\/posts"}],"about":[{"href":"https:\/\/www.federacaopaulistadefutsal.com.br\/novo\/wp-json\/wp\/v2\/types\/post"}],"author":[{"embeddable":true,"href":"https:\/\/www.federacaopaulistadefutsal.com.br\/novo\/wp-json\/wp\/v2\/users\/2"}],"replies":[{"embeddable":true,"href":"https:\/\/www.federacaopaulistadefutsal.com.br\/novo\/wp-json\/wp\/v2\/comments?post=32574"}],"version-history":[{"count":8,"href":"https:\/\/www.federacaopaulistadefutsal.com.br\/novo\/wp-json\/wp\/v2\/posts\/32574\/revisions"}],"predecessor-version":[{"id":32586,"href":"https:\/\/www.federacaopaulistadefutsal.com.br\/novo\/wp-json\/wp\/v2\/posts\/32574\/revisions\/32586"}],"wp:featuredmedia":[{"embeddable":true,"href":"https:\/\/www.federacaopaulistadefutsal.com.br\/novo\/wp-json\/wp\/v2\/media\/32577"}],"wp:attachment":[{"href":"https:\/\/www.federacaopaulistadefutsal.com.br\/novo\/wp-json\/wp\/v2\/media?parent=32574"}],"wp:term":[{"taxonomy":"category","embeddable":true,"href":"https:\/\/www.federacaopaulistadefutsal.com.br\/novo\/wp-json\/wp\/v2\/categories?post=32574"},{"taxonomy":"post_tag","embeddable":true,"href":"https:\/\/www.federacaopaulistadefutsal.com.br\/novo\/wp-json\/wp\/v2\/tags?post=32574"}],"curies":[{"name":"wp","href":"https:\/\/api.w.org\/{rel}","templated":true}]}}