{"id":32661,"date":"2020-07-29T17:09:21","date_gmt":"2020-07-29T17:09:21","guid":{"rendered":"http:\/\/www.federacaopaulistadefutsal.com.br\/novo\/?p=32661"},"modified":"2020-07-29T17:09:21","modified_gmt":"2020-07-29T17:09:21","slug":"cbfs-divulga-novo-periodo-de-transferencias-internacionais-de-atletas-para-retorno-ao-brasil","status":"publish","type":"post","link":"https:\/\/www.federacaopaulistadefutsal.com.br\/novo\/cbfs-divulga-novo-periodo-de-transferencias-internacionais-de-atletas-para-retorno-ao-brasil\/","title":{"rendered":"CBFS divulga novo per\u00edodo de transfer\u00eancias internacionais de atletas para retorno ao Brasil"},"content":{"rendered":"<p>De acordo com o departamento t\u00e9cnico da Confedera\u00e7\u00e3o Brasileira de Futsal (CBFS), conforme comunica\u00e7\u00e3o da Confedera\u00e7\u00e3o Brasileira de Futebol (CBF), o per\u00edodo da janela de transfer\u00eancias internacionais\u00a0 de retorno ao Brasil ocorrer\u00e1 entre os dias <strong>20 de julho 2020 \u00e0 10 de agosto de 2020<\/strong> e <strong>13 de outubro de 2020 \u00e0 09 de novembro de 2020<\/strong>.<\/p>\n<p>Atrav\u00e9s deste espa\u00e7o cedido pela Federa\u00e7\u00e3o Paulista de Futsal (FPFS), a CBFS solicita a todos os interessados que enviem os pedidos de transfer\u00eancias internacionais de atletas\u00a0<strong>(que desejam retornar ao pa\u00eds)<\/strong>\u00a0 para que, desta maneira, a Confedera\u00e7\u00e3o do esporte das quadras possa iniciar os processos de tais transi\u00e7\u00f5es.<\/p>\n","protected":false},"excerpt":{"rendered":"<p>De acordo com o departamento t\u00e9cnico da Confedera\u00e7\u00e3o Brasileira de Futsal (CBFS), conforme comunica\u00e7\u00e3o da Confedera\u00e7\u00e3o Brasileira de Futebol (CBF),<\/p>\n","protected":false},"author":2,"featured_media":32663,"comment_status":"open","ping_status":"open","sticky":false,"template":"","format":"standard","meta":{"footnotes":""},"categories":[2660,25,2662,28,2651],"tags":[2926,2700,563,42,1131,1151,2925],"class_list":["post-32661","post","type-post","status-publish","format-standard","has-post-thumbnail","hentry","category-home-destaque","category-destaques","category-homeparte3","category-fpfs-acontece","category-noticias","tag-brasil-futsal","tag-cbf","tag-cbfs","tag-fpfs","tag-futsal","tag-futsal-paulista","tag-janela-de-transferencia-internacional"],"_links":{"self":[{"href":"https:\/\/www.federacaopaulistadefutsal.com.br\/novo\/wp-json\/wp\/v2\/posts\/32661","targetHints":{"allow":["GET"]}}],"collection":[{"href":"https:\/\/www.federacaopaulistadefutsal.com.br\/novo\/wp-json\/wp\/v2\/posts"}],"about":[{"href":"https:\/\/www.federacaopaulistadefutsal.com.br\/novo\/wp-json\/wp\/v2\/types\/post"}],"author":[{"embeddable":true,"href":"https:\/\/www.federacaopaulistadefutsal.com.br\/novo\/wp-json\/wp\/v2\/users\/2"}],"replies":[{"embeddable":true,"href":"https:\/\/www.federacaopaulistadefutsal.com.br\/novo\/wp-json\/wp\/v2\/comments?post=32661"}],"version-history":[{"count":1,"href":"https:\/\/www.federacaopaulistadefutsal.com.br\/novo\/wp-json\/wp\/v2\/posts\/32661\/revisions"}],"predecessor-version":[{"id":32664,"href":"https:\/\/www.federacaopaulistadefutsal.com.br\/novo\/wp-json\/wp\/v2\/posts\/32661\/revisions\/32664"}],"wp:featuredmedia":[{"embeddable":true,"href":"https:\/\/www.federacaopaulistadefutsal.com.br\/novo\/wp-json\/wp\/v2\/media\/32663"}],"wp:attachment":[{"href":"https:\/\/www.federacaopaulistadefutsal.com.br\/novo\/wp-json\/wp\/v2\/media?parent=32661"}],"wp:term":[{"taxonomy":"category","embeddable":true,"href":"https:\/\/www.federacaopaulistadefutsal.com.br\/novo\/wp-json\/wp\/v2\/categories?post=32661"},{"taxonomy":"post_tag","embeddable":true,"href":"https:\/\/www.federacaopaulistadefutsal.com.br\/novo\/wp-json\/wp\/v2\/tags?post=32661"}],"curies":[{"name":"wp","href":"https:\/\/api.w.org\/{rel}","templated":true}]}}