{"id":32669,"date":"2020-08-11T22:33:04","date_gmt":"2020-08-11T22:33:04","guid":{"rendered":"http:\/\/www.federacaopaulistadefutsal.com.br\/novo\/?p=32669"},"modified":"2020-08-13T22:39:16","modified_gmt":"2020-08-13T22:39:16","slug":"reprise-classico-do-futsal-paulista-gm-x-sao-paulo-fc-final-do-campeonato-paulista-1998","status":"publish","type":"post","link":"https:\/\/www.federacaopaulistadefutsal.com.br\/novo\/reprise-classico-do-futsal-paulista-gm-x-sao-paulo-fc-final-do-campeonato-paulista-1998\/","title":{"rendered":"REPRISE: CL\u00c1SSICO DO FUTSAL PAULISTA GM X S\u00c3O PAULO FC &#8211; FINAL DO CAMPEONATO PAULISTA 1998"},"content":{"rendered":"<p>Em meio \u00e0 suspens\u00e3o das competi\u00e7\u00f5es por conta da pandemia do novo coronav\u00edrus, na noite desta quinta-feira (13) ser\u00e1 reeditada no canal da FPFS no Youtube (TV Futsal FPFS), a FINAL DO CAMPEONATO PAULISTA DE 1998 entre as equipes G.M. General Motors x S\u00e3o Paulo Futebol Clube. O jogo foi realizado no Gin\u00e1sio da Federa\u00e7\u00e3o e na ocasi\u00e3o transmitido ao vivo pela Band. Para matar a saudade das quadras!<\/p>\n<p>Com a casa do futsal paulista completamente lotada o cl\u00e1ssico contou com grandes nomes do da modalidade como Vander Iacovino, Schumacher, Leandro Simi, Paulinho Japon\u00eas e Falc\u00e3o que na \u00e9poca era novinho, tornou-se \u00edcone da modalidade sendo um dos maiores expoentes do futsal e quebrando v\u00e1rios recordes mundiais. Entre outros nomes que fizeram hist\u00f3ria est\u00e3o os treinadores Xepa (SPFC) e Ferreti (GM) treinadores que revelaram grandes estrelas do futsal e futebol mundial.<\/p>\n<p>Voc\u00ea f\u00e3 de futsal poder\u00e1 reviver esses momentos ic\u00f4nicos da competi\u00e7\u00e3o nesta quinta-feira, (21) a partir das 20h00, em nosso canal no Youtube TV FUTSAL FPFS:<\/p>\n<p>https:\/\/www.youtube.com\/channel\/UCWD3eCRHe3NRFzCghVuLTJA<\/p>\n","protected":false},"excerpt":{"rendered":"<p>Em meio \u00e0 suspens\u00e3o das competi\u00e7\u00f5es por conta da pandemia do novo coronav\u00edrus, na noite desta quinta-feira (13) ser\u00e1 reeditada<\/p>\n","protected":false},"author":2,"featured_media":32670,"comment_status":"open","ping_status":"open","sticky":false,"template":"","format":"standard","meta":{"footnotes":""},"categories":[2660,25,2651,1],"tags":[2882,2874,2878,2857,2877,2881,42,1131,2716,1857],"class_list":["post-32669","post","type-post","status-publish","format-standard","has-post-thumbnail","hentry","category-home-destaque","category-destaques","category-noticias","category-novidades","tag-aguaboa","tag-federacaopaulista","tag-futsala","tag-futsalmasculino","tag-futsalworld","tag-segasports","tag-fpfs","tag-futsal","tag-futsalpaulista","tag-penalty"],"_links":{"self":[{"href":"https:\/\/www.federacaopaulistadefutsal.com.br\/novo\/wp-json\/wp\/v2\/posts\/32669","targetHints":{"allow":["GET"]}}],"collection":[{"href":"https:\/\/www.federacaopaulistadefutsal.com.br\/novo\/wp-json\/wp\/v2\/posts"}],"about":[{"href":"https:\/\/www.federacaopaulistadefutsal.com.br\/novo\/wp-json\/wp\/v2\/types\/post"}],"author":[{"embeddable":true,"href":"https:\/\/www.federacaopaulistadefutsal.com.br\/novo\/wp-json\/wp\/v2\/users\/2"}],"replies":[{"embeddable":true,"href":"https:\/\/www.federacaopaulistadefutsal.com.br\/novo\/wp-json\/wp\/v2\/comments?post=32669"}],"version-history":[{"count":1,"href":"https:\/\/www.federacaopaulistadefutsal.com.br\/novo\/wp-json\/wp\/v2\/posts\/32669\/revisions"}],"predecessor-version":[{"id":32671,"href":"https:\/\/www.federacaopaulistadefutsal.com.br\/novo\/wp-json\/wp\/v2\/posts\/32669\/revisions\/32671"}],"wp:featuredmedia":[{"embeddable":true,"href":"https:\/\/www.federacaopaulistadefutsal.com.br\/novo\/wp-json\/wp\/v2\/media\/32670"}],"wp:attachment":[{"href":"https:\/\/www.federacaopaulistadefutsal.com.br\/novo\/wp-json\/wp\/v2\/media?parent=32669"}],"wp:term":[{"taxonomy":"category","embeddable":true,"href":"https:\/\/www.federacaopaulistadefutsal.com.br\/novo\/wp-json\/wp\/v2\/categories?post=32669"},{"taxonomy":"post_tag","embeddable":true,"href":"https:\/\/www.federacaopaulistadefutsal.com.br\/novo\/wp-json\/wp\/v2\/tags?post=32669"}],"curies":[{"name":"wp","href":"https:\/\/api.w.org\/{rel}","templated":true}]}}