{"id":32673,"date":"2020-08-13T23:50:54","date_gmt":"2020-08-13T23:50:54","guid":{"rendered":"http:\/\/www.federacaopaulistadefutsal.com.br\/novo\/?p=32673"},"modified":"2020-08-13T23:53:16","modified_gmt":"2020-08-13T23:53:16","slug":"nota-de-esclarecimento","status":"publish","type":"post","link":"https:\/\/www.federacaopaulistadefutsal.com.br\/novo\/nota-de-esclarecimento\/","title":{"rendered":"NOTA DE ESCLARECIMENTO"},"content":{"rendered":"<p>Diferentemente do que foi publicado na mat\u00e9ria do blog Olhar Ol\u00edmpico, no UOL, nesta quinta-feira, 13, com o t\u00edtulo <a href=\"https:\/\/www.uol.com.br\/esporte\/colunas\/olhar-olimpico\/2020\/08\/13\/basquete-volei-futsal-e-handebol-pedem-para-doria-pagar-testes-para-covid.htm?utm_source=chrome&amp;fbclid=IwAR2gnSOpE8swuvK7DcElGhPOWOKswXpmtqNj0fpcQAzlHXirdYsO3xztjrg\" target=\"_blank\" rel=\"noopener\">\u201c<em><strong>Basquete, v\u00f4lei, futsal e handebol pedem para Doria pagar testes para Covid<\/strong><\/em>\u201d<\/a>, a <a href=\"https:\/\/www.fpb.com.br\/\" target=\"_blank\" rel=\"noopener\">Federa\u00e7\u00e3o Paulista de Basketball<\/a>, a <a href=\"http:\/\/www.fpv.com.br\/fpv2018\/\" target=\"_blank\" rel=\"noopener\">Federa\u00e7\u00e3o Paulista de Volleyball<\/a>, a Federa\u00e7\u00e3o Paulista de Futsal e a <a href=\"https:\/\/fphand.com.br\/home\/\" target=\"_blank\" rel=\"noopener\">Federa\u00e7\u00e3o Paulista de Handebol<\/a> esclarecem que:<\/p>\n<h5>As entidades acima citadas se reuniram, exclusivamente, para solicitar ao Governo do Estado de S\u00e3o Paulo a libera\u00e7\u00e3o para que as equipes inscritas nas divis\u00f5es especiais dessas modalidades possam voltar a treinar e competir.<\/h5>\n<h5>Na ocasi\u00e3o, as federa\u00e7\u00f5es apresentaram \u00e0 Secretaria de Esportes e ao Centro de Conting\u00eancia do Governo do Estado um protocolo unificado visando a volta segura das competi\u00e7\u00f5es e aguardam o posicionamento dos \u00f3rg\u00e3os governamentais.<\/h5>\n<p><strong>A Presid\u00eancia<\/strong><\/p>\n","protected":false},"excerpt":{"rendered":"<p>Diferentemente do que foi publicado na mat\u00e9ria do blog Olhar Ol\u00edmpico, no UOL, nesta quinta-feira, 13, com o t\u00edtulo \u201cBasquete,<\/p>\n","protected":false},"author":2,"featured_media":32676,"comment_status":"open","ping_status":"open","sticky":false,"template":"","format":"standard","meta":{"footnotes":""},"categories":[2660,25,2662,2651],"tags":[2929,2930,42,2932,2931,1131,2928,2927],"class_list":["post-32673","post","type-post","status-publish","format-standard","has-post-thumbnail","hentry","category-home-destaque","category-destaques","category-homeparte3","category-noticias","tag-covid-19","tag-fpb","tag-fpfs","tag-fph","tag-fpv","tag-futsal","tag-nota-de-esclarecimento","tag-uol"],"_links":{"self":[{"href":"https:\/\/www.federacaopaulistadefutsal.com.br\/novo\/wp-json\/wp\/v2\/posts\/32673","targetHints":{"allow":["GET"]}}],"collection":[{"href":"https:\/\/www.federacaopaulistadefutsal.com.br\/novo\/wp-json\/wp\/v2\/posts"}],"about":[{"href":"https:\/\/www.federacaopaulistadefutsal.com.br\/novo\/wp-json\/wp\/v2\/types\/post"}],"author":[{"embeddable":true,"href":"https:\/\/www.federacaopaulistadefutsal.com.br\/novo\/wp-json\/wp\/v2\/users\/2"}],"replies":[{"embeddable":true,"href":"https:\/\/www.federacaopaulistadefutsal.com.br\/novo\/wp-json\/wp\/v2\/comments?post=32673"}],"version-history":[{"count":4,"href":"https:\/\/www.federacaopaulistadefutsal.com.br\/novo\/wp-json\/wp\/v2\/posts\/32673\/revisions"}],"predecessor-version":[{"id":32680,"href":"https:\/\/www.federacaopaulistadefutsal.com.br\/novo\/wp-json\/wp\/v2\/posts\/32673\/revisions\/32680"}],"wp:featuredmedia":[{"embeddable":true,"href":"https:\/\/www.federacaopaulistadefutsal.com.br\/novo\/wp-json\/wp\/v2\/media\/32676"}],"wp:attachment":[{"href":"https:\/\/www.federacaopaulistadefutsal.com.br\/novo\/wp-json\/wp\/v2\/media?parent=32673"}],"wp:term":[{"taxonomy":"category","embeddable":true,"href":"https:\/\/www.federacaopaulistadefutsal.com.br\/novo\/wp-json\/wp\/v2\/categories?post=32673"},{"taxonomy":"post_tag","embeddable":true,"href":"https:\/\/www.federacaopaulistadefutsal.com.br\/novo\/wp-json\/wp\/v2\/tags?post=32673"}],"curies":[{"name":"wp","href":"https:\/\/api.w.org\/{rel}","templated":true}]}}