{"id":32702,"date":"2020-08-19T18:42:09","date_gmt":"2020-08-19T18:42:09","guid":{"rendered":"http:\/\/www.federacaopaulistadefutsal.com.br\/novo\/?p=32702"},"modified":"2020-08-24T15:27:12","modified_gmt":"2020-08-24T15:27:12","slug":"protocolo-de-retorno-as-atividades-para-as-competicoes-da-federacao-paulista-de-futsal","status":"publish","type":"post","link":"https:\/\/www.federacaopaulistadefutsal.com.br\/novo\/protocolo-de-retorno-as-atividades-para-as-competicoes-da-federacao-paulista-de-futsal\/","title":{"rendered":"PROTOCOLO DE RETORNO AS ATIVIDADES PARA AS COMPETI\u00c7\u00d5ES DA FEDERA\u00c7\u00c3O PAULISTA DE FUTSAL"},"content":{"rendered":"<p>A Federa\u00e7\u00e3o Paulista de Futsal, conjuntamente com as Federa\u00e7\u00f5es de VolleyBall, Basketball, e Handebol,\u00a0 enviou no \u00faltimo dia 07\/agosto, solicita\u00e7\u00e3o \u00e0 Secretaria de Esportes da Cidade de S\u00e3o Paulo, referente a retomada das competi\u00e7\u00f5es promovidas pelas entidades.<\/p>\n<p>Hoje, 19\/agosto, obtivemos\u00a0 a autoriza\u00e7\u00e3o oficial para retomada das atividades atrav\u00e9s do oficio n.\u00ba169\/2020 Gab\/ Casa Civil \/AT, assinado pelo secret\u00e1rio chefe da Secretaria Municipal da Casa Civil, Ilmo. Sr. Orlando Lind\u00f3rio de Faria. As \u00fanicas entidades habilitadas para a retomada foram: Federa\u00e7\u00e3o Paulista de Futsal, Federa\u00e7\u00e3o Paulista de Basketball, Federa\u00e7\u00e3o Paulista de Handebol, Federa\u00e7\u00e3o Paulista de Volleyball, Federa\u00e7\u00e3o Paulista de T\u00eanis e Associa\u00e7\u00e3o das Arenas de Beach Tennis de S\u00e3o Paulo.<\/p>\n<p>O protocolo de orienta\u00e7\u00f5es e sugest\u00f5es protetivas de sa\u00fade no retorno das modalidades coletivas de quadra frente \u00e0 pandemia do Covid-19, estabelece diversas medidas que dever\u00e3o ser adotadas pelos clubes disputantes das competi\u00e7\u00f5es da FPFS.<\/p>\n<p><img decoding=\"async\" class=\"size-full wp-image-23309 alignleft\" src=\"http:\/\/www.federacaopaulistadefutsal.com.br\/novo\/wp-content\/uploads\/2018\/05\/pdf-icon-e1533655639557.png\" alt=\"\" width=\"60\" height=\"60\" \/><a href=\"http:\/\/www.federacaopaulistadefutsal.com.br\/novo\/wp-content\/uploads\/2018\/05\/PROTOCOLO-DE-SAUDE-FPFS-Atualizado-.pdf\">PROTOCOLO PARA RETOMADA DOS CAMPEONATOS DE FUTSAL &#8211; FPFS<\/a><a href=\"http:\/\/www.federacaopaulistadefutsal.com.br\/novo\/wp-content\/uploads\/2020\/08\/PROTOCOLO-DE-SAUDE-FPFS.pdf\"><br \/>\n<\/a><a href=\"http:\/\/www.federacaopaulistadefutsal.com.br\/novo\/wp-content\/uploads\/2020\/08\/022_2020-PROTOCOLO-PARA-RETOMADA-DAS-COMPETI\u00c7\u00d5ES-DA-FPFS.pdf\">022_2020 &#8211; PROTOCOLO PARA RETOMADA DAS COMPETI\u00c7\u00d5ES DA FPFS<\/a><br \/>\n<a href=\"http:\/\/www.federacaopaulistadefutsal.com.br\/novo\/wp-content\/uploads\/2020\/08\/AUTORIZA\u00c7\u00c3O-DE-RETOMADA-DAS-COMPETI\u00c7\u00d5ES-CASA-CIVIL-SP.pdf\">AUTORIZA\u00c7\u00c3O DE RETOMADA DAS COMPETI\u00c7\u00d5ES &#8211; CASA CIVIL SP<\/a><\/p>\n<p>Para confirmar a participa\u00e7\u00e3o nos campeonatos promovidos pela FPFS, as equipes dever\u00e3o preencher o\u00a0<strong>Termo de Responsabilidade para Clubes\u00a0<\/strong>constante do PROTOCOLO DE RETORNO AS ATIVIDADES PARA AS COMPETI\u00c7\u00d5ES DA FEDERA\u00c7\u00c3O PAULISTA DE FUTSAL.<\/p>\n<p>As\u00a0equipes ter\u00e3o um per\u00edodo para \u00a0prepara\u00e7\u00e3o e ado\u00e7\u00e3o das provid\u00eancias necess\u00e1rias para atendimento das obriga\u00e7\u00f5es apontadas no Protocolo.\u00a0 As\u00a0 competi\u00e7\u00f5es est\u00e3o previstas para serem iniciadas no m\u00eas de Setembro\/20.<\/p>\n","protected":false},"excerpt":{"rendered":"<p>A Federa\u00e7\u00e3o Paulista de Futsal, conjuntamente com as Federa\u00e7\u00f5es de VolleyBall, Basketball, e Handebol,\u00a0 enviou no \u00faltimo dia 07\/agosto, solicita\u00e7\u00e3o<\/p>\n","protected":false},"author":2,"featured_media":32706,"comment_status":"open","ping_status":"open","sticky":false,"template":"","format":"standard","meta":{"footnotes":""},"categories":[2660,25,2662,2651,1],"tags":[1037,2930,42,2932,2935,2931,1131,2934],"class_list":["post-32702","post","type-post","status-publish","format-standard","has-post-thumbnail","hentry","category-home-destaque","category-destaques","category-homeparte3","category-noticias","category-novidades","tag-federacao-paulista-de-futsal","tag-fpb","tag-fpfs","tag-fph","tag-fpt","tag-fpv","tag-futsal","tag-retomada"],"_links":{"self":[{"href":"https:\/\/www.federacaopaulistadefutsal.com.br\/novo\/wp-json\/wp\/v2\/posts\/32702","targetHints":{"allow":["GET"]}}],"collection":[{"href":"https:\/\/www.federacaopaulistadefutsal.com.br\/novo\/wp-json\/wp\/v2\/posts"}],"about":[{"href":"https:\/\/www.federacaopaulistadefutsal.com.br\/novo\/wp-json\/wp\/v2\/types\/post"}],"author":[{"embeddable":true,"href":"https:\/\/www.federacaopaulistadefutsal.com.br\/novo\/wp-json\/wp\/v2\/users\/2"}],"replies":[{"embeddable":true,"href":"https:\/\/www.federacaopaulistadefutsal.com.br\/novo\/wp-json\/wp\/v2\/comments?post=32702"}],"version-history":[{"count":10,"href":"https:\/\/www.federacaopaulistadefutsal.com.br\/novo\/wp-json\/wp\/v2\/posts\/32702\/revisions"}],"predecessor-version":[{"id":32764,"href":"https:\/\/www.federacaopaulistadefutsal.com.br\/novo\/wp-json\/wp\/v2\/posts\/32702\/revisions\/32764"}],"wp:featuredmedia":[{"embeddable":true,"href":"https:\/\/www.federacaopaulistadefutsal.com.br\/novo\/wp-json\/wp\/v2\/media\/32706"}],"wp:attachment":[{"href":"https:\/\/www.federacaopaulistadefutsal.com.br\/novo\/wp-json\/wp\/v2\/media?parent=32702"}],"wp:term":[{"taxonomy":"category","embeddable":true,"href":"https:\/\/www.federacaopaulistadefutsal.com.br\/novo\/wp-json\/wp\/v2\/categories?post=32702"},{"taxonomy":"post_tag","embeddable":true,"href":"https:\/\/www.federacaopaulistadefutsal.com.br\/novo\/wp-json\/wp\/v2\/tags?post=32702"}],"curies":[{"name":"wp","href":"https:\/\/api.w.org\/{rel}","templated":true}]}}