{"id":32731,"date":"2020-08-21T16:20:39","date_gmt":"2020-08-21T16:20:39","guid":{"rendered":"http:\/\/www.federacaopaulistadefutsal.com.br\/novo\/?p=32731"},"modified":"2020-08-21T16:20:39","modified_gmt":"2020-08-21T16:20:39","slug":"lnf-inicia-com-novidades-expectativas-e-apostando-no-tradicional-equilibrio","status":"publish","type":"post","link":"https:\/\/www.federacaopaulistadefutsal.com.br\/novo\/lnf-inicia-com-novidades-expectativas-e-apostando-no-tradicional-equilibrio\/","title":{"rendered":"LNF inicia com novidades, expectativas e apostando no tradicional equil\u00edbrio"},"content":{"rendered":"<p>A espera acabou. Era para ser mar\u00e7o, m\u00eas em que o Brasil e o mundo se viram at\u00f4nitos e amedrontados diante de um inimigo invis\u00edvel. O coronav\u00edrus mudou a vida de todos, n\u00e3o somente no esporte. O novo normal est\u00e1 longe de ser definitivo, mas ir\u00e1 possibilitar a volta da Liga Nacional de Futsal. A competi\u00e7\u00e3o completa 25 anos e seria por si s\u00f3 especial, mas dadas as circunst\u00e2ncias diante da pandemia, alterou-se boa parte do que estava planejado. Amanh\u00e3 come\u00e7am as emo\u00e7\u00f5es da LNF2020, com o atual campe\u00e3o em quadra, o Pato, enfrentando outro clube paranaense, o Campo Mour\u00e3o. A partida ser\u00e1 transmitida na LNFTV. E no domingo, o Atl\u00e2ntico encara o Marreco, com transmiss\u00e3o ao vivo da TV Brasil.<\/p>\n<p><strong>Expectativa para a LNF:<\/strong>\u00a0\u201cA expectativa \u00e9 boa pelo equil\u00edbrio que ser\u00e1. As equipes v\u00e3o se enfrentar em casa e fora, o que n\u00e3o acontecia antes. Vai ser competitivo e vamos repetir a mesma ideia na segunda fase.\u201d<\/p>\n<p><strong>Grupos regionalizados:<\/strong>\u00a0\u201cClaro tem a ver com a pandemia e deslocamentos: Foi a alternativa que escolhemos em fun\u00e7\u00e3o do curto espa\u00e7o de tempo. \u00c9 um momento inusitado com essa pandemia, mas respeitamos a quest\u00e3o t\u00e9cnica que at\u00e9 fica favorecida. Em rela\u00e7\u00e3o \u00e0 forma antiga, no meu entendimento, fica at\u00e9 mais justa. E, claro que foi pensado nos menores deslocamentos em fun\u00e7\u00e3o da pandemia.\u201d<\/p>\n<p><strong>Rea\u00e7\u00e3o dos clubes diante da f\u00f3rmula de disputa:<\/strong>\u00a0\u201cFoi unanimidade o voto pelos clubes sobre a ideia de fazermos a divis\u00e3o em grupos. Isso facilita o nosso trabalho e o entendimento com eles.\u201d<\/p>\n<p><strong>TV em todos os jogos:<\/strong>\u00a0\u201cIsso \u00e9 indiscut\u00edvel. Teremos um ganho de imagem substancial. Boa parte da popula\u00e7\u00e3o brasileira est\u00e1 em casa e o pessoal vai poder assistir em hor\u00e1rios que vamos tentar colocar para n\u00e3o concorrer com o futebol de campo. A visibilidade ser\u00e1 maior que o ano passado, com 100% dos jogos transmitidos. O apaixonado por futsal vai poder assistir n\u00e3o somente o jogo do seu time do cora\u00e7\u00e3o, mas todas as partidas. \u00c9 um presente que estamos oferecendo ao torcedor nesse momento. Com todas as dificuldades dentro desse cen\u00e1rio at\u00edpico, entregar a competi\u00e7\u00e3o dessa maneira ser\u00e1 um gola\u00e7o. Assim esperamos terminar o ano muito melhor do que imaginamos no in\u00edcio da pandemia.\u201d<\/p>\n<p><strong>F\u00f3rmula nova de disputa:<\/strong>\u00a0Em virtude da pandemia do coronav\u00edrus, a alternativa, discutida em Assembleia da LNF, foi alterar a f\u00f3rmula habitual de disputa \u2013 todos contra todos seguido de eliminat\u00f3rias \u2013 para uma divis\u00e3o em tr\u00eas chaves, conservando o sistema de classifica\u00e7\u00e3o para os playoffs com os cinco melhores de cada grupo, mais um sexto de melhor campanha. O campe\u00e3o ser\u00e1 conhecido no final da temporada.<\/p>\n<p><strong>Informa\u00e7\u00f5es sobre a LNF 2020<\/strong><\/p>\n<p>Data de in\u00edcio: 22\/08<\/p>\n<p><em>Grupo A:<\/em>\u00a0Bras\u00edlia, <strong>Corinthians<\/strong>, <strong>Intelli Tempersul<\/strong>, <strong>Magnus<\/strong>, Minas, Praia Clube e <strong>S\u00e3o Jos\u00e9<\/strong><br \/>\n<em>Grupo B:<\/em>\u00a0ACBF, Atl\u00e2ntico, Blumenau, Cascavel, Foz, Joinville e Marreco<br \/>\n<em>Grupo C:<\/em>\u00a0Assoeva, Campo Mour\u00e3o, Jaragu\u00e1, Joa\u00e7aba, Pato, Tubar\u00e3o e Umuarama<\/p>\n<p>&nbsp;<\/p>\n<p><strong>Chaveamento dos Playoffs<\/strong><\/p>\n<p>GRUPO A: 1\u00ba do Grupo 1 x melhor 6\u00ba colocado<br \/>\nGRUPO B: 1\u00ba do Grupo 2 x 5\u00ba do Grupo 3<br \/>\nGRUPO C: 1\u00ba do Grupo 3 x 5\u00ba do Grupo 1<br \/>\nGRUPO D: 2\u00ba do Grupo 1 x 5\u00ba do Grupo 2<br \/>\nGRUPO E: 2\u00ba do grupo 2 x 4\u00ba do Grupo 3<br \/>\nGRUPO F: 3\u00ba do Grupo 1 x 3\u00ba do Grupo 3<br \/>\nGRUPO G: 2\u00ba do Grupo 3 x 4\u00ba do Grupo 2<br \/>\nGRUPO H: 3\u00ba do Grupo 2 x 4\u00ba do Grupo 1<\/p>\n<p>&nbsp;<\/p>\n<p><strong>Principais medidas do Protocolo de Jogo<\/strong><\/p>\n<p><strong><em>Distanciamento Social:<\/em><\/strong>\u00a0Atletas e membros da comiss\u00e3o t\u00e9cnica, caso poss\u00edvel, devem permanecer isolados em CT ou hot\u00e9is.<\/p>\n<p><strong><em>Medidas de Higieniza\u00e7\u00e3o:<\/em>\u00a0<\/strong>Todos os ambientes utilizados devem estar bem ventilados e devem ter seu layout modificado para garantir o distanciamento entre as pessoas.<\/p>\n<p><em>Ajustes e Sanitiza\u00e7\u00e3o dos Ambientes:<\/em>\u00a0Constante atualiza\u00e7\u00e3o das informa\u00e7\u00f5es preventivas e status da COVID-19 em cada clube.<\/p>\n<p><em><strong>Utiliza\u00e7\u00e3o de EPIS<\/strong>:<\/em>\u00a0\u00c9 obrigat\u00f3rio o uso de m\u00e1scaras faciais por todos os envolvidos durante todo o per\u00edodo de conviv\u00eancia. Exce\u00e7\u00e3o feita aos que est\u00e3o praticando exerc\u00edcio em alta intensidade.<\/p>\n<p><strong><em>Controle e Monitoramento:<\/em><\/strong>\u00a0Realiza\u00e7\u00e3o de testes conforme necessidade. Monitoriza\u00e7\u00e3o de sintomas e temperatura dos envolvidos. Fiscaliza\u00e7\u00e3o do cumprimento das a\u00e7\u00f5es preventivas. Monitoramento dos casos de COVID-19 pelos clubes com comunica\u00e7\u00e3o imediata e obrigat\u00f3ria \u00e0 LNF.<\/p>\n","protected":false},"excerpt":{"rendered":"<p>A espera acabou. Era para ser mar\u00e7o, m\u00eas em que o Brasil e o mundo se viram at\u00f4nitos e amedrontados<\/p>\n","protected":false},"author":2,"featured_media":32732,"comment_status":"open","ping_status":"open","sticky":false,"template":"","format":"standard","meta":{"footnotes":""},"categories":[2660,25,2662,32,2651],"tags":[735,42,1131,1141,1151,2904,2938,1546,2939,2201],"class_list":["post-32731","post","type-post","status-publish","format-standard","has-post-thumbnail","hentry","category-home-destaque","category-destaques","category-homeparte3","category-maiores","category-noticias","tag-corinthians-futsal","tag-fpfs","tag-futsal","tag-futsal-interior","tag-futsal-paulista","tag-futsal-world","tag-intelli-tempersul","tag-lnf","tag-magunus-futsal","tag-sao-jose-futsal"],"_links":{"self":[{"href":"https:\/\/www.federacaopaulistadefutsal.com.br\/novo\/wp-json\/wp\/v2\/posts\/32731","targetHints":{"allow":["GET"]}}],"collection":[{"href":"https:\/\/www.federacaopaulistadefutsal.com.br\/novo\/wp-json\/wp\/v2\/posts"}],"about":[{"href":"https:\/\/www.federacaopaulistadefutsal.com.br\/novo\/wp-json\/wp\/v2\/types\/post"}],"author":[{"embeddable":true,"href":"https:\/\/www.federacaopaulistadefutsal.com.br\/novo\/wp-json\/wp\/v2\/users\/2"}],"replies":[{"embeddable":true,"href":"https:\/\/www.federacaopaulistadefutsal.com.br\/novo\/wp-json\/wp\/v2\/comments?post=32731"}],"version-history":[{"count":1,"href":"https:\/\/www.federacaopaulistadefutsal.com.br\/novo\/wp-json\/wp\/v2\/posts\/32731\/revisions"}],"predecessor-version":[{"id":32733,"href":"https:\/\/www.federacaopaulistadefutsal.com.br\/novo\/wp-json\/wp\/v2\/posts\/32731\/revisions\/32733"}],"wp:featuredmedia":[{"embeddable":true,"href":"https:\/\/www.federacaopaulistadefutsal.com.br\/novo\/wp-json\/wp\/v2\/media\/32732"}],"wp:attachment":[{"href":"https:\/\/www.federacaopaulistadefutsal.com.br\/novo\/wp-json\/wp\/v2\/media?parent=32731"}],"wp:term":[{"taxonomy":"category","embeddable":true,"href":"https:\/\/www.federacaopaulistadefutsal.com.br\/novo\/wp-json\/wp\/v2\/categories?post=32731"},{"taxonomy":"post_tag","embeddable":true,"href":"https:\/\/www.federacaopaulistadefutsal.com.br\/novo\/wp-json\/wp\/v2\/tags?post=32731"}],"curies":[{"name":"wp","href":"https:\/\/api.w.org\/{rel}","templated":true}]}}