{"id":32753,"date":"2020-08-21T20:44:21","date_gmt":"2020-08-21T20:44:21","guid":{"rendered":"http:\/\/www.federacaopaulistadefutsal.com.br\/novo\/?p=32753"},"modified":"2020-08-21T20:44:21","modified_gmt":"2020-08-21T20:44:21","slug":"prazo-para-inscricoes-de-clubes-e-prorrogado-confira-o-comunicado-oficial","status":"publish","type":"post","link":"https:\/\/www.federacaopaulistadefutsal.com.br\/novo\/prazo-para-inscricoes-de-clubes-e-prorrogado-confira-o-comunicado-oficial\/","title":{"rendered":"PRAZO PARA INSCRI\u00c7\u00d5ES DE CLUBES \u00c9  PRORROGADO &#8211; CONFIRA O COMUNICADO OFICIAL"},"content":{"rendered":"<p><img fetchpriority=\"high\" decoding=\"async\" class=\"aligncenter size-full wp-image-32754\" src=\"http:\/\/www.federacaopaulistadefutsal.com.br\/novo\/wp-content\/uploads\/2020\/08\/co-023_2020-PRORROGA\u00c7\u00c3O-DE-PRAZO-PARA-MANIFESTA\u00c7\u00c3O-DE-INTERESSE-FPFS_page-0001.jpg\" alt=\"\" width=\"1241\" height=\"1754\" srcset=\"https:\/\/www.federacaopaulistadefutsal.com.br\/novo\/wp-content\/uploads\/2020\/08\/co-023_2020-PRORROGA\u00c7\u00c3O-DE-PRAZO-PARA-MANIFESTA\u00c7\u00c3O-DE-INTERESSE-FPFS_page-0001.jpg 1241w, https:\/\/www.federacaopaulistadefutsal.com.br\/novo\/wp-content\/uploads\/2020\/08\/co-023_2020-PRORROGA\u00c7\u00c3O-DE-PRAZO-PARA-MANIFESTA\u00c7\u00c3O-DE-INTERESSE-FPFS_page-0001-212x300.jpg 212w, https:\/\/www.federacaopaulistadefutsal.com.br\/novo\/wp-content\/uploads\/2020\/08\/co-023_2020-PRORROGA\u00c7\u00c3O-DE-PRAZO-PARA-MANIFESTA\u00c7\u00c3O-DE-INTERESSE-FPFS_page-0001-768x1085.jpg 768w, https:\/\/www.federacaopaulistadefutsal.com.br\/novo\/wp-content\/uploads\/2020\/08\/co-023_2020-PRORROGA\u00c7\u00c3O-DE-PRAZO-PARA-MANIFESTA\u00c7\u00c3O-DE-INTERESSE-FPFS_page-0001-725x1024.jpg 725w\" sizes=\"(max-width: 1241px) 100vw, 1241px\" \/><\/p>\n<p><img decoding=\"async\" class=\"aligncenter size-full wp-image-32755\" src=\"http:\/\/www.federacaopaulistadefutsal.com.br\/novo\/wp-content\/uploads\/2020\/08\/co-023_2020-PRORROGA\u00c7\u00c3O-DE-PRAZO-PARA-MANIFESTA\u00c7\u00c3O-DE-INTERESSE-FPFS_page-0002.jpg\" alt=\"\" width=\"1241\" height=\"1754\" srcset=\"https:\/\/www.federacaopaulistadefutsal.com.br\/novo\/wp-content\/uploads\/2020\/08\/co-023_2020-PRORROGA\u00c7\u00c3O-DE-PRAZO-PARA-MANIFESTA\u00c7\u00c3O-DE-INTERESSE-FPFS_page-0002.jpg 1241w, https:\/\/www.federacaopaulistadefutsal.com.br\/novo\/wp-content\/uploads\/2020\/08\/co-023_2020-PRORROGA\u00c7\u00c3O-DE-PRAZO-PARA-MANIFESTA\u00c7\u00c3O-DE-INTERESSE-FPFS_page-0002-212x300.jpg 212w, https:\/\/www.federacaopaulistadefutsal.com.br\/novo\/wp-content\/uploads\/2020\/08\/co-023_2020-PRORROGA\u00c7\u00c3O-DE-PRAZO-PARA-MANIFESTA\u00c7\u00c3O-DE-INTERESSE-FPFS_page-0002-768x1085.jpg 768w, https:\/\/www.federacaopaulistadefutsal.com.br\/novo\/wp-content\/uploads\/2020\/08\/co-023_2020-PRORROGA\u00c7\u00c3O-DE-PRAZO-PARA-MANIFESTA\u00c7\u00c3O-DE-INTERESSE-FPFS_page-0002-725x1024.jpg 725w\" sizes=\"(max-width: 1241px) 100vw, 1241px\" \/><\/p>\n","protected":false},"excerpt":{"rendered":"","protected":false},"author":2,"featured_media":32758,"comment_status":"open","ping_status":"open","sticky":false,"template":"","format":"standard","meta":{"footnotes":""},"categories":[2660,25,2662,8,17,28,29,33,2651],"tags":[42,1131,1151,1316,2940],"class_list":["post-32753","post","type-post","status-publish","format-standard","has-post-thumbnail","hentry","category-home-destaque","category-destaques","category-homeparte3","category-estadual-base-a1","category-estadual-base-a2","category-fpfs-acontece","category-interior","category-menores","category-noticias","tag-fpfs","tag-futsal","tag-futsal-paulista","tag-inscricoes","tag-prorrogado"],"_links":{"self":[{"href":"https:\/\/www.federacaopaulistadefutsal.com.br\/novo\/wp-json\/wp\/v2\/posts\/32753","targetHints":{"allow":["GET"]}}],"collection":[{"href":"https:\/\/www.federacaopaulistadefutsal.com.br\/novo\/wp-json\/wp\/v2\/posts"}],"about":[{"href":"https:\/\/www.federacaopaulistadefutsal.com.br\/novo\/wp-json\/wp\/v2\/types\/post"}],"author":[{"embeddable":true,"href":"https:\/\/www.federacaopaulistadefutsal.com.br\/novo\/wp-json\/wp\/v2\/users\/2"}],"replies":[{"embeddable":true,"href":"https:\/\/www.federacaopaulistadefutsal.com.br\/novo\/wp-json\/wp\/v2\/comments?post=32753"}],"version-history":[{"count":2,"href":"https:\/\/www.federacaopaulistadefutsal.com.br\/novo\/wp-json\/wp\/v2\/posts\/32753\/revisions"}],"predecessor-version":[{"id":32759,"href":"https:\/\/www.federacaopaulistadefutsal.com.br\/novo\/wp-json\/wp\/v2\/posts\/32753\/revisions\/32759"}],"wp:featuredmedia":[{"embeddable":true,"href":"https:\/\/www.federacaopaulistadefutsal.com.br\/novo\/wp-json\/wp\/v2\/media\/32758"}],"wp:attachment":[{"href":"https:\/\/www.federacaopaulistadefutsal.com.br\/novo\/wp-json\/wp\/v2\/media?parent=32753"}],"wp:term":[{"taxonomy":"category","embeddable":true,"href":"https:\/\/www.federacaopaulistadefutsal.com.br\/novo\/wp-json\/wp\/v2\/categories?post=32753"},{"taxonomy":"post_tag","embeddable":true,"href":"https:\/\/www.federacaopaulistadefutsal.com.br\/novo\/wp-json\/wp\/v2\/tags?post=32753"}],"curies":[{"name":"wp","href":"https:\/\/api.w.org\/{rel}","templated":true}]}}