{"id":32789,"date":"2020-08-26T20:04:53","date_gmt":"2020-08-26T20:04:53","guid":{"rendered":"http:\/\/www.federacaopaulistadefutsal.com.br\/novo\/?p=32789"},"modified":"2020-08-26T20:08:46","modified_gmt":"2020-08-26T20:08:46","slug":"supercopa-feminina-de-futsal-partida-decisiva-do-torneio-ja-tem-data-definida","status":"publish","type":"post","link":"https:\/\/www.federacaopaulistadefutsal.com.br\/novo\/supercopa-feminina-de-futsal-partida-decisiva-do-torneio-ja-tem-data-definida\/","title":{"rendered":"SUPERCOPA FEMININA DE FUTSAL: PARTIDA DECISIVA DO TORNEIO J\u00c1 TEM DATA DEFINIDA"},"content":{"rendered":"<p>Ontem, 25\/08, foi confirmado pela Confedera\u00e7\u00e3o Brasileira de Futsal &#8211; CBFS, a data da segunda partida que define a campe\u00e3 da Supercopa Feminina de Futsal 2020.<\/p>\n<figure style=\"width: 740px\" class=\"wp-caption aligncenter\"><img fetchpriority=\"high\" decoding=\"async\" src=\"https:\/\/static.wixstatic.com\/media\/6d94a1_f410fd316c294643b8ae1b5148fa9fd7~mv2.jpg\/v1\/fill\/w_740,h_493,al_c,q_90,usm_0.66_1.00_0.01\/6d94a1_f410fd316c294643b8ae1b5148fa9fd7~mv2.webp\" alt=\"\" width=\"740\" height=\"493\" \/><figcaption class=\"wp-caption-text\">Foto: Yuri Gomes CBFS<\/figcaption><\/figure>\n<p>As equipes Instituto Lince (SP) e A. Leoas da Serra (SC), que j\u00e1 efetuaram a primeira partida da final que ocorreu no dia 14\/03, antes do in\u00edcio da Pandemia do novo Coronav\u00edrus &#8211; COVID19, onde a equipe Leoas da Serra levaram a vit\u00f3ria jogando aqui na capital paulista por 2 a 1, e que ir\u00e3o disputar a partida decisiva no domingo, dia 25 de Outubro em Lages, SC.<\/p>\n<p>A decis\u00e3o acontecer\u00e1 na cidade de Lages \u2013 SC, com transmiss\u00e3o Sportv, no dia 25\/10 \u00e0s 13h15min.<\/p>\n<p>Primeiro jogo:<br \/>\n<iframe src=\"https:\/\/www.youtube.com\/embed\/_euwmmDoHqA?start=1096\" width=\"660\" height=\"415\" frameborder=\"0\" allowfullscreen=\"allowfullscreen\"><\/iframe><\/p>\n","protected":false},"excerpt":{"rendered":"<p>Ontem, 25\/08, foi confirmado pela Confedera\u00e7\u00e3o Brasileira de Futsal &#8211; CBFS, a data da segunda partida que define a campe\u00e3<\/p>\n","protected":false},"author":2,"featured_media":32790,"comment_status":"open","ping_status":"open","sticky":false,"template":"","format":"standard","meta":{"footnotes":""},"categories":[2660,25,2662,26,2651],"tags":[563,42,1131,1138,1151,2944,2943],"class_list":["post-32789","post","type-post","status-publish","format-standard","has-post-thumbnail","hentry","category-home-destaque","category-destaques","category-homeparte3","category-feminino","category-noticias","tag-cbfs","tag-fpfs","tag-futsal","tag-futsal-feminino","tag-futsal-paulista","tag-leoas-da-serra","tag-taboao-futsal"],"_links":{"self":[{"href":"https:\/\/www.federacaopaulistadefutsal.com.br\/novo\/wp-json\/wp\/v2\/posts\/32789","targetHints":{"allow":["GET"]}}],"collection":[{"href":"https:\/\/www.federacaopaulistadefutsal.com.br\/novo\/wp-json\/wp\/v2\/posts"}],"about":[{"href":"https:\/\/www.federacaopaulistadefutsal.com.br\/novo\/wp-json\/wp\/v2\/types\/post"}],"author":[{"embeddable":true,"href":"https:\/\/www.federacaopaulistadefutsal.com.br\/novo\/wp-json\/wp\/v2\/users\/2"}],"replies":[{"embeddable":true,"href":"https:\/\/www.federacaopaulistadefutsal.com.br\/novo\/wp-json\/wp\/v2\/comments?post=32789"}],"version-history":[{"count":3,"href":"https:\/\/www.federacaopaulistadefutsal.com.br\/novo\/wp-json\/wp\/v2\/posts\/32789\/revisions"}],"predecessor-version":[{"id":32793,"href":"https:\/\/www.federacaopaulistadefutsal.com.br\/novo\/wp-json\/wp\/v2\/posts\/32789\/revisions\/32793"}],"wp:featuredmedia":[{"embeddable":true,"href":"https:\/\/www.federacaopaulistadefutsal.com.br\/novo\/wp-json\/wp\/v2\/media\/32790"}],"wp:attachment":[{"href":"https:\/\/www.federacaopaulistadefutsal.com.br\/novo\/wp-json\/wp\/v2\/media?parent=32789"}],"wp:term":[{"taxonomy":"category","embeddable":true,"href":"https:\/\/www.federacaopaulistadefutsal.com.br\/novo\/wp-json\/wp\/v2\/categories?post=32789"},{"taxonomy":"post_tag","embeddable":true,"href":"https:\/\/www.federacaopaulistadefutsal.com.br\/novo\/wp-json\/wp\/v2\/tags?post=32789"}],"curies":[{"name":"wp","href":"https:\/\/api.w.org\/{rel}","templated":true}]}}