{"id":32794,"date":"2020-08-27T19:13:45","date_gmt":"2020-08-27T19:13:45","guid":{"rendered":"http:\/\/www.federacaopaulistadefutsal.com.br\/novo\/?p=32794"},"modified":"2020-08-27T19:13:45","modified_gmt":"2020-08-27T19:13:45","slug":"cruzamento-e-nova-formula-de-disputa-da-copa-do-brasil-de-futsal","status":"publish","type":"post","link":"https:\/\/www.federacaopaulistadefutsal.com.br\/novo\/cruzamento-e-nova-formula-de-disputa-da-copa-do-brasil-de-futsal\/","title":{"rendered":"Cruzamento e nova f\u00f3rmula de disputa da Copa do Brasil de Futsal"},"content":{"rendered":"<p id=\"viewer-foo\" class=\"XzvDs _208Ie tFDi5 blog-post-text-font blog-post-text-color _2QAo- _1iXso _7G6-i tFDi5 public-DraftStyleDefault-block-depth0 public-DraftStyleDefault-text-ltr\">A CBFS comunicou as Federa\u00e7\u00f5es, nesta \u00faltima ter\u00e7a-feira, algumas altera\u00e7\u00f5es na Copa do Brasil de Futsal Masculina 2020.<\/p>\n<p id=\"viewer-ft89a\" class=\"XzvDs _208Ie tFDi5 blog-post-text-font blog-post-text-color _2QAo- _1iXso _7G6-i tFDi5 public-DraftStyleDefault-block-depth0 public-DraftStyleDefault-text-ltr\">Programada para iniciar no m\u00eas de maio do ano corrente foi impossibilitada devido a pandemia do Covid-19, fator este que influenciou nas desist\u00eancias das equipes Joinville E. C. (SC), S. C. Corinthians Paulista (SP), Katrina Futsal (TO) e Paulo Afonso Futsal (BA).<\/p>\n<p class=\"XzvDs _208Ie tFDi5 blog-post-text-font blog-post-text-color _2QAo- _1iXso _7G6-i tFDi5 public-DraftStyleDefault-block-depth0 public-DraftStyleDefault-text-ltr\">Em raz\u00e3o das desist\u00eancias houve necessidade de redistribuir alguns grupos primando pela log\u00edstica e maior seguran\u00e7a dos membros das equipes envolvidas (Grupos alterados s\u00e3o o E, G e H).<br \/>\nComp\u00f5em a competi\u00e7\u00e3o, seguindo os crit\u00e9rios do Regulamento:<\/p>\n<p id=\"viewer-9vg8l\" class=\"XzvDs _208Ie tFDi5 blog-post-text-font blog-post-text-color _2QAo- _1iXso _7G6-i tFDi5 public-DraftStyleDefault-block-depth0 public-DraftStyleDefault-text-ltr\">\u2022 A. E. Shouse \u2013 PA (vice-campe\u00e3o da Copa Norte \u2013 Edi\u00e7\u00e3o 2019)<br \/>\n\u2022 S. E. Tubar\u00e3o (equipe imediatamente colocada na Copa do Brasil \u2013 Edi\u00e7\u00e3o 2019)<\/p>\n<p id=\"viewer-9cqf\" class=\"XzvDs _208Ie tFDi5 blog-post-text-font blog-post-text-color _2QAo- _1iXso _7G6-i tFDi5 public-DraftStyleDefault-block-depth0 public-DraftStyleDefault-text-ltr\">Totalizando 16 equipes participantes, a competi\u00e7\u00e3o ser\u00e1 disputada em 04 fases:<\/p>\n<p id=\"viewer-c5akj\" class=\"XzvDs _208Ie tFDi5 blog-post-text-font blog-post-text-color _2QAo- _1iXso _7G6-i tFDi5 public-DraftStyleDefault-block-depth0 public-DraftStyleDefault-text-ltr\">\u2022 1\u00aa FASE \u2013 Ida (17\/10) \u2013 Volta (28\/10)<br \/>\n\u2022 2\u00aa FASE \u2013 Ida (07\/11) \u2013 Volta (18\/11)<br \/>\n\u2022 3\u00aa FASE \u2013 Ida (21\/11) \u2013 Volta (02\/12)<br \/>\n\u2022 4\u00aa FASE \u2013 Ida (09\/12) \u2013 Volta 16\/12<\/p>\n<p id=\"viewer-d2h2k\" class=\"XzvDs _208Ie tFDi5 blog-post-text-font blog-post-text-color _2QAo- _1iXso _7G6-i tFDi5 public-DraftStyleDefault-block-depth0 public-DraftStyleDefault-text-ltr\">A CBFS flexibilizar\u00e1, em decorr\u00eancia dos calend\u00e1rios extensos a serem cumpridos pelas equipes participantes, as datas das partidas at\u00e9 a 3\u00aa Fase, desde que os jogos de ida e volta da fase sejam realizados at\u00e9 a data determinada do jogo de volta, confira abaixo a forma\u00e7\u00e3o dos grupos:<\/p>\n<p id=\"viewer-dfe29\" class=\"XzvDs _208Ie tFDi5 blog-post-text-font blog-post-text-color _2QAo- _1iXso _7G6-i tFDi5 public-DraftStyleDefault-block-depth0 public-DraftStyleDefault-text-ltr\"><strong>Grupo A<br \/>\n<\/strong>Dois Vizinhos (PR) x Assoeva (PR)<\/p>\n<h3 id=\"viewer-6fekd\" class=\"XzvDs _208Ie tFDi5 blog-post-text-font blog-post-text-color _2QAo- _1iXso _7G6-i tFDi5 public-DraftStyleDefault-block-depth0 public-DraftStyleDefault-text-ltr\"><span style=\"color: #ff0000;\"><strong>Grupo B<br \/>\n<\/strong>Real Madruga (SP) x Pato (PR)<\/span><\/h3>\n<p id=\"viewer-6rnbb\" class=\"XzvDs _208Ie tFDi5 blog-post-text-font blog-post-text-color _2QAo- _1iXso _7G6-i tFDi5 public-DraftStyleDefault-block-depth0 public-DraftStyleDefault-text-ltr\"><strong>Grupo C<br \/>\n<\/strong>Sorriso de Futsal (MT) x PFOS Futsal (MT)<\/p>\n<p id=\"viewer-9vh7n\" class=\"XzvDs _208Ie tFDi5 blog-post-text-font blog-post-text-color _2QAo- _25MYV _6RI6N tFDi5 public-DraftStyleDefault-block-depth0 public-DraftStyleDefault-text-ltr\"><strong>Grupo D<br \/>\n<\/strong>Brasilia Futsal (DF) x Associa\u00e7\u00e3o de Pais e Atletas da Escolinha de Futsal \u2013 APAEFS (MS)<\/p>\n<p id=\"viewer-1onp7\" class=\"XzvDs _208Ie tFDi5 blog-post-text-font blog-post-text-color _2QAo- _25MYV _6RI6N tFDi5 public-DraftStyleDefault-block-depth0 public-DraftStyleDefault-text-ltr\"><strong>Grupo E<br \/>\n<\/strong>Associa\u00e7\u00e3o Atl\u00e9tica Banco do Brasil AABB (PI) x Lagarto Futsal (SE)<\/p>\n<p id=\"viewer-1d8j3\" class=\"XzvDs _208Ie tFDi5 blog-post-text-font blog-post-text-color _2QAo- _25MYV _6RI6N tFDi5 public-DraftStyleDefault-block-depth0 public-DraftStyleDefault-text-ltr\"><strong>Grupo F<br \/>\n<\/strong>Pires Ferreira (CE) x Cear\u00e1 (CE)<\/p>\n<p id=\"viewer-e9dc8\" class=\"XzvDs _208Ie tFDi5 blog-post-text-font blog-post-text-color _2QAo- _25MYV _6RI6N tFDi5 public-DraftStyleDefault-block-depth0 public-DraftStyleDefault-text-ltr\"><strong>Grupo G<br \/>\n<\/strong>Balsas Futsal (MA) x A. E. Shouse (PA)<\/p>\n<figure style=\"width: 740px\" class=\"wp-caption aligncenter\"><img fetchpriority=\"high\" decoding=\"async\" src=\"https:\/\/static.wixstatic.com\/media\/6d94a1_d048dff258e84abd844eca1a956b610f~mv2.jpg\/v1\/fill\/w_740,h_643,al_c,q_90,usm_0.66_1.00_0.01\/6d94a1_d048dff258e84abd844eca1a956b610f~mv2.webp\" alt=\"\" width=\"740\" height=\"643\" \/><figcaption class=\"wp-caption-text\">Arte: Reprodu\u00e7\u00e3o CBFS<\/figcaption><\/figure>\n<p id=\"viewer-dp02m\" class=\"XzvDs _208Ie tFDi5 blog-post-text-font blog-post-text-color _2QAo- _25MYV _6RI6N tFDi5 public-DraftStyleDefault-block-depth0 public-DraftStyleDefault-text-ltr\"><strong>Grupo H<br \/>\n<\/strong>Unidos do Alvorada (AM) S. E. Tubar\u00e3o (PA)<\/p>\n","protected":false},"excerpt":{"rendered":"<p>A CBFS comunicou as Federa\u00e7\u00f5es, nesta \u00faltima ter\u00e7a-feira, algumas altera\u00e7\u00f5es na Copa do Brasil de Futsal Masculina 2020. Programada para<\/p>\n","protected":false},"author":2,"featured_media":32796,"comment_status":"open","ping_status":"open","sticky":false,"template":"","format":"standard","meta":{"footnotes":""},"categories":[2660,25,2662,32,2651],"tags":[563,709,42,1131,1141,1151,1827,2694],"class_list":["post-32794","post","type-post","status-publish","format-standard","has-post-thumbnail","hentry","category-home-destaque","category-destaques","category-homeparte3","category-maiores","category-noticias","tag-cbfs","tag-copa-do-brasil","tag-fpfs","tag-futsal","tag-futsal-interior","tag-futsal-paulista","tag-pato-futsal","tag-real-madruga"],"_links":{"self":[{"href":"https:\/\/www.federacaopaulistadefutsal.com.br\/novo\/wp-json\/wp\/v2\/posts\/32794","targetHints":{"allow":["GET"]}}],"collection":[{"href":"https:\/\/www.federacaopaulistadefutsal.com.br\/novo\/wp-json\/wp\/v2\/posts"}],"about":[{"href":"https:\/\/www.federacaopaulistadefutsal.com.br\/novo\/wp-json\/wp\/v2\/types\/post"}],"author":[{"embeddable":true,"href":"https:\/\/www.federacaopaulistadefutsal.com.br\/novo\/wp-json\/wp\/v2\/users\/2"}],"replies":[{"embeddable":true,"href":"https:\/\/www.federacaopaulistadefutsal.com.br\/novo\/wp-json\/wp\/v2\/comments?post=32794"}],"version-history":[{"count":2,"href":"https:\/\/www.federacaopaulistadefutsal.com.br\/novo\/wp-json\/wp\/v2\/posts\/32794\/revisions"}],"predecessor-version":[{"id":32797,"href":"https:\/\/www.federacaopaulistadefutsal.com.br\/novo\/wp-json\/wp\/v2\/posts\/32794\/revisions\/32797"}],"wp:featuredmedia":[{"embeddable":true,"href":"https:\/\/www.federacaopaulistadefutsal.com.br\/novo\/wp-json\/wp\/v2\/media\/32796"}],"wp:attachment":[{"href":"https:\/\/www.federacaopaulistadefutsal.com.br\/novo\/wp-json\/wp\/v2\/media?parent=32794"}],"wp:term":[{"taxonomy":"category","embeddable":true,"href":"https:\/\/www.federacaopaulistadefutsal.com.br\/novo\/wp-json\/wp\/v2\/categories?post=32794"},{"taxonomy":"post_tag","embeddable":true,"href":"https:\/\/www.federacaopaulistadefutsal.com.br\/novo\/wp-json\/wp\/v2\/tags?post=32794"}],"curies":[{"name":"wp","href":"https:\/\/api.w.org\/{rel}","templated":true}]}}