{"id":33061,"date":"2020-11-03T01:15:20","date_gmt":"2020-11-03T01:15:20","guid":{"rendered":"http:\/\/www.federacaopaulistadefutsal.com.br\/novo\/?p=33061"},"modified":"2020-11-03T01:15:20","modified_gmt":"2020-11-03T01:15:20","slug":"nota-de-falecimento-morre-nesta-segunda-o-ex-arbitro-da-fpfs-sr-djalma-cardoso-bispo","status":"publish","type":"post","link":"https:\/\/www.federacaopaulistadefutsal.com.br\/novo\/nota-de-falecimento-morre-nesta-segunda-o-ex-arbitro-da-fpfs-sr-djalma-cardoso-bispo\/","title":{"rendered":"NOTA DE FALECIMENTO: MORRE NESTA SEGUNDA O EX-\u00c1RBITRO DA FPFS SR. DJALMA CARDOSO BISPO"},"content":{"rendered":"<p>A Federa\u00e7\u00e3o Paulista de Futsal (FPFS), entidade que administra e organiza o esporte das quadras em S\u00e3o Paulo, atrav\u00e9s deste espa\u00e7o, informa, com muito pesar, o falecimento\u00a0Sr. Djalma Cardoso Bispo, nesta segunda-feira, 02 de novembro e que por anos integrou o quadro de \u00e1rbitros da FPFS, al\u00e9m tamb\u00e9m de ser Professor.<\/p>\n<p>&nbsp;<\/p>\n<p>Em respeito aos amigos e familiares, a FPFS, presta sua solidariedade e agradece ao Sr. Djalma pelos servi\u00e7os prestados a modalidade, e por exercer a profiss\u00e3o de \u00e1rbitro com maestria.<\/p>\n","protected":false},"excerpt":{"rendered":"<p>A Federa\u00e7\u00e3o Paulista de Futsal (FPFS), entidade que administra e organiza o esporte das quadras em S\u00e3o Paulo, atrav\u00e9s deste<\/p>\n","protected":false},"author":2,"featured_media":33059,"comment_status":"open","ping_status":"open","sticky":false,"template":"","format":"standard","meta":{"footnotes":""},"categories":[22,25,2651,1],"tags":[2972,2710,660,42,1569],"class_list":["post-33061","post","type-post","status-publish","format-standard","has-post-thumbnail","hentry","category-comunicado","category-destaques","category-noticias","category-novidades","tag-arbitrodjalma","tag-federacaopaulistadefutsal","tag-comunicado","tag-fpfs","tag-luto"],"_links":{"self":[{"href":"https:\/\/www.federacaopaulistadefutsal.com.br\/novo\/wp-json\/wp\/v2\/posts\/33061","targetHints":{"allow":["GET"]}}],"collection":[{"href":"https:\/\/www.federacaopaulistadefutsal.com.br\/novo\/wp-json\/wp\/v2\/posts"}],"about":[{"href":"https:\/\/www.federacaopaulistadefutsal.com.br\/novo\/wp-json\/wp\/v2\/types\/post"}],"author":[{"embeddable":true,"href":"https:\/\/www.federacaopaulistadefutsal.com.br\/novo\/wp-json\/wp\/v2\/users\/2"}],"replies":[{"embeddable":true,"href":"https:\/\/www.federacaopaulistadefutsal.com.br\/novo\/wp-json\/wp\/v2\/comments?post=33061"}],"version-history":[{"count":1,"href":"https:\/\/www.federacaopaulistadefutsal.com.br\/novo\/wp-json\/wp\/v2\/posts\/33061\/revisions"}],"predecessor-version":[{"id":33062,"href":"https:\/\/www.federacaopaulistadefutsal.com.br\/novo\/wp-json\/wp\/v2\/posts\/33061\/revisions\/33062"}],"wp:featuredmedia":[{"embeddable":true,"href":"https:\/\/www.federacaopaulistadefutsal.com.br\/novo\/wp-json\/wp\/v2\/media\/33059"}],"wp:attachment":[{"href":"https:\/\/www.federacaopaulistadefutsal.com.br\/novo\/wp-json\/wp\/v2\/media?parent=33061"}],"wp:term":[{"taxonomy":"category","embeddable":true,"href":"https:\/\/www.federacaopaulistadefutsal.com.br\/novo\/wp-json\/wp\/v2\/categories?post=33061"},{"taxonomy":"post_tag","embeddable":true,"href":"https:\/\/www.federacaopaulistadefutsal.com.br\/novo\/wp-json\/wp\/v2\/tags?post=33061"}],"curies":[{"name":"wp","href":"https:\/\/api.w.org\/{rel}","templated":true}]}}