{"id":33092,"date":"2020-11-11T22:46:50","date_gmt":"2020-11-11T22:46:50","guid":{"rendered":"http:\/\/www.federacaopaulistadefutsal.com.br\/novo\/?p=33092"},"modified":"2020-11-11T23:08:26","modified_gmt":"2020-11-11T23:08:26","slug":"a-equipe-adc-lazuli-ira-realizar-avalicoes-para-2021","status":"publish","type":"post","link":"https:\/\/www.federacaopaulistadefutsal.com.br\/novo\/a-equipe-adc-lazuli-ira-realizar-avalicoes-para-2021\/","title":{"rendered":"A EQUIPE ADC LAZULI IR\u00c1 REALIZAR AVALI\u00c7\u00d5ES PARA 2021"},"content":{"rendered":"<p>ADC Lazuli abriu avalia\u00e7\u00f5es nesta semana para montagem das equipes para 2021.<\/p>\n<p>ATLETAS SUB-12 &#8211;\u00a0 (nascidos em 2010)<\/p>\n<p>Os Treinos ser\u00e3o \u00e0s segundas e quartas-feiras, \u00e0s 20:30h no Gin\u00e1sio Presidente Ciro I, da Federa\u00e7\u00e3o Paulista de Futsal &#8211; FPFS<\/p>\n<p>Para maiores informa\u00e7\u00f5es:<br \/>\n(011) 98451-3763 Thalita<br \/>\nThalita.treinamento@yahoo.com.br<\/p>\n","protected":false},"excerpt":{"rendered":"<p>ADC Lazuli abriu avalia\u00e7\u00f5es nesta semana para montagem das equipes para 2021. ATLETAS SUB-12 &#8211;\u00a0 (nascidos em 2010) Os Treinos<\/p>\n","protected":false},"author":2,"featured_media":33093,"comment_status":"open","ping_status":"open","sticky":false,"template":"","format":"standard","meta":{"footnotes":""},"categories":[25,33,2651,1],"tags":[2976,2975,2710,42],"class_list":["post-33092","post","type-post","status-publish","format-standard","has-post-thumbnail","hentry","category-destaques","category-menores","category-noticias","category-novidades","tag-adclazuli","tag-avaliacoes-2021","tag-federacaopaulistadefutsal","tag-fpfs"],"_links":{"self":[{"href":"https:\/\/www.federacaopaulistadefutsal.com.br\/novo\/wp-json\/wp\/v2\/posts\/33092","targetHints":{"allow":["GET"]}}],"collection":[{"href":"https:\/\/www.federacaopaulistadefutsal.com.br\/novo\/wp-json\/wp\/v2\/posts"}],"about":[{"href":"https:\/\/www.federacaopaulistadefutsal.com.br\/novo\/wp-json\/wp\/v2\/types\/post"}],"author":[{"embeddable":true,"href":"https:\/\/www.federacaopaulistadefutsal.com.br\/novo\/wp-json\/wp\/v2\/users\/2"}],"replies":[{"embeddable":true,"href":"https:\/\/www.federacaopaulistadefutsal.com.br\/novo\/wp-json\/wp\/v2\/comments?post=33092"}],"version-history":[{"count":1,"href":"https:\/\/www.federacaopaulistadefutsal.com.br\/novo\/wp-json\/wp\/v2\/posts\/33092\/revisions"}],"predecessor-version":[{"id":33094,"href":"https:\/\/www.federacaopaulistadefutsal.com.br\/novo\/wp-json\/wp\/v2\/posts\/33092\/revisions\/33094"}],"wp:featuredmedia":[{"embeddable":true,"href":"https:\/\/www.federacaopaulistadefutsal.com.br\/novo\/wp-json\/wp\/v2\/media\/33093"}],"wp:attachment":[{"href":"https:\/\/www.federacaopaulistadefutsal.com.br\/novo\/wp-json\/wp\/v2\/media?parent=33092"}],"wp:term":[{"taxonomy":"category","embeddable":true,"href":"https:\/\/www.federacaopaulistadefutsal.com.br\/novo\/wp-json\/wp\/v2\/categories?post=33092"},{"taxonomy":"post_tag","embeddable":true,"href":"https:\/\/www.federacaopaulistadefutsal.com.br\/novo\/wp-json\/wp\/v2\/tags?post=33092"}],"curies":[{"name":"wp","href":"https:\/\/api.w.org\/{rel}","templated":true}]}}