{"id":33191,"date":"2020-12-10T01:13:30","date_gmt":"2020-12-10T01:13:30","guid":{"rendered":"http:\/\/www.federacaopaulistadefutsal.com.br\/novo\/?p=33191"},"modified":"2020-12-10T01:13:30","modified_gmt":"2020-12-10T01:13:30","slug":"dezembro-de-muito-futsal-paulista-com-as-decisoes-dos-principais-campeonatos-da-federacao-paulista-de-futsal","status":"publish","type":"post","link":"https:\/\/www.federacaopaulistadefutsal.com.br\/novo\/dezembro-de-muito-futsal-paulista-com-as-decisoes-dos-principais-campeonatos-da-federacao-paulista-de-futsal\/","title":{"rendered":"DEZEMBRO DE MUITO FUTSAL PAULISTA COM AS DECIS\u00d5ES DOS PRINCIPAIS CAMPEONATOS DA FEDERA\u00c7\u00c3O PAULISTA DE FUTSAL"},"content":{"rendered":"<p>Definidas as tabelas com as datas e confrontos das semifinais e finais dos torneios de futsal da FPFS.<\/p>\n<p><strong> &#8211; Campeonato Estadual 2020 \u2013 Categoria Principal Feminino<\/strong>, as meninas do S\u00e3o Jos\u00e9 Futsal Feminino enfrentam o Tabo\u00e3o Magnus na grande final do torneio ainda nesta semana.<br \/>\nO primeiro confronto em partida v\u00e1lida pelo jogo de ida ocorrer\u00e1 no dia 12\/12, \u00e0s 19h, no Gin\u00e1sio Bruno Marques.<br \/>\nA partida de volta ser\u00e1 no dia 14\/12, \u00e0s 20h, no Gin\u00e1sio Jos\u00e9 de Souza Sobrinho \u2013 Z\u00e9 do Feij\u00e3o.<br \/>\n<img fetchpriority=\"high\" decoding=\"async\" class=\"aligncenter size-full wp-image-33193\" src=\"http:\/\/www.federacaopaulistadefutsal.com.br\/novo\/wp-content\/uploads\/2020\/12\/JOGOS-CAMPEONATO-PAULISTA-ESTADUAL-PRINCIPAL-FEM.jpg\" alt=\"\" width=\"739\" height=\"740\" srcset=\"https:\/\/www.federacaopaulistadefutsal.com.br\/novo\/wp-content\/uploads\/2020\/12\/JOGOS-CAMPEONATO-PAULISTA-ESTADUAL-PRINCIPAL-FEM.jpg 739w, https:\/\/www.federacaopaulistadefutsal.com.br\/novo\/wp-content\/uploads\/2020\/12\/JOGOS-CAMPEONATO-PAULISTA-ESTADUAL-PRINCIPAL-FEM-150x150.jpg 150w, https:\/\/www.federacaopaulistadefutsal.com.br\/novo\/wp-content\/uploads\/2020\/12\/JOGOS-CAMPEONATO-PAULISTA-ESTADUAL-PRINCIPAL-FEM-300x300.jpg 300w\" sizes=\"(max-width: 739px) 100vw, 739px\" \/><br \/>\n<strong>&#8211; Campeonato Estadual 2020 \u2013 Categoria Sub-20 Masculino<\/strong>, o S\u00e3o Jos\u00e9 Futsal enfrenta o Pinda Futsal, nas finais nesta semana.<\/p>\n<p>O primeiro confronto em partida v\u00e1lida pelo jogo de ida ocorrer\u00e1 no dia 12\/12, \u00e0s 20h, no Gin\u00e1sio T\u00eanis Clube.<br \/>\nA partida de volta ser\u00e1 no dia 14\/12, \u00e0s 19h, no Gin\u00e1sio Tobias Salgados.<\/p>\n<p><img decoding=\"async\" class=\"aligncenter size-full wp-image-33194\" src=\"http:\/\/www.federacaopaulistadefutsal.com.br\/novo\/wp-content\/uploads\/2020\/12\/JOGOS-CAMPEONATO-PAULISTA-ESTADUAL-SUB-20-MASC.jpg\" alt=\"\" width=\"739\" height=\"740\" srcset=\"https:\/\/www.federacaopaulistadefutsal.com.br\/novo\/wp-content\/uploads\/2020\/12\/JOGOS-CAMPEONATO-PAULISTA-ESTADUAL-SUB-20-MASC.jpg 739w, https:\/\/www.federacaopaulistadefutsal.com.br\/novo\/wp-content\/uploads\/2020\/12\/JOGOS-CAMPEONATO-PAULISTA-ESTADUAL-SUB-20-MASC-150x150.jpg 150w, https:\/\/www.federacaopaulistadefutsal.com.br\/novo\/wp-content\/uploads\/2020\/12\/JOGOS-CAMPEONATO-PAULISTA-ESTADUAL-SUB-20-MASC-300x300.jpg 300w\" sizes=\"(max-width: 739px) 100vw, 739px\" \/><\/p>\n<p><strong>&#8211; Campeonato Paulista\/Estadual 2020 \u2013 Categoria de Inicia\u00e7\u00e3o e Base<\/strong>, a tabela com o confronto das semifinais j\u00e1 est\u00e1 definida, confira os confrontos:<\/p>\n<p><strong>&#8211; Categoria inicia\u00e7\u00e3o<\/strong><br \/>\n<strong> 12\/12 \u2013 S\u00e1bado no Gin\u00e1sio Presidente Ciro I<\/strong><br \/>\n<img decoding=\"async\" class=\"aligncenter size-full wp-image-33197\" src=\"http:\/\/www.federacaopaulistadefutsal.com.br\/novo\/wp-content\/uploads\/2020\/12\/JOGOS-FINAIS-CATEGORIAS-DE-INICIA\u00c7\u00c3O.jpg\" alt=\"\" width=\"739\" height=\"740\" srcset=\"https:\/\/www.federacaopaulistadefutsal.com.br\/novo\/wp-content\/uploads\/2020\/12\/JOGOS-FINAIS-CATEGORIAS-DE-INICIA\u00c7\u00c3O.jpg 739w, https:\/\/www.federacaopaulistadefutsal.com.br\/novo\/wp-content\/uploads\/2020\/12\/JOGOS-FINAIS-CATEGORIAS-DE-INICIA\u00c7\u00c3O-150x150.jpg 150w, https:\/\/www.federacaopaulistadefutsal.com.br\/novo\/wp-content\/uploads\/2020\/12\/JOGOS-FINAIS-CATEGORIAS-DE-INICIA\u00c7\u00c3O-300x300.jpg 300w\" sizes=\"(max-width: 739px) 100vw, 739px\" \/><\/p>\n<p><strong>&#8211; Categoria Base<\/strong><br \/>\n<strong> 12\/12 \u2013 S\u00e1bado no Gin\u00e1sio Presidente Ciro II<\/strong><br \/>\n<img loading=\"lazy\" decoding=\"async\" class=\"aligncenter size-full wp-image-33195\" src=\"http:\/\/www.federacaopaulistadefutsal.com.br\/novo\/wp-content\/uploads\/2020\/12\/JOGOS-FINAIS-CATEGORIAS-DE-BASE-1.jpg\" alt=\"\" width=\"739\" height=\"740\" srcset=\"https:\/\/www.federacaopaulistadefutsal.com.br\/novo\/wp-content\/uploads\/2020\/12\/JOGOS-FINAIS-CATEGORIAS-DE-BASE-1.jpg 739w, https:\/\/www.federacaopaulistadefutsal.com.br\/novo\/wp-content\/uploads\/2020\/12\/JOGOS-FINAIS-CATEGORIAS-DE-BASE-1-150x150.jpg 150w, https:\/\/www.federacaopaulistadefutsal.com.br\/novo\/wp-content\/uploads\/2020\/12\/JOGOS-FINAIS-CATEGORIAS-DE-BASE-1-300x300.jpg 300w\" sizes=\"(max-width: 739px) 100vw, 739px\" \/><\/p>\n<p><strong>13\/12 \u2013 Domingo no Gin\u00e1sio Presidente Ciro II<\/strong><br \/>\n<img loading=\"lazy\" decoding=\"async\" class=\"aligncenter size-full wp-image-33196\" src=\"http:\/\/www.federacaopaulistadefutsal.com.br\/novo\/wp-content\/uploads\/2020\/12\/JOGOS-FINAIS-CATEGORIAS-DE-BASE-2.jpg\" alt=\"\" width=\"739\" height=\"740\" srcset=\"https:\/\/www.federacaopaulistadefutsal.com.br\/novo\/wp-content\/uploads\/2020\/12\/JOGOS-FINAIS-CATEGORIAS-DE-BASE-2.jpg 739w, https:\/\/www.federacaopaulistadefutsal.com.br\/novo\/wp-content\/uploads\/2020\/12\/JOGOS-FINAIS-CATEGORIAS-DE-BASE-2-150x150.jpg 150w, https:\/\/www.federacaopaulistadefutsal.com.br\/novo\/wp-content\/uploads\/2020\/12\/JOGOS-FINAIS-CATEGORIAS-DE-BASE-2-300x300.jpg 300w\" sizes=\"(max-width: 739px) 100vw, 739px\" \/><\/p>\n","protected":false},"excerpt":{"rendered":"<p>Definidas as tabelas com as datas e confrontos das semifinais e finais dos torneios de futsal da FPFS. &#8211; Campeonato<\/p>\n","protected":false},"author":2,"featured_media":33198,"comment_status":"open","ping_status":"open","sticky":false,"template":"","format":"standard","meta":{"footnotes":""},"categories":[2660,25,2662,8,17,26,33,2651],"tags":[],"class_list":["post-33191","post","type-post","status-publish","format-standard","has-post-thumbnail","hentry","category-home-destaque","category-destaques","category-homeparte3","category-estadual-base-a1","category-estadual-base-a2","category-feminino","category-menores","category-noticias"],"_links":{"self":[{"href":"https:\/\/www.federacaopaulistadefutsal.com.br\/novo\/wp-json\/wp\/v2\/posts\/33191","targetHints":{"allow":["GET"]}}],"collection":[{"href":"https:\/\/www.federacaopaulistadefutsal.com.br\/novo\/wp-json\/wp\/v2\/posts"}],"about":[{"href":"https:\/\/www.federacaopaulistadefutsal.com.br\/novo\/wp-json\/wp\/v2\/types\/post"}],"author":[{"embeddable":true,"href":"https:\/\/www.federacaopaulistadefutsal.com.br\/novo\/wp-json\/wp\/v2\/users\/2"}],"replies":[{"embeddable":true,"href":"https:\/\/www.federacaopaulistadefutsal.com.br\/novo\/wp-json\/wp\/v2\/comments?post=33191"}],"version-history":[{"count":1,"href":"https:\/\/www.federacaopaulistadefutsal.com.br\/novo\/wp-json\/wp\/v2\/posts\/33191\/revisions"}],"predecessor-version":[{"id":33199,"href":"https:\/\/www.federacaopaulistadefutsal.com.br\/novo\/wp-json\/wp\/v2\/posts\/33191\/revisions\/33199"}],"wp:featuredmedia":[{"embeddable":true,"href":"https:\/\/www.federacaopaulistadefutsal.com.br\/novo\/wp-json\/wp\/v2\/media\/33198"}],"wp:attachment":[{"href":"https:\/\/www.federacaopaulistadefutsal.com.br\/novo\/wp-json\/wp\/v2\/media?parent=33191"}],"wp:term":[{"taxonomy":"category","embeddable":true,"href":"https:\/\/www.federacaopaulistadefutsal.com.br\/novo\/wp-json\/wp\/v2\/categories?post=33191"},{"taxonomy":"post_tag","embeddable":true,"href":"https:\/\/www.federacaopaulistadefutsal.com.br\/novo\/wp-json\/wp\/v2\/tags?post=33191"}],"curies":[{"name":"wp","href":"https:\/\/api.w.org\/{rel}","templated":true}]}}