{"id":33660,"date":"2021-05-17T01:20:54","date_gmt":"2021-05-17T01:20:54","guid":{"rendered":"http:\/\/www.federacaopaulistadefutsal.com.br\/novo\/?p=33660"},"modified":"2021-05-18T01:28:34","modified_gmt":"2021-05-18T01:28:34","slug":"supercopa-taboao-da-serra-vence-leoas-da-serra-por-3-a-2-e-garante-titulo-e-conquista-vaga-na-libertadores","status":"publish","type":"post","link":"https:\/\/www.federacaopaulistadefutsal.com.br\/novo\/supercopa-taboao-da-serra-vence-leoas-da-serra-por-3-a-2-e-garante-titulo-e-conquista-vaga-na-libertadores\/","title":{"rendered":"Supercopa: Tabo\u00e3o da Serra vence Leoas da Serra por 3 a 2 e garante t\u00edtulo e conquista vaga na Libertadores"},"content":{"rendered":"<div class=\"mc-column content-text active-extra-styles active-capital-letter\" data-block-type=\"unstyled\" data-block-weight=\"50\" data-block-id=\"2\">\n<p class=\"content-text__container theme-color-primary-first-letter\" data-track-category=\"Link no Texto\" data-track-links=\"\">A equipe Tabo\u00e3o da Serra n\u00e3o se intimidou contra as Leoas e venceu a final da Supercopa de futsal por 3&#215;2 na manh\u00e3 deste s\u00e1bado, no gin\u00e1sio Jones Minosso, em Lages, Santa Catarina. A vit\u00f3ria garantiu <strong>vaga in\u00e9dita na Libertadores para Tabo\u00e3o, que vai representar o Brasil na competi\u00e7\u00e3o continental.<\/strong><\/p>\n<\/div>\n<div class=\"wall protected-content\">\n<div class=\"mc-column content-text active-extra-styles \" data-block-type=\"unstyled\" data-block-weight=\"52\" data-block-id=\"3\">\n<p class=\"content-text__container \" data-track-category=\"Link no Texto\" data-track-links=\"\">Apesar da vantagem de jogar em casa, o time de Amandinha, sete vezes eleita a melhor do mundo, sentiu a press\u00e3o das advers\u00e1rias durante toda a partida. No come\u00e7o do primeiro tempo, as goleiras Desiree e Renata atuaram bem no gol com belas defesas dos dois lados da quadra.<\/p>\n<\/div>\n<div class=\"mc-column content-text active-extra-styles \" data-block-type=\"unstyled\" data-block-weight=\"61\" data-block-id=\"4\">\n<p class=\"content-text__container \" data-track-category=\"Link no Texto\" data-track-links=\"\">Tabo\u00e3o abriu o placar com uma jogada de bola parada no passe de Su Reis para Drica finalizar. O segundo teve novamente atua\u00e7\u00e3o de Su Reis. Bem posicionada na bola cruzada, fez s\u00f3 colocar pra dentro do gol. As Leoas da Serra conseguiram diminuir com Robinha e nos segundos finais quase empatou com Amandinha, mas a parcial ficou 2&#215;1 para Tabo\u00e3o.<\/p>\n<div class=\"mc-column content-text active-extra-styles \" data-block-type=\"unstyled\" data-block-weight=\"68\" data-block-id=\"6\">\n<p class=\"content-text__container \" data-track-category=\"Link no Texto\" data-track-links=\"\">As Leoas pressionaram no segundo tempo, mas viram as advers\u00e1rias ampliarem com gol de Luana Moura, o que dificultou para o time da melhor do mundo diminuir a diferen\u00e7a. Amandinha tentou criar oportunidades, e as donas da casa ainda conseguiu marcar mais um com Robinha, mas o time de Tabo\u00e3o atuou bem na marca\u00e7\u00e3o e n\u00e3o deu espa\u00e7o para a rea\u00e7\u00e3o, vencendo por 3&#215;2.<\/p>\n<\/div>\n<div class=\"content-ads content-ads--reveal\" data-block-type=\"ads\" data-block-id=\"7\"><\/div>\n<div data-track-category=\"multicontent\" data-track-action=\"ultimo chunk conteudo\" data-track-noninteraction=\"false\" data-track-scroll=\"view\">\n<div class=\"mc-column content-text active-extra-styles \" data-block-type=\"unstyled\" data-block-weight=\"48\" data-block-id=\"8\">\n<blockquote>\n<p class=\"content-text__container \" data-track-category=\"Link no Texto\" data-track-links=\"\">&#8211; A gente fica muito feliz quando a gente v\u00ea uma vit\u00f3ria no detalhe. Poder conquistar essa vaga na Libertadores. Tivemos que enfrentar a pandemia, sem perder o foco. O grupo est\u00e1 de parab\u00e9ns! &#8211; disse a t\u00e9cnica Cris Souza ap\u00f3s a partida, eleita a melhor do mundo.<\/p>\n<\/blockquote>\n<pre data-track-category=\"Link no Texto\"><span style=\"color: #999999;\">Foto:\u00a0Ricardo Artifon\/CBFS<\/span><\/pre>\n<\/div>\n<\/div>\n<\/div>\n<\/div>\n","protected":false},"excerpt":{"rendered":"<p>A equipe Tabo\u00e3o da Serra n\u00e3o se intimidou contra as Leoas e venceu a final da Supercopa de futsal por<\/p>\n","protected":false},"author":2,"featured_media":33661,"comment_status":"open","ping_status":"open","sticky":false,"template":"","format":"standard","meta":{"footnotes":""},"categories":[25,2662,26,2651],"tags":[563,42,1138,1151,1509,3011,2390],"class_list":["post-33660","post","type-post","status-publish","format-standard","has-post-thumbnail","hentry","category-destaques","category-homeparte3","category-feminino","category-noticias","tag-cbfs","tag-fpfs","tag-futsal-feminino","tag-futsal-paulista","tag-libertadores","tag-supercopa-de-futsal","tag-taboao-da-serra"],"_links":{"self":[{"href":"https:\/\/www.federacaopaulistadefutsal.com.br\/novo\/wp-json\/wp\/v2\/posts\/33660","targetHints":{"allow":["GET"]}}],"collection":[{"href":"https:\/\/www.federacaopaulistadefutsal.com.br\/novo\/wp-json\/wp\/v2\/posts"}],"about":[{"href":"https:\/\/www.federacaopaulistadefutsal.com.br\/novo\/wp-json\/wp\/v2\/types\/post"}],"author":[{"embeddable":true,"href":"https:\/\/www.federacaopaulistadefutsal.com.br\/novo\/wp-json\/wp\/v2\/users\/2"}],"replies":[{"embeddable":true,"href":"https:\/\/www.federacaopaulistadefutsal.com.br\/novo\/wp-json\/wp\/v2\/comments?post=33660"}],"version-history":[{"count":1,"href":"https:\/\/www.federacaopaulistadefutsal.com.br\/novo\/wp-json\/wp\/v2\/posts\/33660\/revisions"}],"predecessor-version":[{"id":33662,"href":"https:\/\/www.federacaopaulistadefutsal.com.br\/novo\/wp-json\/wp\/v2\/posts\/33660\/revisions\/33662"}],"wp:featuredmedia":[{"embeddable":true,"href":"https:\/\/www.federacaopaulistadefutsal.com.br\/novo\/wp-json\/wp\/v2\/media\/33661"}],"wp:attachment":[{"href":"https:\/\/www.federacaopaulistadefutsal.com.br\/novo\/wp-json\/wp\/v2\/media?parent=33660"}],"wp:term":[{"taxonomy":"category","embeddable":true,"href":"https:\/\/www.federacaopaulistadefutsal.com.br\/novo\/wp-json\/wp\/v2\/categories?post=33660"},{"taxonomy":"post_tag","embeddable":true,"href":"https:\/\/www.federacaopaulistadefutsal.com.br\/novo\/wp-json\/wp\/v2\/tags?post=33660"}],"curies":[{"name":"wp","href":"https:\/\/api.w.org\/{rel}","templated":true}]}}