{"id":33673,"date":"2021-05-18T02:02:59","date_gmt":"2021-05-18T02:02:59","guid":{"rendered":"http:\/\/www.federacaopaulistadefutsal.com.br\/novo\/?p=33673"},"modified":"2021-05-18T02:05:53","modified_gmt":"2021-05-18T02:05:53","slug":"copa-do-brasil-sao-jose-futsal-fecha-mata-mata-inicial-recebendo-o-minas-tenis-clube","status":"publish","type":"post","link":"https:\/\/www.federacaopaulistadefutsal.com.br\/novo\/copa-do-brasil-sao-jose-futsal-fecha-mata-mata-inicial-recebendo-o-minas-tenis-clube\/","title":{"rendered":"Copa do Brasil: S\u00e3o Jos\u00e9 Futsal fecha mata-mata inicial recebendo o Minas T\u00eanis Clube"},"content":{"rendered":"<h6><strong>O time venceu no jogo de ida em Belo Horizonte e ter\u00e1 a vantagem do empate para avan\u00e7ar na competi\u00e7\u00e3o<\/strong><\/h6>\n<p>Na partida de volta do primeiro mata-mata da Copa do Brasil, o S\u00e3o Jos\u00e9 Futsal recebe o Minas nesta ter\u00e7a-feira, \u00e0s 20, no gin\u00e1sio do T\u00eanis Clube. Como venceu no jogo de ida, ter\u00e1 a vantagem do empate para avan\u00e7ar na competi\u00e7\u00e3o.<\/p>\n<p><iframe style=\"border: none; overflow: hidden;\" src=\"https:\/\/www.facebook.com\/plugins\/video.php?height=314&amp;href=https%3A%2F%2Fwww.facebook.com%2Ffutsalsaojose%2Fvideos%2F566615420989081%2F&amp;show_text=false&amp;width=560\" width=\"760\" height=\"414\" frameborder=\"0\" scrolling=\"no\" allowfullscreen=\"allowfullscreen\"><\/iframe><br \/>\n<strong>Representando o futsal paulista por ter sido vice-campe\u00e3o do estadual promovido pela Federa\u00e7\u00e3o Paulista de Futsal<\/strong>, o S\u00e3o Jos\u00e9 e o campe\u00e3o Magnus Sorocaba est\u00e3o na disputa da Copa do Brasil. No chaveamento inicial, o time joseense caiu contra o Minas que tamb\u00e9m \u00e9 concorrente na simult\u00e2nea Liga Nacional.<\/p>\n<p>No dia 7 de maio, pelo jogo de ida, o S\u00e3o Jos\u00e9 foi a Belo Horizonte e venceu na Arena Minas, por 3 a 2. Assim, no jogo de volta ter\u00e1 a vantagem do empate, ou uma segunda chance de disputa caso seja derrotado por qualquer placar, porque o saldo de gols n\u00e3o conta. Nesta ter\u00e7a-feira, uma vit\u00f3ria mineira provocaria prorroga\u00e7\u00e3o de 10 minutos. Persistindo a igualdade, decis\u00e3o por p\u00eanaltis.<\/p>\n<blockquote class=\"instagram-media\" style=\"background: #FFF; border: 0; border-radius: 3px; box-shadow: 0 0 1px 0 rgba(0,0,0,0.5),0 1px 10px 0 rgba(0,0,0,0.15); margin: 1px; max-width: 540px; min-width: 326px; padding: 0; width: calc(100% - 2px);\" data-instgrm-permalink=\"https:\/\/www.instagram.com\/p\/CO_iS81F31g\/?utm_source=ig_embed&amp;utm_campaign=loading\" data-instgrm-version=\"13\">\n<div style=\"padding: 16px;\">\n<p>&nbsp;<\/p>\n<div style=\"display: flex; flex-direction: row; align-items: center; text-align: center;\"><\/div>\n<div style=\"padding: 19% 0;\"><\/div>\n<div style=\"display: block; height: 50px; margin: 0 auto 12px; width: 50px;\"><\/div>\n<div style=\"padding-top: 8px;\">\n<div style=\"color: #3897f0; font-family: Arial,sans-serif; font-size: 14px; font-style: normal; font-weight: 550; line-height: 18px;\">Ver essa foto no Instagram<\/div>\n<\/div>\n<div style=\"padding: 12.5% 0;\"><\/div>\n<div style=\"display: flex; flex-direction: row; margin-bottom: 14px; align-items: center;\"><\/div>\n<div style=\"display: flex; flex-direction: column; flex-grow: 1; justify-content: center; margin-bottom: 24px;\"><\/div>\n<p>&nbsp;<\/p>\n<p style=\"color: #c9c8cd; font-family: Arial,sans-serif; font-size: 14px; line-height: 17px; margin-bottom: 0; margin-top: 8px; overflow: hidden; padding: 8px 0 7px; text-align: center; text-overflow: ellipsis; white-space: nowrap;\"><a style=\"color: #c9c8cd; font-family: Arial,sans-serif; font-size: 14px; font-style: normal; font-weight: normal; line-height: 17px; text-decoration: none;\" href=\"https:\/\/www.instagram.com\/p\/CO_iS81F31g\/?utm_source=ig_embed&amp;utm_campaign=loading\" target=\"_blank\" rel=\"noopener\">Uma publica\u00e7\u00e3o compartilhada por Federa\u00e7\u00e3o Paulista de Futsal (@futsalpaulistaoficial)<\/a><\/p>\n<\/div>\n<\/blockquote>\n<p><script async src=\"\/\/www.instagram.com\/embed.js\"><\/script><\/p>\n<pre><span style=\"color: #999999;\">Foto: Brenno Domingues\/S\u00e3o Jos\u00e9 Futsal<\/span><\/pre>\n<p>&nbsp;<\/p>\n","protected":false},"excerpt":{"rendered":"<p>O time venceu no jogo de ida em Belo Horizonte e ter\u00e1 a vantagem do empate para avan\u00e7ar na competi\u00e7\u00e3o<\/p>\n","protected":false},"author":2,"featured_media":33678,"comment_status":"open","ping_status":"open","sticky":false,"template":"","format":"standard","meta":{"footnotes":""},"categories":[2660,25,2662,32,2651],"tags":[563,709,42,1131,2763,2201],"class_list":["post-33673","post","type-post","status-publish","format-standard","has-post-thumbnail","hentry","category-home-destaque","category-destaques","category-homeparte3","category-maiores","category-noticias","tag-cbfs","tag-copa-do-brasil","tag-fpfs","tag-futsal","tag-minas-tenis-clube","tag-sao-jose-futsal"],"_links":{"self":[{"href":"https:\/\/www.federacaopaulistadefutsal.com.br\/novo\/wp-json\/wp\/v2\/posts\/33673","targetHints":{"allow":["GET"]}}],"collection":[{"href":"https:\/\/www.federacaopaulistadefutsal.com.br\/novo\/wp-json\/wp\/v2\/posts"}],"about":[{"href":"https:\/\/www.federacaopaulistadefutsal.com.br\/novo\/wp-json\/wp\/v2\/types\/post"}],"author":[{"embeddable":true,"href":"https:\/\/www.federacaopaulistadefutsal.com.br\/novo\/wp-json\/wp\/v2\/users\/2"}],"replies":[{"embeddable":true,"href":"https:\/\/www.federacaopaulistadefutsal.com.br\/novo\/wp-json\/wp\/v2\/comments?post=33673"}],"version-history":[{"count":7,"href":"https:\/\/www.federacaopaulistadefutsal.com.br\/novo\/wp-json\/wp\/v2\/posts\/33673\/revisions"}],"predecessor-version":[{"id":33681,"href":"https:\/\/www.federacaopaulistadefutsal.com.br\/novo\/wp-json\/wp\/v2\/posts\/33673\/revisions\/33681"}],"wp:featuredmedia":[{"embeddable":true,"href":"https:\/\/www.federacaopaulistadefutsal.com.br\/novo\/wp-json\/wp\/v2\/media\/33678"}],"wp:attachment":[{"href":"https:\/\/www.federacaopaulistadefutsal.com.br\/novo\/wp-json\/wp\/v2\/media?parent=33673"}],"wp:term":[{"taxonomy":"category","embeddable":true,"href":"https:\/\/www.federacaopaulistadefutsal.com.br\/novo\/wp-json\/wp\/v2\/categories?post=33673"},{"taxonomy":"post_tag","embeddable":true,"href":"https:\/\/www.federacaopaulistadefutsal.com.br\/novo\/wp-json\/wp\/v2\/tags?post=33673"}],"curies":[{"name":"wp","href":"https:\/\/api.w.org\/{rel}","templated":true}]}}