{"id":33685,"date":"2021-05-19T15:32:05","date_gmt":"2021-05-19T15:32:05","guid":{"rendered":"http:\/\/www.federacaopaulistadefutsal.com.br\/novo\/?p=33685"},"modified":"2021-05-19T15:32:05","modified_gmt":"2021-05-19T15:32:05","slug":"copa-do-brasil-sao-jose-vence-minas-de-virada-e-encara-o-corinthians-na-proxima-fase-do-certame","status":"publish","type":"post","link":"https:\/\/www.federacaopaulistadefutsal.com.br\/novo\/copa-do-brasil-sao-jose-vence-minas-de-virada-e-encara-o-corinthians-na-proxima-fase-do-certame\/","title":{"rendered":"Copa do Brasil: S\u00e3o Jos\u00e9 vence Minas de virada e encara o Corinthians na pr\u00f3xima fase do certame"},"content":{"rendered":"<div class=\"mc-column content-text active-extra-styles active-capital-letter\" data-block-type=\"unstyled\" data-block-weight=\"49\" data-block-id=\"1\">\n<p class=\"content-text__container theme-color-primary-first-letter\" data-track-category=\"Link no Texto\" data-track-links=\"\">O S\u00e3o Jos\u00e9 Futsal venceu o Minas por 2 a 1, de virada, nesta ter\u00e7a-feira, 18, e se classificou para a pr\u00f3xima fase da Copa do Brasil. Os mineiros abriram o placar no gin\u00e1sio do T\u00eanis Clube com Ferro, e os joseenses viraram com gols de Bob e Vandinho.<\/p>\n<p><iframe style=\"border: none; overflow: hidden;\" src=\"https:\/\/www.facebook.com\/plugins\/video.php?height=314&amp;href=https%3A%2F%2Fwww.facebook.com%2Ffutsalsaojose%2Fvideos%2F514879236360165%2F&amp;show_text=false&amp;width=660\" width=\"660\" height=\"314\" frameborder=\"0\" scrolling=\"no\" allowfullscreen=\"allowfullscreen\"><\/iframe><\/p>\n<\/div>\n<div class=\"wall protected-content\">\n<p>\u00a0Na partida de ida, em Belo Horizonte,\u00a0os joseenses j\u00e1 haviam vencido por 3 a 2. Na pr\u00f3xima fase, o S\u00e3o Jos\u00e9 vai encarar o Corinthians. As datas do confronto ainda ser\u00e3o divulgadas.<\/p>\n<div data-track-category=\"multicontent\" data-track-action=\"ultimo chunk conteudo\" data-track-noninteraction=\"false\" data-track-scroll=\"view\">\n<div class=\"mc-column content-text active-extra-styles \" data-block-type=\"unstyled\" data-block-weight=\"16\" data-block-id=\"4\">\n<p class=\"content-text__container \" data-track-category=\"Link no Texto\" data-track-links=\"\">O S\u00e3o Jos\u00e9 se classificou para a competi\u00e7\u00e3o ap\u00f3s ter sido vice-campe\u00e3o do Campeonato Paulista na temporada 2020.<\/p>\n<\/div>\n<\/div>\n<\/div>\n","protected":false},"excerpt":{"rendered":"<p>O S\u00e3o Jos\u00e9 Futsal venceu o Minas por 2 a 1, de virada, nesta ter\u00e7a-feira, 18, e se classificou para<\/p>\n","protected":false},"author":2,"featured_media":33692,"comment_status":"open","ping_status":"open","sticky":false,"template":"","format":"standard","meta":{"footnotes":""},"categories":[2660,25,2662,32,2651],"tags":[563,709,42,1131,2763,2201],"class_list":["post-33685","post","type-post","status-publish","format-standard","has-post-thumbnail","hentry","category-home-destaque","category-destaques","category-homeparte3","category-maiores","category-noticias","tag-cbfs","tag-copa-do-brasil","tag-fpfs","tag-futsal","tag-minas-tenis-clube","tag-sao-jose-futsal"],"_links":{"self":[{"href":"https:\/\/www.federacaopaulistadefutsal.com.br\/novo\/wp-json\/wp\/v2\/posts\/33685","targetHints":{"allow":["GET"]}}],"collection":[{"href":"https:\/\/www.federacaopaulistadefutsal.com.br\/novo\/wp-json\/wp\/v2\/posts"}],"about":[{"href":"https:\/\/www.federacaopaulistadefutsal.com.br\/novo\/wp-json\/wp\/v2\/types\/post"}],"author":[{"embeddable":true,"href":"https:\/\/www.federacaopaulistadefutsal.com.br\/novo\/wp-json\/wp\/v2\/users\/2"}],"replies":[{"embeddable":true,"href":"https:\/\/www.federacaopaulistadefutsal.com.br\/novo\/wp-json\/wp\/v2\/comments?post=33685"}],"version-history":[{"count":6,"href":"https:\/\/www.federacaopaulistadefutsal.com.br\/novo\/wp-json\/wp\/v2\/posts\/33685\/revisions"}],"predecessor-version":[{"id":33691,"href":"https:\/\/www.federacaopaulistadefutsal.com.br\/novo\/wp-json\/wp\/v2\/posts\/33685\/revisions\/33691"}],"wp:featuredmedia":[{"embeddable":true,"href":"https:\/\/www.federacaopaulistadefutsal.com.br\/novo\/wp-json\/wp\/v2\/media\/33692"}],"wp:attachment":[{"href":"https:\/\/www.federacaopaulistadefutsal.com.br\/novo\/wp-json\/wp\/v2\/media?parent=33685"}],"wp:term":[{"taxonomy":"category","embeddable":true,"href":"https:\/\/www.federacaopaulistadefutsal.com.br\/novo\/wp-json\/wp\/v2\/categories?post=33685"},{"taxonomy":"post_tag","embeddable":true,"href":"https:\/\/www.federacaopaulistadefutsal.com.br\/novo\/wp-json\/wp\/v2\/tags?post=33685"}],"curies":[{"name":"wp","href":"https:\/\/api.w.org\/{rel}","templated":true}]}}