{"id":33773,"date":"2021-05-26T20:40:37","date_gmt":"2021-05-26T20:40:37","guid":{"rendered":"http:\/\/www.federacaopaulistadefutsal.com.br\/novo\/?p=33773"},"modified":"2021-06-24T01:32:26","modified_gmt":"2021-06-24T01:32:26","slug":"licenca-a-para-treinadores-de-futsal-das-categorias-sub-20-e-principal","status":"publish","type":"post","link":"https:\/\/www.federacaopaulistadefutsal.com.br\/novo\/licenca-a-para-treinadores-de-futsal-das-categorias-sub-20-e-principal\/","title":{"rendered":"LICEN\u00c7A A: Para Treinadores de Futsal das Categorias Sub-20 e Principal"},"content":{"rendered":"<p><strong>LICEN\u00c7A A<\/strong><\/p>\n<p>A LICEN\u00c7A \u00e9 uma tend\u00eancia mundial no meio esportivo, independente do profissional ter forma\u00e7\u00e3o em Educa\u00e7\u00e3o F\u00edsica e, tem por objetivo elevar o n\u00edvel de qualifica\u00e7\u00e3o e especializa\u00e7\u00e3o dos treinadores, estabelecendo uma cultura de forma\u00e7\u00e3o continuada para que o treinador esteja sempre atualizado.<\/p>\n<p>A LICEN\u00c7A estimula o treinador a atualizar seus conhecimentos e adquirir novas capacidades e compet\u00eancias atrav\u00e9s de pesquisas e estudos sobre futsal. O portador da licen\u00e7a ser\u00e1 um treinador mais reconhecido e valorizado. Focado na sua carreira, ter\u00e1 um diferencial competitivo no meio esportivo.<\/p>\n<p><a href=\"http:\/\/www.federacaopaulistadefutsal.com.br\/novo\/wp-content\/uploads\/2021\/05\/ARTE-BANNER-DE-COMPRA-LICEN\u00c7A-A-JPG.jpg\"><img fetchpriority=\"high\" decoding=\"async\" class=\"aligncenter wp-image-33775\" src=\"http:\/\/www.federacaopaulistadefutsal.com.br\/novo\/wp-content\/uploads\/2021\/05\/ARTE-BANNER-DE-COMPRA-LICEN\u00c7A-A-JPG.jpg\" alt=\"\" width=\"532\" height=\"533\" \/><\/a><\/p>\n<p><strong>Licen\u00e7a A<\/strong>\u00a0habilita os treinadores para atuarem nas categorias Sub 20 e Adultos<\/p>\n<p>Para obter a Licen\u00e7a A o treinador dever\u00e1 possuir as licen\u00e7as C e B.<\/p>\n<p>Os interessados dever\u00e3o se enquadrar em um dos perfis abaixo:<\/p>\n<p>P\u00daBLICO ALVO<\/p>\n<p>&nbsp;<\/p>\n<p>Perfil 1 \u2013 Treinadores Atuantes (Registrados na FPFS de 2015 em diante);<\/p>\n<p>Perfil 2 \u2013 Profissionais de Educa\u00e7\u00e3o F\u00edsica (Bacharel) ou Provisionados pelo CREF em Futsal;<\/p>\n<p>Perfil 3 \u2013 Estudantes de Educa\u00e7\u00e3o F\u00edsica (Licenciatura ou Bacharelado);<\/p>\n<p>Perfil 4 \u2013 Maiores de 18 anos com Ensino M\u00e9dio completo de n\u00edvel de escolaridade.<\/p>\n<p>&nbsp;<\/p>\n<p>FORMATO DO CURSO<\/p>\n<p>O Curso de Certifica\u00e7\u00e3o Profissional ser\u00e1 aplicado no formato SEMIPRESENCIAL. Atrav\u00e9s de uma plataforma de cursos EAD, disponibilizaremos v\u00eddeo aulas com os conte\u00fados program\u00e1ticos e realizaremos v\u00eddeo confer\u00eancias (Lives) entre alunos e professores. Tamb\u00e9m ser\u00e3o realizadas aulas presenciais para aplica\u00e7\u00e3o de atividades pr\u00e1ticas e avalia\u00e7\u00e3o final do curso. Al\u00e9m disso, os alunos ter\u00e3o atividades n\u00e3o presenciais como acompanhamento e observa\u00e7\u00e3o de treinamentos e jogos (est\u00e1gio) e realiza\u00e7\u00e3o de trabalhos de pesquisa.<\/p>\n<p>As v\u00eddeo aulas ficar\u00e3o dispon\u00edveis na plataforma EPF\u00a0 por 365 dias.<\/p>\n<p>&nbsp;<\/p>\n<p>Este curso est\u00e1 em fase de constru\u00e7\u00e3o. Em breve comunicaremos a abertura de inscri\u00e7\u00f5es<\/p>\n","protected":false},"excerpt":{"rendered":"<p>LICEN\u00c7A A A LICEN\u00c7A \u00e9 uma tend\u00eancia mundial no meio esportivo, independente do profissional ter forma\u00e7\u00e3o em Educa\u00e7\u00e3o F\u00edsica e,<\/p>\n","protected":false},"author":2,"featured_media":33775,"comment_status":"open","ping_status":"open","sticky":false,"template":"","format":"standard","meta":{"footnotes":""},"categories":[2653,3014],"tags":[],"class_list":["post-33773","post","type-post","status-publish","format-standard","has-post-thumbnail","hentry","category-cursos","category-licenca-a"],"_links":{"self":[{"href":"https:\/\/www.federacaopaulistadefutsal.com.br\/novo\/wp-json\/wp\/v2\/posts\/33773","targetHints":{"allow":["GET"]}}],"collection":[{"href":"https:\/\/www.federacaopaulistadefutsal.com.br\/novo\/wp-json\/wp\/v2\/posts"}],"about":[{"href":"https:\/\/www.federacaopaulistadefutsal.com.br\/novo\/wp-json\/wp\/v2\/types\/post"}],"author":[{"embeddable":true,"href":"https:\/\/www.federacaopaulistadefutsal.com.br\/novo\/wp-json\/wp\/v2\/users\/2"}],"replies":[{"embeddable":true,"href":"https:\/\/www.federacaopaulistadefutsal.com.br\/novo\/wp-json\/wp\/v2\/comments?post=33773"}],"version-history":[{"count":3,"href":"https:\/\/www.federacaopaulistadefutsal.com.br\/novo\/wp-json\/wp\/v2\/posts\/33773\/revisions"}],"predecessor-version":[{"id":33777,"href":"https:\/\/www.federacaopaulistadefutsal.com.br\/novo\/wp-json\/wp\/v2\/posts\/33773\/revisions\/33777"}],"wp:featuredmedia":[{"embeddable":true,"href":"https:\/\/www.federacaopaulistadefutsal.com.br\/novo\/wp-json\/wp\/v2\/media\/33775"}],"wp:attachment":[{"href":"https:\/\/www.federacaopaulistadefutsal.com.br\/novo\/wp-json\/wp\/v2\/media?parent=33773"}],"wp:term":[{"taxonomy":"category","embeddable":true,"href":"https:\/\/www.federacaopaulistadefutsal.com.br\/novo\/wp-json\/wp\/v2\/categories?post=33773"},{"taxonomy":"post_tag","embeddable":true,"href":"https:\/\/www.federacaopaulistadefutsal.com.br\/novo\/wp-json\/wp\/v2\/tags?post=33773"}],"curies":[{"name":"wp","href":"https:\/\/api.w.org\/{rel}","templated":true}]}}