{"id":33815,"date":"2021-06-05T20:21:15","date_gmt":"2021-06-05T20:21:15","guid":{"rendered":"http:\/\/www.federacaopaulistadefutsal.com.br\/novo\/?p=33815"},"modified":"2021-06-06T01:10:41","modified_gmt":"2021-06-06T01:10:41","slug":"corinthians-futsal-vence-aroeira-futsal-fora-de-casa-por-4-a-0-em-partida-de-estreia-pelo-campeonato-paulista-principal-2021","status":"publish","type":"post","link":"https:\/\/www.federacaopaulistadefutsal.com.br\/novo\/corinthians-futsal-vence-aroeira-futsal-fora-de-casa-por-4-a-0-em-partida-de-estreia-pelo-campeonato-paulista-principal-2021\/","title":{"rendered":"CORINTHIANS FUTSAL VENCE AROEIRA FUTSAL FORA DE CASA POR 4 A 0 EM PARTIDA DE ESTREIA PELO CAMPEONATO PAULISTA PRINCIPAL 2021"},"content":{"rendered":"<p>Hoje, 05\/06, pelo grupo B em partida v\u00e1lida pela primeira rodada do Campeonato Paulista Principal 2021, o Aroeira Futsal jogando no Gin\u00e1sio Independ\u00eancia, em Embu das Artes, enfrentou o S.C Corinthians Futsal e perdeu a partida por 4 a 0.<\/p>\n<p><a href=\"http:\/\/www.federacaopaulistadefutsal.com.br\/novo\/wp-content\/uploads\/2021\/06\/Diego-Alves-4127.jpg\"><img fetchpriority=\"high\" decoding=\"async\" class=\"aligncenter size-large wp-image-33823\" src=\"http:\/\/www.federacaopaulistadefutsal.com.br\/novo\/wp-content\/uploads\/2021\/06\/Diego-Alves-4127-1024x683.jpg\" alt=\"\" width=\"800\" height=\"534\" srcset=\"https:\/\/www.federacaopaulistadefutsal.com.br\/novo\/wp-content\/uploads\/2021\/06\/Diego-Alves-4127-1024x683.jpg 1024w, https:\/\/www.federacaopaulistadefutsal.com.br\/novo\/wp-content\/uploads\/2021\/06\/Diego-Alves-4127-300x200.jpg 300w, https:\/\/www.federacaopaulistadefutsal.com.br\/novo\/wp-content\/uploads\/2021\/06\/Diego-Alves-4127-768x512.jpg 768w, https:\/\/www.federacaopaulistadefutsal.com.br\/novo\/wp-content\/uploads\/2021\/06\/Diego-Alves-4127.jpg 2048w\" sizes=\"(max-width: 800px) 100vw, 800px\" \/><\/a><\/p>\n<p>As duas equipes tiveram um confronto bem parelho no primeiro per\u00edodo, mas o Corinthians Futsal abriu o placar aos 17 min com Vinicius Calvaneses. J\u00e1 no segundo per\u00edodo, a equipe do Parque S\u00e3o Jorge ampliou aos 22 min com Bryan Nicholas, aos 25 min com David Pasinato e aos 34 min com Matheus Isa\u00edas. Dando n\u00fameros finais ao jogo.<\/p>\n<p>&nbsp;<\/p>\n<blockquote class=\"instagram-media\" style=\"background: #FFF; border: 0; border-radius: 3px; box-shadow: 0 0 1px 0 rgba(0,0,0,0.5),0 1px 10px 0 rgba(0,0,0,0.15); margin: 1px; max-width: 540px; min-width: 326px; padding: 0; width: calc(100% - 2px);\" data-instgrm-permalink=\"https:\/\/www.instagram.com\/p\/CPwmni0rGMJ\/?utm_source=ig_embed&amp;utm_campaign=loading\" data-instgrm-version=\"13\">\n<div style=\"padding: 16px;\">\n<p>&nbsp;<\/p>\n<div style=\"display: flex; flex-direction: row; align-items: center;\"><\/div>\n<div style=\"padding: 19% 0;\"><\/div>\n<div style=\"display: block; height: 50px; margin: 0 auto 12px; width: 50px;\"><\/div>\n<div style=\"padding-top: 8px;\">\n<div style=\"color: #3897f0; font-family: Arial,sans-serif; font-size: 14px; font-style: normal; font-weight: 550; line-height: 18px;\">Ver essa foto no Instagram<\/div>\n<\/div>\n<div style=\"padding: 12.5% 0;\"><\/div>\n<div style=\"display: flex; flex-direction: row; margin-bottom: 14px; align-items: center;\"><\/div>\n<div style=\"display: flex; flex-direction: column; flex-grow: 1; justify-content: center; margin-bottom: 24px;\"><\/div>\n<p>&nbsp;<\/p>\n<p style=\"color: #c9c8cd; font-family: Arial,sans-serif; font-size: 14px; line-height: 17px; margin-bottom: 0; margin-top: 8px; overflow: hidden; padding: 8px 0 7px; text-align: center; text-overflow: ellipsis; white-space: nowrap;\"><a style=\"color: #c9c8cd; font-family: Arial,sans-serif; font-size: 14px; font-style: normal; font-weight: normal; line-height: 17px; text-decoration: none;\" href=\"https:\/\/www.instagram.com\/p\/CPwmni0rGMJ\/?utm_source=ig_embed&amp;utm_campaign=loading\" target=\"_blank\" rel=\"noopener\">Uma publica\u00e7\u00e3o compartilhada por Federa\u00e7\u00e3o Paulista de Futsal (@futsalpaulistaoficial)<\/a><\/p>\n<\/div>\n<\/blockquote>\n<p><script async src=\"\/\/www.instagram.com\/embed.js\"><\/script><\/p>\n<p>O Corinthians Futsal conquistou os 3 pontos e assumiu a lideran\u00e7a no Grupo B.<\/p>\n<p>Foto: Diego Alves\/ Aroeira Futsal<\/p>\n","protected":false},"excerpt":{"rendered":"<p>Hoje, 05\/06, pelo grupo B em partida v\u00e1lida pela primeira rodada do Campeonato Paulista Principal 2021, o Aroeira Futsal jogando<\/p>\n","protected":false},"author":2,"featured_media":33821,"comment_status":"open","ping_status":"open","sticky":false,"template":"","format":"standard","meta":{"footnotes":""},"categories":[2660,25,9,32,2651,1],"tags":[3030,2768,2710,3027,3031,42],"class_list":["post-33815","post","type-post","status-publish","format-standard","has-post-thumbnail","hentry","category-home-destaque","category-destaques","category-estadual-principal","category-maiores","category-noticias","category-novidades","tag-aroeirafutsal","tag-corinthiansfutsal","tag-federacaopaulistadefutsal","tag-futsaladulto","tag-ginasioindependencia-campeonatopaulista2021","tag-fpfs"],"_links":{"self":[{"href":"https:\/\/www.federacaopaulistadefutsal.com.br\/novo\/wp-json\/wp\/v2\/posts\/33815","targetHints":{"allow":["GET"]}}],"collection":[{"href":"https:\/\/www.federacaopaulistadefutsal.com.br\/novo\/wp-json\/wp\/v2\/posts"}],"about":[{"href":"https:\/\/www.federacaopaulistadefutsal.com.br\/novo\/wp-json\/wp\/v2\/types\/post"}],"author":[{"embeddable":true,"href":"https:\/\/www.federacaopaulistadefutsal.com.br\/novo\/wp-json\/wp\/v2\/users\/2"}],"replies":[{"embeddable":true,"href":"https:\/\/www.federacaopaulistadefutsal.com.br\/novo\/wp-json\/wp\/v2\/comments?post=33815"}],"version-history":[{"count":4,"href":"https:\/\/www.federacaopaulistadefutsal.com.br\/novo\/wp-json\/wp\/v2\/posts\/33815\/revisions"}],"predecessor-version":[{"id":33826,"href":"https:\/\/www.federacaopaulistadefutsal.com.br\/novo\/wp-json\/wp\/v2\/posts\/33815\/revisions\/33826"}],"wp:featuredmedia":[{"embeddable":true,"href":"https:\/\/www.federacaopaulistadefutsal.com.br\/novo\/wp-json\/wp\/v2\/media\/33821"}],"wp:attachment":[{"href":"https:\/\/www.federacaopaulistadefutsal.com.br\/novo\/wp-json\/wp\/v2\/media?parent=33815"}],"wp:term":[{"taxonomy":"category","embeddable":true,"href":"https:\/\/www.federacaopaulistadefutsal.com.br\/novo\/wp-json\/wp\/v2\/categories?post=33815"},{"taxonomy":"post_tag","embeddable":true,"href":"https:\/\/www.federacaopaulistadefutsal.com.br\/novo\/wp-json\/wp\/v2\/tags?post=33815"}],"curies":[{"name":"wp","href":"https:\/\/api.w.org\/{rel}","templated":true}]}}