{"id":33910,"date":"2021-06-18T03:58:44","date_gmt":"2021-06-18T03:58:44","guid":{"rendered":"http:\/\/www.federacaopaulistadefutsal.com.br\/novo\/?p=33910"},"modified":"2021-06-18T04:08:22","modified_gmt":"2021-06-18T04:08:22","slug":"sao-paulo-futsal-vence-o-sao-jose-futsal-pela-primeira-rodada-do-campeonato-paulista-sub-20","status":"publish","type":"post","link":"https:\/\/www.federacaopaulistadefutsal.com.br\/novo\/sao-paulo-futsal-vence-o-sao-jose-futsal-pela-primeira-rodada-do-campeonato-paulista-sub-20\/","title":{"rendered":"S\u00c3O PAULO FUTSAL VENCE O S\u00c3O JOS\u00c9 FUTSAL PELA PRIMEIRA RODADA DO CAMPEONATO PAULISTA SUB 20\u00a0"},"content":{"rendered":"<p>Hoje, 17\/06 em partida v\u00e1lida pela primeira rodada do Campeonato Paulista Sub 20, o S\u00e3o Paulo F.C jogou em casa no Gin\u00e1sio do Morumbi e venceu o S\u00e3o Jos\u00e9 Futsal por 5 a 2.<\/p>\n<p>Em primeiro tempo com amplo dom\u00ednio do time da casa, o S\u00e3o Paulo abriu 4 gols de vantagem. O primeiro gol foi marcado aos 7 min por Marquinhos. Aos 8 min ampliou novamente com Gustavo e aos 14 min Gustavo fez seu segundo gol na partida. Aos 15 min Renatinho ampliou e fez mais um para o time do Morumbi.<\/p>\n<p>Na segunda etapa, o S\u00e3o Jos\u00e9 Futsal conseguiu diminuir aos 33 min com Allef Senciel e aos 34 com Caio Geraldo.<\/p>\n<p>Fechando o placar Renatinho ampliou para o S\u00e3o Paulo, fez seu segundo gol no jogo aos 39 min dando n\u00fameros finais ao jogo.<\/p>\n<p>&nbsp;<\/p>\n<blockquote class=\"instagram-media\" style=\"background: #FFF; border: 0; border-radius: 3px; box-shadow: 0 0 1px 0 rgba(0,0,0,0.5),0 1px 10px 0 rgba(0,0,0,0.15); margin: 1px; max-width: 540px; min-width: 326px; padding: 0; width: calc(100% - 2px);\" data-instgrm-permalink=\"https:\/\/www.instagram.com\/p\/CQP152Ih82S\/?utm_source=ig_embed&amp;utm_campaign=loading\" data-instgrm-version=\"13\">\n<div style=\"padding: 16px;\">\n<p>&nbsp;<\/p>\n<div style=\"display: flex; flex-direction: row; align-items: center;\"><\/div>\n<div style=\"padding: 19% 0;\"><\/div>\n<div style=\"display: block; height: 50px; margin: 0 auto 12px; width: 50px;\"><\/div>\n<div style=\"padding-top: 8px;\">\n<div style=\"color: #3897f0; font-family: Arial,sans-serif; font-size: 14px; font-style: normal; font-weight: 550; line-height: 18px;\">Ver essa foto no Instagram<\/div>\n<\/div>\n<div style=\"padding: 12.5% 0;\"><\/div>\n<div style=\"display: flex; flex-direction: row; margin-bottom: 14px; align-items: center;\"><\/div>\n<div style=\"display: flex; flex-direction: column; flex-grow: 1; justify-content: center; margin-bottom: 24px;\"><\/div>\n<p>&nbsp;<\/p>\n<p style=\"color: #c9c8cd; font-family: Arial,sans-serif; font-size: 14px; line-height: 17px; margin-bottom: 0; margin-top: 8px; overflow: hidden; padding: 8px 0 7px; text-align: center; text-overflow: ellipsis; white-space: nowrap;\"><a style=\"color: #c9c8cd; font-family: Arial,sans-serif; font-size: 14px; font-style: normal; font-weight: normal; line-height: 17px; text-decoration: none;\" href=\"https:\/\/www.instagram.com\/p\/CQP152Ih82S\/?utm_source=ig_embed&amp;utm_campaign=loading\" target=\"_blank\" rel=\"noopener\">Uma publica\u00e7\u00e3o compartilhada por Federa\u00e7\u00e3o Paulista de Futsal (@futsalpaulistaoficial)<\/a><\/p>\n<\/div>\n<\/blockquote>\n<p><script async src=\"\/\/www.instagram.com\/embed.js\"><\/script><\/p>\n","protected":false},"excerpt":{"rendered":"<p>Hoje, 17\/06 em partida v\u00e1lida pela primeira rodada do Campeonato Paulista Sub 20, o S\u00e3o Paulo F.C jogou em casa<\/p>\n","protected":false},"author":2,"featured_media":33919,"comment_status":"open","ping_status":"open","sticky":false,"template":"","format":"standard","meta":{"footnotes":""},"categories":[2660,25,11,32,2651,1],"tags":[3050,2710,2734,3052,2829,1131,2716],"class_list":["post-33910","post","type-post","status-publish","format-standard","has-post-thumbnail","hentry","category-home-destaque","category-destaques","category-estadual-sub-20","category-maiores","category-noticias","category-novidades","tag-campeonatopaulistasub20","tag-federacaopaulistadefutsal","tag-saojosefutsal","tag-saopaulofc","tag-sub20","tag-futsal","tag-futsalpaulista"],"_links":{"self":[{"href":"https:\/\/www.federacaopaulistadefutsal.com.br\/novo\/wp-json\/wp\/v2\/posts\/33910","targetHints":{"allow":["GET"]}}],"collection":[{"href":"https:\/\/www.federacaopaulistadefutsal.com.br\/novo\/wp-json\/wp\/v2\/posts"}],"about":[{"href":"https:\/\/www.federacaopaulistadefutsal.com.br\/novo\/wp-json\/wp\/v2\/types\/post"}],"author":[{"embeddable":true,"href":"https:\/\/www.federacaopaulistadefutsal.com.br\/novo\/wp-json\/wp\/v2\/users\/2"}],"replies":[{"embeddable":true,"href":"https:\/\/www.federacaopaulistadefutsal.com.br\/novo\/wp-json\/wp\/v2\/comments?post=33910"}],"version-history":[{"count":4,"href":"https:\/\/www.federacaopaulistadefutsal.com.br\/novo\/wp-json\/wp\/v2\/posts\/33910\/revisions"}],"predecessor-version":[{"id":33921,"href":"https:\/\/www.federacaopaulistadefutsal.com.br\/novo\/wp-json\/wp\/v2\/posts\/33910\/revisions\/33921"}],"wp:featuredmedia":[{"embeddable":true,"href":"https:\/\/www.federacaopaulistadefutsal.com.br\/novo\/wp-json\/wp\/v2\/media\/33919"}],"wp:attachment":[{"href":"https:\/\/www.federacaopaulistadefutsal.com.br\/novo\/wp-json\/wp\/v2\/media?parent=33910"}],"wp:term":[{"taxonomy":"category","embeddable":true,"href":"https:\/\/www.federacaopaulistadefutsal.com.br\/novo\/wp-json\/wp\/v2\/categories?post=33910"},{"taxonomy":"post_tag","embeddable":true,"href":"https:\/\/www.federacaopaulistadefutsal.com.br\/novo\/wp-json\/wp\/v2\/tags?post=33910"}],"curies":[{"name":"wp","href":"https:\/\/api.w.org\/{rel}","templated":true}]}}