{"id":33990,"date":"2021-06-27T15:36:14","date_gmt":"2021-06-27T15:36:14","guid":{"rendered":"http:\/\/www.federacaopaulistadefutsal.com.br\/novo\/?p=33990"},"modified":"2021-06-27T15:42:16","modified_gmt":"2021-06-27T15:42:16","slug":"santo-andreintelli-vence-o-real-madruga-por-4-a-0-em-partida-atrasada-valida-pela-primeira-rodada-do-campeonato-paulista-principal","status":"publish","type":"post","link":"https:\/\/www.federacaopaulistadefutsal.com.br\/novo\/santo-andreintelli-vence-o-real-madruga-por-4-a-0-em-partida-atrasada-valida-pela-primeira-rodada-do-campeonato-paulista-principal\/","title":{"rendered":"SANTO ANDR\u00c9\/INTELLI VENCE O REAL MADRUGA POR 4 A 0 EM PARTIDA V\u00c1LIDA PELA PRIMEIRA RODADA DO CAMPEONATO PAULISTA PRINCIPAL"},"content":{"rendered":"<p>Hoje, 27\/06, pelo grupo B em partida remarcada v\u00e1lida pela primeira rodada do Campeonato Paulista Principal, o Santo Andr\u00e9\/Intelli jogou em casa no Gin\u00e1sio No\u00eamia Assump\u00e7\u00e3o em Santo Andr\u00e9, venceu o Real Madruga Futsal por 4 a 0.<\/p>\n<p>A partida foi decidida ainda no primeiro per\u00edodo, onde o ocorreram os 4 gols do jogo.<\/p>\n<p>A equipe da casa abriu o placar aos 12 min com Gleison de Sousa. Aos 14 min ampliou o marcador com Gabriel Rodrigues e novamente aos 15 min com Gabriel Rodrigues autor de dois gols no jogo e foi um dos destaques da equipe de Santo Andr\u00e9.<\/p>\n<p>Fechando o placar aos 18 min, pouco antes do final do primeiro tempo, Everton Felipe deu n\u00fameros finais ao jogo e os tr\u00eas pontos para a equipe da casa, que lidera o grupo B com 7 pontos.<\/p>\n<p>Foto:\u00a0Gustavo Ribeiro\/10ports<\/p>\n","protected":false},"excerpt":{"rendered":"<p>Hoje, 27\/06, pelo grupo B em partida remarcada v\u00e1lida pela primeira rodada do Campeonato Paulista Principal, o Santo Andr\u00e9\/Intelli jogou<\/p>\n","protected":false},"author":2,"featured_media":33991,"comment_status":"open","ping_status":"open","sticky":false,"template":"","format":"standard","meta":{"footnotes":""},"categories":[2660,25,32,2651],"tags":[487,42,1131,2694,2999],"class_list":["post-33990","post","type-post","status-publish","format-standard","has-post-thumbnail","hentry","category-home-destaque","category-destaques","category-maiores","category-noticias","tag-campeonato-paulista","tag-fpfs","tag-futsal","tag-real-madruga","tag-santo-andreintelli"],"_links":{"self":[{"href":"https:\/\/www.federacaopaulistadefutsal.com.br\/novo\/wp-json\/wp\/v2\/posts\/33990","targetHints":{"allow":["GET"]}}],"collection":[{"href":"https:\/\/www.federacaopaulistadefutsal.com.br\/novo\/wp-json\/wp\/v2\/posts"}],"about":[{"href":"https:\/\/www.federacaopaulistadefutsal.com.br\/novo\/wp-json\/wp\/v2\/types\/post"}],"author":[{"embeddable":true,"href":"https:\/\/www.federacaopaulistadefutsal.com.br\/novo\/wp-json\/wp\/v2\/users\/2"}],"replies":[{"embeddable":true,"href":"https:\/\/www.federacaopaulistadefutsal.com.br\/novo\/wp-json\/wp\/v2\/comments?post=33990"}],"version-history":[{"count":2,"href":"https:\/\/www.federacaopaulistadefutsal.com.br\/novo\/wp-json\/wp\/v2\/posts\/33990\/revisions"}],"predecessor-version":[{"id":33996,"href":"https:\/\/www.federacaopaulistadefutsal.com.br\/novo\/wp-json\/wp\/v2\/posts\/33990\/revisions\/33996"}],"wp:featuredmedia":[{"embeddable":true,"href":"https:\/\/www.federacaopaulistadefutsal.com.br\/novo\/wp-json\/wp\/v2\/media\/33991"}],"wp:attachment":[{"href":"https:\/\/www.federacaopaulistadefutsal.com.br\/novo\/wp-json\/wp\/v2\/media?parent=33990"}],"wp:term":[{"taxonomy":"category","embeddable":true,"href":"https:\/\/www.federacaopaulistadefutsal.com.br\/novo\/wp-json\/wp\/v2\/categories?post=33990"},{"taxonomy":"post_tag","embeddable":true,"href":"https:\/\/www.federacaopaulistadefutsal.com.br\/novo\/wp-json\/wp\/v2\/tags?post=33990"}],"curies":[{"name":"wp","href":"https:\/\/api.w.org\/{rel}","templated":true}]}}