{"id":34029,"date":"2021-07-04T15:25:29","date_gmt":"2021-07-04T15:25:29","guid":{"rendered":"http:\/\/www.federacaopaulistadefutsal.com.br\/novo\/?p=34029"},"modified":"2021-07-05T16:23:59","modified_gmt":"2021-07-05T16:23:59","slug":"sao-bernardo-futsal-vence-o-real-madruga-pelo-grupo-b-por-5-a-4-no-campeonato-paulista-principal","status":"publish","type":"post","link":"https:\/\/www.federacaopaulistadefutsal.com.br\/novo\/sao-bernardo-futsal-vence-o-real-madruga-pelo-grupo-b-por-5-a-4-no-campeonato-paulista-principal\/","title":{"rendered":"S\u00c3O BERNARDO FUTSAL VENCE O REAL MADRUGA PELO GRUPO B POR 5 A 4 NO CAMPEONATO PAULISTA PRINCIPAL"},"content":{"rendered":"<p>Ontem, 03\/07, pelo grupo B em partida v\u00e1lida pela terceira rodada do Campeonato Paulista Principal, o S\u00e3o Bernardo Futsal jogou em casa no Gin\u00e1sio Moys\u00e9s DIB em S\u00e3o Bernardo do Campo, e venceu o Real Madruga Futsal por 5 a 4.<\/p>\n<p>&nbsp;<\/p>\n<p>&nbsp;<\/p>\n<p>Em um primeiro per\u00edodo com 3 gols, o time da casa abriu o placar aos 4 min de jogo com um gol contra do Real Madruga. Aos 18 min Agnaldo Aparecido empatou para o Real, mas pouco antes do final da primeira etapa Jonathan Aparecido deixou o S\u00e3o Bernardo novamente em vantagem.<\/p>\n<p>&nbsp;<\/p>\n<p>Na segunda etapa as equipes voltaram em ritmo forte novamente, aos 23 min Felipe Pereira igualou o marcador para a equipe visitante.<\/p>\n<p>&nbsp;<\/p>\n<p>Aos 32 min Agnaldo Aparecido marcou seu segundo e deu a vantagem para o Real Madruga, em um per\u00edodo de 4 min o placar mudou de lado duas vezes. Aos 33 min o S\u00e3o Bernardo empatou com Gildemar Nascimento, aos 34 min Agnaldo Aparecido marcando seu 3\u00b0 jogo colocou o Real Madruga em vantagem mais uma vez.<\/p>\n<p>&nbsp;<\/p>\n<p>Aos 35 min Gildemar Nascimento fez seu segundo e colocou igualdade no marcador. E aos 38 min finalzinho do jogo Andrey Gomes deu a vit\u00f3ria e os tr\u00eas pontos para a equipe da casa.<\/p>\n<p>&nbsp;<\/p>\n<p>Foto: Gustavo Ribeiro\/10ports<\/p>\n","protected":false},"excerpt":{"rendered":"<p>Ontem, 03\/07, pelo grupo B em partida v\u00e1lida pela terceira rodada do Campeonato Paulista Principal, o S\u00e3o Bernardo Futsal jogou<\/p>\n","protected":false},"author":2,"featured_media":34030,"comment_status":"open","ping_status":"open","sticky":false,"template":"","format":"standard","meta":{"footnotes":""},"categories":[2660,25,9,32,2651,1],"tags":[3050,2710,3027,3056,2889,2973,2716],"class_list":["post-34029","post","type-post","status-publish","format-standard","has-post-thumbnail","hentry","category-home-destaque","category-destaques","category-estadual-principal","category-maiores","category-noticias","category-novidades","tag-campeonatopaulistasub20","tag-federacaopaulistadefutsal","tag-futsaladulto","tag-ginasiomoysesdib","tag-realmadrugafutsal","tag-saobernardofutsal","tag-futsalpaulista"],"_links":{"self":[{"href":"https:\/\/www.federacaopaulistadefutsal.com.br\/novo\/wp-json\/wp\/v2\/posts\/34029","targetHints":{"allow":["GET"]}}],"collection":[{"href":"https:\/\/www.federacaopaulistadefutsal.com.br\/novo\/wp-json\/wp\/v2\/posts"}],"about":[{"href":"https:\/\/www.federacaopaulistadefutsal.com.br\/novo\/wp-json\/wp\/v2\/types\/post"}],"author":[{"embeddable":true,"href":"https:\/\/www.federacaopaulistadefutsal.com.br\/novo\/wp-json\/wp\/v2\/users\/2"}],"replies":[{"embeddable":true,"href":"https:\/\/www.federacaopaulistadefutsal.com.br\/novo\/wp-json\/wp\/v2\/comments?post=34029"}],"version-history":[{"count":1,"href":"https:\/\/www.federacaopaulistadefutsal.com.br\/novo\/wp-json\/wp\/v2\/posts\/34029\/revisions"}],"predecessor-version":[{"id":34031,"href":"https:\/\/www.federacaopaulistadefutsal.com.br\/novo\/wp-json\/wp\/v2\/posts\/34029\/revisions\/34031"}],"wp:featuredmedia":[{"embeddable":true,"href":"https:\/\/www.federacaopaulistadefutsal.com.br\/novo\/wp-json\/wp\/v2\/media\/34030"}],"wp:attachment":[{"href":"https:\/\/www.federacaopaulistadefutsal.com.br\/novo\/wp-json\/wp\/v2\/media?parent=34029"}],"wp:term":[{"taxonomy":"category","embeddable":true,"href":"https:\/\/www.federacaopaulistadefutsal.com.br\/novo\/wp-json\/wp\/v2\/categories?post=34029"},{"taxonomy":"post_tag","embeddable":true,"href":"https:\/\/www.federacaopaulistadefutsal.com.br\/novo\/wp-json\/wp\/v2\/tags?post=34029"}],"curies":[{"name":"wp","href":"https:\/\/api.w.org\/{rel}","templated":true}]}}