{"id":34509,"date":"2021-12-06T16:21:59","date_gmt":"2021-12-06T16:21:59","guid":{"rendered":"http:\/\/www.federacaopaulistadefutsal.com.br\/novo\/?p=34509"},"modified":"2021-12-06T16:21:59","modified_gmt":"2021-12-06T16:21:59","slug":"magnus-futsal-goleia-o-corinthians-na-decisao-do-2o-turno-e-e-campeao-invicto-do-paulista-de-futsal","status":"publish","type":"post","link":"https:\/\/www.federacaopaulistadefutsal.com.br\/novo\/magnus-futsal-goleia-o-corinthians-na-decisao-do-2o-turno-e-e-campeao-invicto-do-paulista-de-futsal\/","title":{"rendered":"Magnus Futsal goleia o Corinthians na decis\u00e3o do 2\u00ba turno e \u00e9 campe\u00e3o invicto do Paulista de futsal"},"content":{"rendered":"<p>A equipe do interior venceu o Corinthians por 6 a 1, na noite desta sexta-feira, na Arena Sorocaba, na decis\u00e3o do segundo turno e ficou com o t\u00edtulo de maneira invicta e antecipada, uma vez que havia vencido tamb\u00e9m a primeira fase.<\/p>\n<p><iframe title=\"YouTube video player\" src=\"https:\/\/www.youtube.com\/embed\/inLVCnbtNyo?start=2084\" width=\"760\" height=\"515\" frameborder=\"0\" allowfullscreen=\"allowfullscreen\"><\/iframe><\/p>\n<p>Os gols da vit\u00f3ria sorocabana foram marcados por Rodrigo, Alisson (2), Kevin, Danilo Baron e Lucas Oliveira. O gol de honra corintiano foi marcado por Rabisco.<\/p>\n<p><img decoding=\"async\" class=\"aligncenter\" src=\"https:\/\/www.magnusfutsal.com.br\/system\/post_assets\/images\/000\/002\/597\/big\/c5fe41f4-e6f2-4ae6-963a-a5651dd2e8ac_2.jpg?1608161644\" alt=\"C5fe41f4 e6f2 4ae6 963a a5651dd2e8ac 2\" \/><\/p>\n<p>Campe\u00e3o em 2020, o Sorocaba conquista o seu segundo t\u00edtulo do estadual, que retornou ao calend\u00e1rio do futsal em 2019. A equipe termina a competi\u00e7\u00e3o com 15 vit\u00f3rias e dois empates, tendo marcado 74 gols e sofrido 12.<\/p>\n<p>O Sorocaba volta as aten\u00e7\u00f5es agora para a decis\u00e3o da Liga Nacional de Futsal (LNF). A equipe enfrenta o Cascavel nos dias 12 e 19 de dezembro. O primeiro jogo acontece em Sorocaba e o segundo em Cascavel.<\/p>\n<div id='gallery-1' class='gallery galleryid-34509 gallery-columns-2 gallery-size-full'><figure class='gallery-item'>\n\t\t\t<div class='gallery-icon landscape'>\n\t\t\t\t<a href='https:\/\/www.federacaopaulistadefutsal.com.br\/novo\/wp-content\/uploads\/2021\/12\/WhatsApp-Image-2021-12-03-at-23.01.51.jpeg'><img fetchpriority=\"high\" decoding=\"async\" width=\"1600\" height=\"1116\" src=\"https:\/\/www.federacaopaulistadefutsal.com.br\/novo\/wp-content\/uploads\/2021\/12\/WhatsApp-Image-2021-12-03-at-23.01.51.jpeg\" class=\"attachment-full size-full\" alt=\"\" aria-describedby=\"gallery-1-34512\" srcset=\"https:\/\/www.federacaopaulistadefutsal.com.br\/novo\/wp-content\/uploads\/2021\/12\/WhatsApp-Image-2021-12-03-at-23.01.51.jpeg 1600w, https:\/\/www.federacaopaulistadefutsal.com.br\/novo\/wp-content\/uploads\/2021\/12\/WhatsApp-Image-2021-12-03-at-23.01.51-300x209.jpeg 300w, https:\/\/www.federacaopaulistadefutsal.com.br\/novo\/wp-content\/uploads\/2021\/12\/WhatsApp-Image-2021-12-03-at-23.01.51-768x536.jpeg 768w, https:\/\/www.federacaopaulistadefutsal.com.br\/novo\/wp-content\/uploads\/2021\/12\/WhatsApp-Image-2021-12-03-at-23.01.51-1024x714.jpeg 1024w, https:\/\/www.federacaopaulistadefutsal.com.br\/novo\/wp-content\/uploads\/2021\/12\/WhatsApp-Image-2021-12-03-at-23.01.51-392x272.jpeg 392w, https:\/\/www.federacaopaulistadefutsal.com.br\/novo\/wp-content\/uploads\/2021\/12\/WhatsApp-Image-2021-12-03-at-23.01.51-130x90.jpeg 130w\" sizes=\"(max-width: 1600px) 100vw, 1600px\" \/><\/a>\n\t\t\t<\/div>\n\t\t\t\t<figcaption class='wp-caption-text gallery-caption' id='gallery-1-34512'>\n\t\t\t\tMagnus Futsal, campe\u00e3o Paulista de Futsal 2021 | Foto: Yuri Gomes &#8211; Elite Comunica\u00e7\u00e3o\n\t\t\t\t<\/figcaption><\/figure><figure class='gallery-item'>\n\t\t\t<div class='gallery-icon landscape'>\n\t\t\t\t<a href='https:\/\/www.federacaopaulistadefutsal.com.br\/novo\/wp-content\/uploads\/2021\/12\/WhatsApp-Image-2021-12-03-at-23.01.50.jpeg'><img decoding=\"async\" width=\"1600\" height=\"1220\" src=\"https:\/\/www.federacaopaulistadefutsal.com.br\/novo\/wp-content\/uploads\/2021\/12\/WhatsApp-Image-2021-12-03-at-23.01.50.jpeg\" class=\"attachment-full size-full\" alt=\"\" aria-describedby=\"gallery-1-34511\" srcset=\"https:\/\/www.federacaopaulistadefutsal.com.br\/novo\/wp-content\/uploads\/2021\/12\/WhatsApp-Image-2021-12-03-at-23.01.50.jpeg 1600w, https:\/\/www.federacaopaulistadefutsal.com.br\/novo\/wp-content\/uploads\/2021\/12\/WhatsApp-Image-2021-12-03-at-23.01.50-300x229.jpeg 300w, https:\/\/www.federacaopaulistadefutsal.com.br\/novo\/wp-content\/uploads\/2021\/12\/WhatsApp-Image-2021-12-03-at-23.01.50-768x586.jpeg 768w, https:\/\/www.federacaopaulistadefutsal.com.br\/novo\/wp-content\/uploads\/2021\/12\/WhatsApp-Image-2021-12-03-at-23.01.50-1024x781.jpeg 1024w\" sizes=\"(max-width: 1600px) 100vw, 1600px\" \/><\/a>\n\t\t\t<\/div>\n\t\t\t\t<figcaption class='wp-caption-text gallery-caption' id='gallery-1-34511'>\n\t\t\t\tSC Corinthians Futsal, vice-campe\u00e3o Paulista de Futsal 2021 | Foto: Yuri Gomes &#8211; Elite Comunica\u00e7\u00e3o\n\t\t\t\t<\/figcaption><\/figure>\n\t\t<\/div>\n\n<p>&nbsp;<\/p>\n","protected":false},"excerpt":{"rendered":"<p>A equipe do interior venceu o Corinthians por 6 a 1, na noite desta sexta-feira, na Arena Sorocaba, na decis\u00e3o<\/p>\n","protected":false},"author":2,"featured_media":34510,"comment_status":"open","ping_status":"open","sticky":false,"template":"","format":"standard","meta":{"footnotes":""},"categories":[2660,25,2662,32,2651],"tags":[735,1071,42,1571,3076],"class_list":["post-34509","post","type-post","status-publish","format-standard","has-post-thumbnail","hentry","category-home-destaque","category-destaques","category-homeparte3","category-maiores","category-noticias","tag-corinthians-futsal","tag-final","tag-fpfs","tag-magnus-futsal","tag-paulista-de-futsal"],"_links":{"self":[{"href":"https:\/\/www.federacaopaulistadefutsal.com.br\/novo\/wp-json\/wp\/v2\/posts\/34509","targetHints":{"allow":["GET"]}}],"collection":[{"href":"https:\/\/www.federacaopaulistadefutsal.com.br\/novo\/wp-json\/wp\/v2\/posts"}],"about":[{"href":"https:\/\/www.federacaopaulistadefutsal.com.br\/novo\/wp-json\/wp\/v2\/types\/post"}],"author":[{"embeddable":true,"href":"https:\/\/www.federacaopaulistadefutsal.com.br\/novo\/wp-json\/wp\/v2\/users\/2"}],"replies":[{"embeddable":true,"href":"https:\/\/www.federacaopaulistadefutsal.com.br\/novo\/wp-json\/wp\/v2\/comments?post=34509"}],"version-history":[{"count":2,"href":"https:\/\/www.federacaopaulistadefutsal.com.br\/novo\/wp-json\/wp\/v2\/posts\/34509\/revisions"}],"predecessor-version":[{"id":34514,"href":"https:\/\/www.federacaopaulistadefutsal.com.br\/novo\/wp-json\/wp\/v2\/posts\/34509\/revisions\/34514"}],"wp:featuredmedia":[{"embeddable":true,"href":"https:\/\/www.federacaopaulistadefutsal.com.br\/novo\/wp-json\/wp\/v2\/media\/34510"}],"wp:attachment":[{"href":"https:\/\/www.federacaopaulistadefutsal.com.br\/novo\/wp-json\/wp\/v2\/media?parent=34509"}],"wp:term":[{"taxonomy":"category","embeddable":true,"href":"https:\/\/www.federacaopaulistadefutsal.com.br\/novo\/wp-json\/wp\/v2\/categories?post=34509"},{"taxonomy":"post_tag","embeddable":true,"href":"https:\/\/www.federacaopaulistadefutsal.com.br\/novo\/wp-json\/wp\/v2\/tags?post=34509"}],"curies":[{"name":"wp","href":"https:\/\/api.w.org\/{rel}","templated":true}]}}