{"id":34713,"date":"2022-02-17T14:54:28","date_gmt":"2022-02-17T14:54:28","guid":{"rendered":"https:\/\/www.federacaopaulistadefutsal.com.br\/novo\/?p=34713"},"modified":"2022-02-22T21:23:32","modified_gmt":"2022-02-22T21:23:32","slug":"campeonato-metropolitano-a1-iniciara-no-dia-12-de-marco-com-26-equipes","status":"publish","type":"post","link":"https:\/\/www.federacaopaulistadefutsal.com.br\/novo\/campeonato-metropolitano-a1-iniciara-no-dia-12-de-marco-com-26-equipes\/","title":{"rendered":"Campeonato Metropolitano A1 iniciar\u00e1 no dia 12 de mar\u00e7o com 26 equipes"},"content":{"rendered":"<p>No \u00faltimo dia, 15\/02, foi realizada videoconfer\u00eancia, Conselho Arbitral da S\u00e9rie A1\u00a0 do Campeonato Metropolitano Categorias de Base &#8211; Masculino, para a discuss\u00e3o e alinhamento da temporada 2022.<\/p>\n<p>O congresso t\u00e9cnico, desta ter\u00e7a-feira, contou com a <strong>presen\u00e7a maci\u00e7a<\/strong> dos representantes dos principais clubes do Estado de S\u00e3o Paulo e, devido a isso, a FPFS agradece a participa\u00e7\u00e3o das equipes j\u00e1 tradicionais e deseja uma excelente temporada aos filiados da entidade.<\/p>\n<p>Com in\u00edcio no dia <strong>12\/mar\u00e7o\/2022,<\/strong>\u00a0 26 equipes disputam a competi\u00e7\u00e3o em 3 grupos, sendo que, o Grupo A composto por 8 equipes e os Grupos B e C por 9 equipes jogando dentro do mesmo agrupamento em turno \u00fanico.<\/p>\n<p>Classificam-se para a 2\u00aa Fase 16 equipes, sendo os 5 primeiros de cada grupo mais o 6\u00ba colocado. Esta fase ser\u00e1 disputada no sistema de eliminat\u00f3ria dupla, ao final desta fase conheceremos os campe\u00f5es das Chaves Ouro e Prata.<\/p>\n<table width=\"682\">\n<tbody>\n<tr>\n<td style=\"text-align: center;\" width=\"219\"><span style=\"color: #ff0000;\"><strong>GRUPO A<\/strong><\/span><\/td>\n<td style=\"text-align: center;\" width=\"211\"><span style=\"color: #ff0000;\"><strong>GRUPO B<\/strong><\/span><\/td>\n<td style=\"text-align: center;\" width=\"252\"><span style=\"color: #ff0000;\"><strong>GRUPO C<\/strong><\/span><\/td>\n<\/tr>\n<tr>\n<td style=\"text-align: center;\">S.C. Corinthians Paulista<\/td>\n<td style=\"text-align: center;\">S\u00e3o Paulo F.C.<\/td>\n<td style=\"text-align: center;\">Santos F.C.<\/td>\n<\/tr>\n<tr>\n<td style=\"text-align: center;\">Liga Sancaetanense de Futsal<\/td>\n<td style=\"text-align: center;\">Audax\/Osasco<\/td>\n<td style=\"text-align: center;\">ASF\/Magnus Futsal<\/td>\n<\/tr>\n<tr>\n<td style=\"text-align: center;\">C.E. da Penha<\/td>\n<td style=\"text-align: center;\">C.A. Tabuca Juniors<\/td>\n<td style=\"text-align: center;\">Lausanne Paulista F.C.<\/td>\n<\/tr>\n<tr>\n<td style=\"text-align: center;\">S\u00e3o Caetano RSF<\/td>\n<td style=\"text-align: center;\">A.D. Indaiatuba\/Indacor\/Loft<\/td>\n<td style=\"text-align: center;\">S.E. Elite Itaquerense<\/td>\n<\/tr>\n<tr>\n<td style=\"text-align: center;\">C.A. Juventus<\/td>\n<td style=\"text-align: center;\">A.D.C. S\u00e3o Bernardo Futsal<\/td>\n<td style=\"text-align: center;\">S\u00e3o Jos\u00e9 Futsal<\/td>\n<\/tr>\n<tr>\n<td style=\"text-align: center;\">OPC\/Gr\u00eamio\/EC Praia Grande<\/td>\n<td style=\"text-align: center;\">A.A. Banco do Brasil<\/td>\n<td style=\"text-align: center;\">A.D. Santo Andr\u00e9 Futsal<\/td>\n<\/tr>\n<tr>\n<td style=\"text-align: center;\">Wimpro Menores Guarulhos<\/td>\n<td style=\"text-align: center;\">Mogi das Cruzes E.C.<\/td>\n<td style=\"text-align: center;\">SEMELP Pinda\/AAF\/ Gr\u00eamio Uni\u00e3o<\/td>\n<\/tr>\n<tr>\n<td style=\"text-align: center;\">S.E. Palmeiras<\/td>\n<td style=\"text-align: center;\">Taubat\u00e9 Umbro Futsal<\/td>\n<td style=\"text-align: center;\"><strong>C.T.C. Vila Ema*<\/strong><\/td>\n<\/tr>\n<tr>\n<td style=\"text-align: center;\"><\/td>\n<td style=\"text-align: center;\"><strong>ACAP Futsal*<\/strong><\/td>\n<td style=\"text-align: center;\"><strong>Guarulhos Futsal LGFS*<\/strong><\/td>\n<\/tr>\n<\/tbody>\n<\/table>\n<p>*Excepcionalmente, nesta temporada o Campeonato Metropolitano, S\u00e9rie A1, ser\u00e1 disputado por 26 equipes, visto que, no ano de 2021 n\u00e3o houve rebaixamento. As equipes,\u00a0 <strong>CTC Vila Ema<\/strong>,\u00a0<strong>ACAP Futsal <\/strong>e<strong> Guarulhos Futsal LGFS,\u00a0<\/strong>obtiveram acesso \u00e0 S\u00e9rie A1 seguindo a classifica\u00e7\u00e3o no ranking.<\/p>\n<p>Portanto ao final da competi\u00e7\u00e3o, 4 equipes ser\u00e3o rebaixadas para S\u00e9rie A2 de 2023 e a S\u00e9rie A1 voltar\u00e1 a ter com 24 participantes contando com acesso das 2 melhores equipes da S\u00e9rie A2.<\/p>\n<p><strong>PRAZO DE INSCRI\u00c7\u00c3O DE ATLETAS:<\/strong><br \/>\nAt\u00e9 a Fase de Quartas de Finais.<\/p>\n<p><b>\u2022 JOGOS<br \/>\n<\/b><b>Ordem dos jogos:<br \/>\n<\/b><b>Sub 18 &#8211; <\/b>1\u00ba jogo<b><br \/>\n<\/b><b>Sub 16\u00a0<\/b>&#8211; 2\u00ba jogo<b><br \/>\n<\/b><b>Sub 14\u00a0<\/b>&#8211; 3\u00ba jogo<b><br \/>\n<\/b><b>Sub 12\u00a0<\/b>&#8211; 4\u00ba jogo<\/p>\n<p><strong>OBSERVA\u00c7\u00d5ES:<br \/>\n<\/strong>Nesta temporada teremos o retorno do uso de coletes para os atletas reservas, troca de lados da quadra e libera\u00e7\u00e3o do uso de vesti\u00e1rios.<\/p>\n<p><strong>FINAIS DO CAMPEONATO PAULISTA S\u00c9RIE A1 &#8211; OURO 2021<\/strong><\/p>\n<p><iframe title=\"YouTube video player\" src=\"https:\/\/www.youtube.com\/embed\/vRtAWrTVDOA?start=1023\" width=\"560\" height=\"315\" frameborder=\"0\" allowfullscreen=\"allowfullscreen\"><\/iframe><iframe title=\"YouTube video player\" src=\"https:\/\/www.youtube.com\/embed\/KVmmSEx_tJI?start=817\" width=\"560\" height=\"315\" frameborder=\"0\" allowfullscreen=\"allowfullscreen\"><\/iframe><\/p>\n<p>&nbsp;<\/p>\n<p><iframe title=\"YouTube video player\" src=\"https:\/\/www.youtube.com\/embed\/2L7lTA8l0NM?start=930\" width=\"560\" height=\"315\" frameborder=\"0\" allowfullscreen=\"allowfullscreen\"><\/iframe><\/p>\n<p><iframe title=\"YouTube video player\" src=\"https:\/\/www.youtube.com\/embed\/wi-Cw5f4v7I?start=666\" width=\"560\" height=\"315\" frameborder=\"0\" allowfullscreen=\"allowfullscreen\"><\/iframe><\/p>\n<p><strong>Desejamos \u00f3tima temporada a todos os participantes!<\/strong><\/p>\n","protected":false},"excerpt":{"rendered":"<p>No \u00faltimo dia, 15\/02, foi realizada videoconfer\u00eancia, Conselho Arbitral da S\u00e9rie A1\u00a0 do Campeonato Metropolitano Categorias de Base &#8211; Masculino,<\/p>\n","protected":false},"author":2,"featured_media":33491,"comment_status":"open","ping_status":"open","sticky":false,"template":"","format":"standard","meta":{"footnotes":""},"categories":[2660,25,2662,33,2651],"tags":[2995,552,1607,2276],"class_list":["post-34713","post","type-post","status-publish","format-standard","has-post-thumbnail","hentry","category-home-destaque","category-destaques","category-homeparte3","category-menores","category-noticias","tag-campeonato-metropolitano","tag-categorias-de-base","tag-masculino","tag-serie-a1"],"_links":{"self":[{"href":"https:\/\/www.federacaopaulistadefutsal.com.br\/novo\/wp-json\/wp\/v2\/posts\/34713","targetHints":{"allow":["GET"]}}],"collection":[{"href":"https:\/\/www.federacaopaulistadefutsal.com.br\/novo\/wp-json\/wp\/v2\/posts"}],"about":[{"href":"https:\/\/www.federacaopaulistadefutsal.com.br\/novo\/wp-json\/wp\/v2\/types\/post"}],"author":[{"embeddable":true,"href":"https:\/\/www.federacaopaulistadefutsal.com.br\/novo\/wp-json\/wp\/v2\/users\/2"}],"replies":[{"embeddable":true,"href":"https:\/\/www.federacaopaulistadefutsal.com.br\/novo\/wp-json\/wp\/v2\/comments?post=34713"}],"version-history":[{"count":8,"href":"https:\/\/www.federacaopaulistadefutsal.com.br\/novo\/wp-json\/wp\/v2\/posts\/34713\/revisions"}],"predecessor-version":[{"id":34761,"href":"https:\/\/www.federacaopaulistadefutsal.com.br\/novo\/wp-json\/wp\/v2\/posts\/34713\/revisions\/34761"}],"wp:featuredmedia":[{"embeddable":true,"href":"https:\/\/www.federacaopaulistadefutsal.com.br\/novo\/wp-json\/wp\/v2\/media\/33491"}],"wp:attachment":[{"href":"https:\/\/www.federacaopaulistadefutsal.com.br\/novo\/wp-json\/wp\/v2\/media?parent=34713"}],"wp:term":[{"taxonomy":"category","embeddable":true,"href":"https:\/\/www.federacaopaulistadefutsal.com.br\/novo\/wp-json\/wp\/v2\/categories?post=34713"},{"taxonomy":"post_tag","embeddable":true,"href":"https:\/\/www.federacaopaulistadefutsal.com.br\/novo\/wp-json\/wp\/v2\/tags?post=34713"}],"curies":[{"name":"wp","href":"https:\/\/api.w.org\/{rel}","templated":true}]}}