{"id":34724,"date":"2022-02-18T17:15:21","date_gmt":"2022-02-18T17:15:21","guid":{"rendered":"https:\/\/www.federacaopaulistadefutsal.com.br\/novo\/?p=34724"},"modified":"2022-02-18T17:17:47","modified_gmt":"2022-02-18T17:17:47","slug":"nota-de-falecimento-morre-sergio-roberto-ferretti-ex-arbitro-da-fpfs","status":"publish","type":"post","link":"https:\/\/www.federacaopaulistadefutsal.com.br\/novo\/nota-de-falecimento-morre-sergio-roberto-ferretti-ex-arbitro-da-fpfs\/","title":{"rendered":"NOTA DE FALECIMENTO: MORRE S\u00c9RGIO ROBERTO FERRETTI EX-\u00c1RBITRO DA FPFS"},"content":{"rendered":"<p>A Federa\u00e7\u00e3o Paulista de Futsal (FPFS), entidade que administra e organiza o esporte das quadras em S\u00e3o Paulo, atrav\u00e9s deste espa\u00e7o, informa, com muito pesar, o falecimento de S\u00e9rgio Roberto Ferretti,\u00a0ex-\u00e1rbitro da FPFS, CBFS, FUPE (Diretor de Futsal) e CBDU,\u00a0 na manh\u00e3 desta sexta-feira, 18 de fevereiro de 2022.<\/p>\n<p>Atuando sempre com destaque, Ferretti fez e far\u00e1 parte da hist\u00f3ria vitoriosa do futebol de sal\u00e3o e do futsal paulista e nacional.<\/p>\n<p>Em respeito aos amigos e familiares, a FPFS, presta sua solidariedade e reconhece a import\u00e2ncia de Ferretti para com a modalidade.<\/p>\n<p>LUTO!<\/p>\n<p><a href=\"https:\/\/www.federacaopaulistadefutsal.com.br\/novo\/wp-content\/uploads\/2022\/02\/894517_126565587527519_1114683143_o-e1645203477233.jpg\"><img fetchpriority=\"high\" decoding=\"async\" class=\"aligncenter size-large wp-image-34727\" src=\"https:\/\/www.federacaopaulistadefutsal.com.br\/novo\/wp-content\/uploads\/2022\/02\/894517_126565587527519_1114683143_o-e1645203477233-1024x643.jpg\" alt=\"\" width=\"800\" height=\"502\" srcset=\"https:\/\/www.federacaopaulistadefutsal.com.br\/novo\/wp-content\/uploads\/2022\/02\/894517_126565587527519_1114683143_o-e1645203477233-1024x643.jpg 1024w, https:\/\/www.federacaopaulistadefutsal.com.br\/novo\/wp-content\/uploads\/2022\/02\/894517_126565587527519_1114683143_o-e1645203477233-300x188.jpg 300w, https:\/\/www.federacaopaulistadefutsal.com.br\/novo\/wp-content\/uploads\/2022\/02\/894517_126565587527519_1114683143_o-e1645203477233-768x482.jpg 768w, https:\/\/www.federacaopaulistadefutsal.com.br\/novo\/wp-content\/uploads\/2022\/02\/894517_126565587527519_1114683143_o-e1645203477233.jpg 1735w\" sizes=\"(max-width: 800px) 100vw, 800px\" \/><\/a> <a href=\"https:\/\/www.federacaopaulistadefutsal.com.br\/novo\/wp-content\/uploads\/2022\/02\/1401349_686337278045918_1601773817_o-e1645203456685.jpg\"><img decoding=\"async\" class=\"aligncenter size-large wp-image-34728\" src=\"https:\/\/www.federacaopaulistadefutsal.com.br\/novo\/wp-content\/uploads\/2022\/02\/1401349_686337278045918_1601773817_o-e1645203456685-1024x657.jpg\" alt=\"\" width=\"800\" height=\"513\" srcset=\"https:\/\/www.federacaopaulistadefutsal.com.br\/novo\/wp-content\/uploads\/2022\/02\/1401349_686337278045918_1601773817_o-e1645203456685-1024x657.jpg 1024w, https:\/\/www.federacaopaulistadefutsal.com.br\/novo\/wp-content\/uploads\/2022\/02\/1401349_686337278045918_1601773817_o-e1645203456685-300x192.jpg 300w, https:\/\/www.federacaopaulistadefutsal.com.br\/novo\/wp-content\/uploads\/2022\/02\/1401349_686337278045918_1601773817_o-e1645203456685-768x493.jpg 768w, https:\/\/www.federacaopaulistadefutsal.com.br\/novo\/wp-content\/uploads\/2022\/02\/1401349_686337278045918_1601773817_o-e1645203456685.jpg 1740w\" sizes=\"(max-width: 800px) 100vw, 800px\" \/><\/a><\/p>\n","protected":false},"excerpt":{"rendered":"<p>A Federa\u00e7\u00e3o Paulista de Futsal (FPFS), entidade que administra e organiza o esporte das quadras em S\u00e3o Paulo, atrav\u00e9s deste<\/p>\n","protected":false},"author":2,"featured_media":34726,"comment_status":"open","ping_status":"open","sticky":false,"template":"","format":"standard","meta":{"footnotes":""},"categories":[21,2660,25,2662,2651,1],"tags":[256,3095,563,42,3094,1131,1133,1151,3093],"class_list":["post-34724","post","type-post","status-publish","format-standard","has-post-thumbnail","hentry","category-arbitragem","category-home-destaque","category-destaques","category-homeparte3","category-noticias","category-novidades","tag-arbitragem","tag-cbdu","tag-cbfs","tag-fpfs","tag-fupe","tag-futsal","tag-futsal-brasileiro","tag-futsal-paulista","tag-sergio-roberto-ferretti"],"_links":{"self":[{"href":"https:\/\/www.federacaopaulistadefutsal.com.br\/novo\/wp-json\/wp\/v2\/posts\/34724","targetHints":{"allow":["GET"]}}],"collection":[{"href":"https:\/\/www.federacaopaulistadefutsal.com.br\/novo\/wp-json\/wp\/v2\/posts"}],"about":[{"href":"https:\/\/www.federacaopaulistadefutsal.com.br\/novo\/wp-json\/wp\/v2\/types\/post"}],"author":[{"embeddable":true,"href":"https:\/\/www.federacaopaulistadefutsal.com.br\/novo\/wp-json\/wp\/v2\/users\/2"}],"replies":[{"embeddable":true,"href":"https:\/\/www.federacaopaulistadefutsal.com.br\/novo\/wp-json\/wp\/v2\/comments?post=34724"}],"version-history":[{"count":3,"href":"https:\/\/www.federacaopaulistadefutsal.com.br\/novo\/wp-json\/wp\/v2\/posts\/34724\/revisions"}],"predecessor-version":[{"id":34730,"href":"https:\/\/www.federacaopaulistadefutsal.com.br\/novo\/wp-json\/wp\/v2\/posts\/34724\/revisions\/34730"}],"wp:featuredmedia":[{"embeddable":true,"href":"https:\/\/www.federacaopaulistadefutsal.com.br\/novo\/wp-json\/wp\/v2\/media\/34726"}],"wp:attachment":[{"href":"https:\/\/www.federacaopaulistadefutsal.com.br\/novo\/wp-json\/wp\/v2\/media?parent=34724"}],"wp:term":[{"taxonomy":"category","embeddable":true,"href":"https:\/\/www.federacaopaulistadefutsal.com.br\/novo\/wp-json\/wp\/v2\/categories?post=34724"},{"taxonomy":"post_tag","embeddable":true,"href":"https:\/\/www.federacaopaulistadefutsal.com.br\/novo\/wp-json\/wp\/v2\/tags?post=34724"}],"curies":[{"name":"wp","href":"https:\/\/api.w.org\/{rel}","templated":true}]}}