{"id":3498,"date":"2015-02-02T15:35:23","date_gmt":"2015-02-02T15:35:23","guid":{"rendered":"http:\/\/www.federacaopaulistadefutsal.com.br\/?p=3498"},"modified":"2015-02-02T15:35:23","modified_gmt":"2015-02-02T15:35:23","slug":"colegio-sao-jose-do-maranhao-realiza-peneiras-para-sub-8-e-9","status":"publish","type":"post","link":"https:\/\/www.federacaopaulistadefutsal.com.br\/novo\/colegio-sao-jose-do-maranhao-realiza-peneiras-para-sub-8-e-9\/","title":{"rendered":"Col\u00e9gio S\u00e3o Jos\u00e9 do Maranh\u00e3o realiza peneiras para sub-8 e 9"},"content":{"rendered":"<p>O Col\u00e9gio S\u00e3o Jos\u00e9 do Maranh\u00e3o est\u00e1 selecionando atletas nascidos em 2007 e 2008 (Sub- 8) e 2006 (Sub- 09), para participa\u00e7\u00e3o nos campeonatos desta temporada 2015.<br \/>\nOs treinos s\u00e3o realizados \u00e0s quartas e sextas-feiras, das 19h \u00e0s 20h30 (Sub-8) e das 20h30 \u00e0s 22h (Sub-9), no Gin\u00e1sio da FPFS, no Presidente Ciro I, localizado na Avenida Cond. Elizabeth Robiano, 5.120 (Marginal direita do Rio Tiet\u00ea).<br \/>\nAs seletivas acontecer\u00e3o de 02 de fevereiro at\u00e9 10 de mar\u00e7o de 2015. Comparecer com RG original, roupa de treino e garrafa de \u00e1gua.<br \/>\nPara informa\u00e7\u00f5es, falar\u00a0com o Professor Maur\u00edcio: \u00a02294-3428 e 9.7120-5295.<br \/>\nPor Assessoria FPFS<br \/>\nCom informa\u00e7\u00f5es Assessoria Col\u00e9gio\u00a0S\u00e3o Jos\u00e9 do Maranh\u00e3o<\/p>\n","protected":false},"excerpt":{"rendered":"<p>O Col\u00e9gio S\u00e3o Jos\u00e9 do Maranh\u00e3o est\u00e1 selecionando atletas nascidos em 2007 e 2008 (Sub- 8) e 2006 (Sub- 09),<\/p>\n","protected":false},"author":1,"featured_media":0,"comment_status":"closed","ping_status":"open","sticky":false,"template":"","format":"standard","meta":{"footnotes":""},"categories":[25,33],"tags":[],"class_list":["post-3498","post","type-post","status-publish","format-standard","hentry","category-destaques","category-menores"],"_links":{"self":[{"href":"https:\/\/www.federacaopaulistadefutsal.com.br\/novo\/wp-json\/wp\/v2\/posts\/3498","targetHints":{"allow":["GET"]}}],"collection":[{"href":"https:\/\/www.federacaopaulistadefutsal.com.br\/novo\/wp-json\/wp\/v2\/posts"}],"about":[{"href":"https:\/\/www.federacaopaulistadefutsal.com.br\/novo\/wp-json\/wp\/v2\/types\/post"}],"author":[{"embeddable":true,"href":"https:\/\/www.federacaopaulistadefutsal.com.br\/novo\/wp-json\/wp\/v2\/users\/1"}],"replies":[{"embeddable":true,"href":"https:\/\/www.federacaopaulistadefutsal.com.br\/novo\/wp-json\/wp\/v2\/comments?post=3498"}],"version-history":[{"count":0,"href":"https:\/\/www.federacaopaulistadefutsal.com.br\/novo\/wp-json\/wp\/v2\/posts\/3498\/revisions"}],"wp:attachment":[{"href":"https:\/\/www.federacaopaulistadefutsal.com.br\/novo\/wp-json\/wp\/v2\/media?parent=3498"}],"wp:term":[{"taxonomy":"category","embeddable":true,"href":"https:\/\/www.federacaopaulistadefutsal.com.br\/novo\/wp-json\/wp\/v2\/categories?post=3498"},{"taxonomy":"post_tag","embeddable":true,"href":"https:\/\/www.federacaopaulistadefutsal.com.br\/novo\/wp-json\/wp\/v2\/tags?post=3498"}],"curies":[{"name":"wp","href":"https:\/\/api.w.org\/{rel}","templated":true}]}}