{"id":35033,"date":"2022-05-27T12:31:28","date_gmt":"2022-05-27T12:31:28","guid":{"rendered":"https:\/\/www.federacaopaulistadefutsal.com.br\/novo\/?p=35033"},"modified":"2022-05-27T12:31:28","modified_gmt":"2022-05-27T12:31:28","slug":"presidente-da-fpfs-recebe-visita-cortesia-dos-treinadores-da-categoria-de-base-do-corinthians-palmeiras-e-sao-paulo","status":"publish","type":"post","link":"https:\/\/www.federacaopaulistadefutsal.com.br\/novo\/presidente-da-fpfs-recebe-visita-cortesia-dos-treinadores-da-categoria-de-base-do-corinthians-palmeiras-e-sao-paulo\/","title":{"rendered":"Presidente da FPFS recebe visita cortesia dos Treinadores da Categoria de Base do Corinthians, Palmeiras e S\u00e3o Paulo"},"content":{"rendered":"<p>Na manh\u00e3 desta, quinta-feira, (26\/05) o Presidente da Federa\u00e7\u00e3o, Nilton Cifuentes Rom\u00e3o (Ramon), acompanhado pelo Coordenador T\u00e9cnico, Daniel Mutti, receberam as ilustres presen\u00e7as dos Srs. Daniel Magalh\u00e3es (Sport Club Corinthians Paulista), Renato Bispo (S\u00e3o Paulo Futebol Clube) e Valdir de Freitas (Sociedade Esportiva Palmeiras), Treinadores da Categoria de Base.<\/p>\n<p>No encontro realizado na sede da entidade paulista, foram abordados temas em prol do desenvolvimento da modalidade.<\/p>\n","protected":false},"excerpt":{"rendered":"<p>Na manh\u00e3 desta, quinta-feira, (26\/05) o Presidente da Federa\u00e7\u00e3o, Nilton Cifuentes Rom\u00e3o (Ramon), acompanhado pelo Coordenador T\u00e9cnico, Daniel Mutti, receberam<\/p>\n","protected":false},"author":2,"featured_media":35034,"comment_status":"open","ping_status":"open","sticky":false,"template":"","format":"standard","meta":{"footnotes":""},"categories":[2660,25,2662,28,33,12,2651],"tags":[],"class_list":["post-35033","post","type-post","status-publish","format-standard","has-post-thumbnail","hentry","category-home-destaque","category-destaques","category-homeparte3","category-fpfs-acontece","category-menores","category-metropolitano-base-a1","category-noticias"],"_links":{"self":[{"href":"https:\/\/www.federacaopaulistadefutsal.com.br\/novo\/wp-json\/wp\/v2\/posts\/35033","targetHints":{"allow":["GET"]}}],"collection":[{"href":"https:\/\/www.federacaopaulistadefutsal.com.br\/novo\/wp-json\/wp\/v2\/posts"}],"about":[{"href":"https:\/\/www.federacaopaulistadefutsal.com.br\/novo\/wp-json\/wp\/v2\/types\/post"}],"author":[{"embeddable":true,"href":"https:\/\/www.federacaopaulistadefutsal.com.br\/novo\/wp-json\/wp\/v2\/users\/2"}],"replies":[{"embeddable":true,"href":"https:\/\/www.federacaopaulistadefutsal.com.br\/novo\/wp-json\/wp\/v2\/comments?post=35033"}],"version-history":[{"count":1,"href":"https:\/\/www.federacaopaulistadefutsal.com.br\/novo\/wp-json\/wp\/v2\/posts\/35033\/revisions"}],"predecessor-version":[{"id":35035,"href":"https:\/\/www.federacaopaulistadefutsal.com.br\/novo\/wp-json\/wp\/v2\/posts\/35033\/revisions\/35035"}],"wp:featuredmedia":[{"embeddable":true,"href":"https:\/\/www.federacaopaulistadefutsal.com.br\/novo\/wp-json\/wp\/v2\/media\/35034"}],"wp:attachment":[{"href":"https:\/\/www.federacaopaulistadefutsal.com.br\/novo\/wp-json\/wp\/v2\/media?parent=35033"}],"wp:term":[{"taxonomy":"category","embeddable":true,"href":"https:\/\/www.federacaopaulistadefutsal.com.br\/novo\/wp-json\/wp\/v2\/categories?post=35033"},{"taxonomy":"post_tag","embeddable":true,"href":"https:\/\/www.federacaopaulistadefutsal.com.br\/novo\/wp-json\/wp\/v2\/tags?post=35033"}],"curies":[{"name":"wp","href":"https:\/\/api.w.org\/{rel}","templated":true}]}}