{"id":35146,"date":"2022-06-27T14:58:40","date_gmt":"2022-06-27T14:58:40","guid":{"rendered":"https:\/\/www.federacaopaulistadefutsal.com.br\/novo\/?p=35146"},"modified":"2022-06-27T14:58:40","modified_gmt":"2022-06-27T14:58:40","slug":"presidente-da-fpfs-recebe-visita-de-ibere-carvalho-secretario-de-esporte-e-diretor-de-futsal-da-cidade-de-viradouro-sp","status":"publish","type":"post","link":"https:\/\/www.federacaopaulistadefutsal.com.br\/novo\/presidente-da-fpfs-recebe-visita-de-ibere-carvalho-secretario-de-esporte-e-diretor-de-futsal-da-cidade-de-viradouro-sp\/","title":{"rendered":"Presidente da FPFS recebe visita de Ibere Carvalho, Secret\u00e1rio de Esporte e Diretor de Futsal da Cidade de Viradouro (SP)"},"content":{"rendered":"<p>Nesta manh\u00e3, segunda-feira, (27\/06), o Presidente da Federa\u00e7\u00e3o, Nilton Cifuentes Rom\u00e3o (Ramon), acompanhado pelo Coordenador T\u00e9cnico, Daniel Mutti e Secret\u00e1rio Geral, Sr. Jurandir Dion\u00edsio, receberam a ilustre presen\u00e7a do Sr. <strong>Ibere Carvalho<\/strong>, Secret\u00e1rio de Esporte da Cidade de Viradouro (SP) e Diretor do <strong>Viradouro Futsa<\/strong>l, para oficializar a participa\u00e7\u00e3o de sua equipe no <strong>Campeonato Estadual de Futsal &#8211; Categoria Principal &#8211; Masculino &#8211; Edi\u00e7\u00e3o 2022.<\/p>\n<p><\/strong><\/p>\n","protected":false},"excerpt":{"rendered":"<p>Nesta manh\u00e3, segunda-feira, (27\/06), o Presidente da Federa\u00e7\u00e3o, Nilton Cifuentes Rom\u00e3o (Ramon), acompanhado pelo Coordenador T\u00e9cnico, Daniel Mutti e Secret\u00e1rio<\/p>\n","protected":false},"author":2,"featured_media":35147,"comment_status":"open","ping_status":"open","sticky":false,"template":"","format":"standard","meta":{"footnotes":""},"categories":[2660,25,2662,9,32,2651],"tags":[475,3146,42,1141,1151,3145,3144],"class_list":["post-35146","post","type-post","status-publish","format-standard","has-post-thumbnail","hentry","category-home-destaque","category-destaques","category-homeparte3","category-estadual-principal","category-maiores","category-noticias","tag-campeonato-estadual","tag-cidade-de-viradouro","tag-fpfs","tag-futsal-interior","tag-futsal-paulista","tag-ibere-carvalho","tag-viradouro-futsal"],"_links":{"self":[{"href":"https:\/\/www.federacaopaulistadefutsal.com.br\/novo\/wp-json\/wp\/v2\/posts\/35146","targetHints":{"allow":["GET"]}}],"collection":[{"href":"https:\/\/www.federacaopaulistadefutsal.com.br\/novo\/wp-json\/wp\/v2\/posts"}],"about":[{"href":"https:\/\/www.federacaopaulistadefutsal.com.br\/novo\/wp-json\/wp\/v2\/types\/post"}],"author":[{"embeddable":true,"href":"https:\/\/www.federacaopaulistadefutsal.com.br\/novo\/wp-json\/wp\/v2\/users\/2"}],"replies":[{"embeddable":true,"href":"https:\/\/www.federacaopaulistadefutsal.com.br\/novo\/wp-json\/wp\/v2\/comments?post=35146"}],"version-history":[{"count":1,"href":"https:\/\/www.federacaopaulistadefutsal.com.br\/novo\/wp-json\/wp\/v2\/posts\/35146\/revisions"}],"predecessor-version":[{"id":35148,"href":"https:\/\/www.federacaopaulistadefutsal.com.br\/novo\/wp-json\/wp\/v2\/posts\/35146\/revisions\/35148"}],"wp:featuredmedia":[{"embeddable":true,"href":"https:\/\/www.federacaopaulistadefutsal.com.br\/novo\/wp-json\/wp\/v2\/media\/35147"}],"wp:attachment":[{"href":"https:\/\/www.federacaopaulistadefutsal.com.br\/novo\/wp-json\/wp\/v2\/media?parent=35146"}],"wp:term":[{"taxonomy":"category","embeddable":true,"href":"https:\/\/www.federacaopaulistadefutsal.com.br\/novo\/wp-json\/wp\/v2\/categories?post=35146"},{"taxonomy":"post_tag","embeddable":true,"href":"https:\/\/www.federacaopaulistadefutsal.com.br\/novo\/wp-json\/wp\/v2\/tags?post=35146"}],"curies":[{"name":"wp","href":"https:\/\/api.w.org\/{rel}","templated":true}]}}