{"id":35221,"date":"2022-07-26T23:10:16","date_gmt":"2022-07-26T23:10:16","guid":{"rendered":"https:\/\/www.federacaopaulistadefutsal.com.br\/novo\/?p=35221"},"modified":"2022-07-26T23:10:16","modified_gmt":"2022-07-26T23:10:16","slug":"nota-de-pesar-ex-vereador-toninho-paiva","status":"publish","type":"post","link":"https:\/\/www.federacaopaulistadefutsal.com.br\/novo\/nota-de-pesar-ex-vereador-toninho-paiva\/","title":{"rendered":"NOTA DE PESAR: EX-VEREADOR TONINHO PAIVA"},"content":{"rendered":"<p>A FPFS \u2013 Federa\u00e7\u00e3o Paulista de Futsal, entidade que administra e organiza o esporte das quadras em S\u00e3o Paulo, atrav\u00e9s deste espa\u00e7o, informa, com muito pesar, o falecimento do Ex-Vereador Toninho Paiva,\u00a0nesta ter\u00e7a-feira, 26 de julho de 2022.<\/p>\n<p>O Vereador Toninho Paiva, foi um parceiros importantes para o Futsal Paulista. <strong><a href=\"https:\/\/www.federacaopaulistadefutsal.com.br\/novo\/encontro-esportivo\/\" target=\"_blank\" rel=\"noopener\">Ajudou na renova\u00e7\u00e3o da concess\u00e3o (Gin\u00e1sios Presidente Ciro I e II) de uso de \u00e1rea de propriedade municipal \u00e0 FPFS por mais 40 anos<\/a><\/strong>, sendo este projeto de lei de sua autoria.<br \/>\n<a href=\"https:\/\/www.federacaopaulistadefutsal.com.br\/novo\/wp-content\/uploads\/2022\/07\/toninho-paiva-4-e1658876296726.jpg\"><img fetchpriority=\"high\" decoding=\"async\" class=\"aligncenter  wp-image-35223\" src=\"https:\/\/www.federacaopaulistadefutsal.com.br\/novo\/wp-content\/uploads\/2022\/07\/toninho-paiva-4-1024x768.jpg\" alt=\"\" width=\"557\" height=\"418\" \/><\/a><br \/>\nO Vereador tamb\u00e9m criou um projeto de lei instituindo o <strong><a href=\"https:\/\/www.federacaopaulistadefutsal.com.br\/novo\/em-visita-a-fpfs-vereador-toninho-paiva-recebe-homenagem-do-presidente-ramon\/\" target=\"_blank\" rel=\"noopener\">Dia do Futebol de Sal\u00e3o<\/a><\/strong> no Mun\u00edcipio de S\u00e3o Paulo (Lei n\u00ba 11902\/95.<\/p>\n<div id='gallery-1' class='gallery galleryid-35221 gallery-columns-2 gallery-size-full'><figure class='gallery-item'>\n\t\t\t<div class='gallery-icon landscape'>\n\t\t\t\t<a href='https:\/\/www.federacaopaulistadefutsal.com.br\/novo\/wp-content\/uploads\/2022\/07\/toninho-paiva-6.jpg'><img decoding=\"async\" width=\"1772\" height=\"1181\" src=\"https:\/\/www.federacaopaulistadefutsal.com.br\/novo\/wp-content\/uploads\/2022\/07\/toninho-paiva-6.jpg\" class=\"attachment-full size-full\" alt=\"\" srcset=\"https:\/\/www.federacaopaulistadefutsal.com.br\/novo\/wp-content\/uploads\/2022\/07\/toninho-paiva-6.jpg 1772w, https:\/\/www.federacaopaulistadefutsal.com.br\/novo\/wp-content\/uploads\/2022\/07\/toninho-paiva-6-300x200.jpg 300w, https:\/\/www.federacaopaulistadefutsal.com.br\/novo\/wp-content\/uploads\/2022\/07\/toninho-paiva-6-768x512.jpg 768w, https:\/\/www.federacaopaulistadefutsal.com.br\/novo\/wp-content\/uploads\/2022\/07\/toninho-paiva-6-1024x682.jpg 1024w\" sizes=\"(max-width: 1772px) 100vw, 1772px\" \/><\/a>\n\t\t\t<\/div><\/figure><figure class='gallery-item'>\n\t\t\t<div class='gallery-icon landscape'>\n\t\t\t\t<a href='https:\/\/www.federacaopaulistadefutsal.com.br\/novo\/wp-content\/uploads\/2022\/07\/toninho-paiva-2.jpg'><img decoding=\"async\" width=\"1000\" height=\"667\" src=\"https:\/\/www.federacaopaulistadefutsal.com.br\/novo\/wp-content\/uploads\/2022\/07\/toninho-paiva-2.jpg\" class=\"attachment-full size-full\" alt=\"\" srcset=\"https:\/\/www.federacaopaulistadefutsal.com.br\/novo\/wp-content\/uploads\/2022\/07\/toninho-paiva-2.jpg 1000w, https:\/\/www.federacaopaulistadefutsal.com.br\/novo\/wp-content\/uploads\/2022\/07\/toninho-paiva-2-300x200.jpg 300w, https:\/\/www.federacaopaulistadefutsal.com.br\/novo\/wp-content\/uploads\/2022\/07\/toninho-paiva-2-768x512.jpg 768w\" sizes=\"(max-width: 1000px) 100vw, 1000px\" \/><\/a>\n\t\t\t<\/div><\/figure>\n\t\t<\/div>\n\n<p>&nbsp;<\/p>\n<div><img decoding=\"async\" class=\"alignleft\" src=\"https:\/\/img.r7.com\/images\/vereador-toninho-paiva-03012021111857561?dimensions=301x301\" alt=\"Toninho Paiva n\u00e3o se reelegeu\" \/><\/div>\n<div>Na vida p\u00fablica, foi vereador da capital paulista por sete mandatos consecutivos, at\u00e9 dezembro de 2020. Ao longo desses 28 anos na C\u00e2mara Municipal de S\u00e3o Paulo, foi presidente de comiss\u00f5es como a do Idoso e de Assist\u00eancia Social, de Administra\u00e7\u00e3o P\u00fablica, de Sa\u00fade, Promo\u00e7\u00e3o Social e Trabalho e de Pol\u00edtica Urbana, Metropolitana e Meio Ambiente, entre outras.<\/div>\n<div><\/div>\n<div>O vel\u00f3rio ser\u00e1 realizado a partir das 22h desta ter\u00e7a-feira (26) no Cemit\u00e9rio Parque dos Pinheiros (rua Ushikichi Kamiya, 1490 \u2013 Vila Nova Galv\u00e3o \u2013 S\u00e3o Paulo\/SP). \u00c0s 12h da quarta-feira (27) o sepultamento ser\u00e1 realizado no mesmo local.<\/div>\n<p>Em respeito aos amigos e familiares, a FPFS presta sua solidariedade e agradece ao <strong>Ex-Vereador Toninho Paiva<\/strong> pelos servi\u00e7os prestados a modalidade.<\/p>\n<p>&nbsp;<\/p>\n","protected":false},"excerpt":{"rendered":"<p>A FPFS \u2013 Federa\u00e7\u00e3o Paulista de Futsal, entidade que administra e organiza o esporte das quadras em S\u00e3o Paulo, atrav\u00e9s<\/p>\n","protected":false},"author":2,"featured_media":35227,"comment_status":"open","ping_status":"open","sticky":false,"template":"","format":"standard","meta":{"footnotes":""},"categories":[2660,25,2662,28,2651],"tags":[3164],"class_list":["post-35221","post","type-post","status-publish","format-standard","has-post-thumbnail","hentry","category-home-destaque","category-destaques","category-homeparte3","category-fpfs-acontece","category-noticias","tag-vereador-toninho-paiva"],"_links":{"self":[{"href":"https:\/\/www.federacaopaulistadefutsal.com.br\/novo\/wp-json\/wp\/v2\/posts\/35221","targetHints":{"allow":["GET"]}}],"collection":[{"href":"https:\/\/www.federacaopaulistadefutsal.com.br\/novo\/wp-json\/wp\/v2\/posts"}],"about":[{"href":"https:\/\/www.federacaopaulistadefutsal.com.br\/novo\/wp-json\/wp\/v2\/types\/post"}],"author":[{"embeddable":true,"href":"https:\/\/www.federacaopaulistadefutsal.com.br\/novo\/wp-json\/wp\/v2\/users\/2"}],"replies":[{"embeddable":true,"href":"https:\/\/www.federacaopaulistadefutsal.com.br\/novo\/wp-json\/wp\/v2\/comments?post=35221"}],"version-history":[{"count":3,"href":"https:\/\/www.federacaopaulistadefutsal.com.br\/novo\/wp-json\/wp\/v2\/posts\/35221\/revisions"}],"predecessor-version":[{"id":35228,"href":"https:\/\/www.federacaopaulistadefutsal.com.br\/novo\/wp-json\/wp\/v2\/posts\/35221\/revisions\/35228"}],"wp:featuredmedia":[{"embeddable":true,"href":"https:\/\/www.federacaopaulistadefutsal.com.br\/novo\/wp-json\/wp\/v2\/media\/35227"}],"wp:attachment":[{"href":"https:\/\/www.federacaopaulistadefutsal.com.br\/novo\/wp-json\/wp\/v2\/media?parent=35221"}],"wp:term":[{"taxonomy":"category","embeddable":true,"href":"https:\/\/www.federacaopaulistadefutsal.com.br\/novo\/wp-json\/wp\/v2\/categories?post=35221"},{"taxonomy":"post_tag","embeddable":true,"href":"https:\/\/www.federacaopaulistadefutsal.com.br\/novo\/wp-json\/wp\/v2\/tags?post=35221"}],"curies":[{"name":"wp","href":"https:\/\/api.w.org\/{rel}","templated":true}]}}