{"id":35236,"date":"2022-07-30T15:50:55","date_gmt":"2022-07-30T15:50:55","guid":{"rendered":"https:\/\/www.federacaopaulistadefutsal.com.br\/novo\/?p=35236"},"modified":"2022-08-03T20:35:39","modified_gmt":"2022-08-03T20:35:39","slug":"corinthians-futsal-avanca-para-a-grande-final-do-campeonato-paulista-principal-apos-vitoria-por-8-a-2-sobre-o-juventus-futsal","status":"publish","type":"post","link":"https:\/\/www.federacaopaulistadefutsal.com.br\/novo\/corinthians-futsal-avanca-para-a-grande-final-do-campeonato-paulista-principal-apos-vitoria-por-8-a-2-sobre-o-juventus-futsal\/","title":{"rendered":"CORINTHIANS FUTSAL AVAN\u00c7A PARA A GRANDE FINAL DO CAMPEONATO PAULISTA PRINCIPAL AP\u00d3S VIT\u00d3RIA POR 8 A 2 SOBRE O JUVENTUS FUTSAL\u00a0"},"content":{"rendered":"<p style=\"text-align: left;\">Ontem, 29\/07 em partida v\u00e1lida pelo jogo de volta das semifinais do Campeonato Paulista Principal, o Corinthians Futsal jogou em casa no Gin\u00e1sio Wlamir Marques, e venceu por 8 a 2 o Juventus Futsal, e avan\u00e7ou para a final do Campeonato que ser\u00e1 disputado contra o Magnus Futsal, com datas a serem definidas pela FPFS.<\/p>\n<p>&nbsp;<\/p>\n<p>Em um jogo bem movimentado na primeira etapa, o time da casa abriu o placar no primeiro minuto de jogo, gol de Deives.<\/p>\n<p>&nbsp;<\/p>\n<p>Aos 7 min o Corinthians ampliou com Rodrigo Canabarro, e ampliou novamente aos 8 min com Deives.<\/p>\n<p>&nbsp;<\/p>\n<p>Pouco antes do final do primeiro tempo, Vinicius Calvaneses fez o 4\u00b0 gol do jogo.<\/p>\n<p>&nbsp;<\/p>\n<p>Na segunda etapa continuou a chuva de gols no jogo, aos 29 min Rodrigo marcou seu segundo no jogo, aos 32 e 36 min Gustavo Bastos marcou duas vezes, e fechando os gols corintianos Kaue Pereira tamb\u00e9m deixou o seu.<\/p>\n<p>&nbsp;<\/p>\n<p>Aos 34 e 35 min Guilherme dos Santos e Lucas Martins marcaram os gols do Juventus.<\/p>\n<p>&nbsp;<\/p>\n<p>A final do Campeonato Paulista 2022 ser\u00e1 a reedi\u00e7\u00e3o da final do ano passado entre as duas equipes, ainda sem data definida para as partidas.<\/p>\n<p>&nbsp;<\/p>\n<p>Cr\u00e9ditos Imagem: Pedro Paulo Diaz<\/p>\n","protected":false},"excerpt":{"rendered":"<p>Ontem, 29\/07 em partida v\u00e1lida pelo jogo de volta das semifinais do Campeonato Paulista Principal, o Corinthians Futsal jogou em<\/p>\n","protected":false},"author":2,"featured_media":35237,"comment_status":"open","ping_status":"open","sticky":false,"template":"","format":"standard","meta":{"footnotes":""},"categories":[2660,25,9,32,2651,1],"tags":[3130,2768,2710,3165,2790,2716],"class_list":["post-35236","post","type-post","status-publish","format-standard","has-post-thumbnail","hentry","category-home-destaque","category-destaques","category-estadual-principal","category-maiores","category-noticias","category-novidades","tag-campeonatopaulista2022","tag-corinthiansfutsal","tag-federacaopaulistadefutsal","tag-juventusfutsal","tag-semifinaispaulista","tag-futsalpaulista"],"_links":{"self":[{"href":"https:\/\/www.federacaopaulistadefutsal.com.br\/novo\/wp-json\/wp\/v2\/posts\/35236","targetHints":{"allow":["GET"]}}],"collection":[{"href":"https:\/\/www.federacaopaulistadefutsal.com.br\/novo\/wp-json\/wp\/v2\/posts"}],"about":[{"href":"https:\/\/www.federacaopaulistadefutsal.com.br\/novo\/wp-json\/wp\/v2\/types\/post"}],"author":[{"embeddable":true,"href":"https:\/\/www.federacaopaulistadefutsal.com.br\/novo\/wp-json\/wp\/v2\/users\/2"}],"replies":[{"embeddable":true,"href":"https:\/\/www.federacaopaulistadefutsal.com.br\/novo\/wp-json\/wp\/v2\/comments?post=35236"}],"version-history":[{"count":1,"href":"https:\/\/www.federacaopaulistadefutsal.com.br\/novo\/wp-json\/wp\/v2\/posts\/35236\/revisions"}],"predecessor-version":[{"id":35238,"href":"https:\/\/www.federacaopaulistadefutsal.com.br\/novo\/wp-json\/wp\/v2\/posts\/35236\/revisions\/35238"}],"wp:featuredmedia":[{"embeddable":true,"href":"https:\/\/www.federacaopaulistadefutsal.com.br\/novo\/wp-json\/wp\/v2\/media\/35237"}],"wp:attachment":[{"href":"https:\/\/www.federacaopaulistadefutsal.com.br\/novo\/wp-json\/wp\/v2\/media?parent=35236"}],"wp:term":[{"taxonomy":"category","embeddable":true,"href":"https:\/\/www.federacaopaulistadefutsal.com.br\/novo\/wp-json\/wp\/v2\/categories?post=35236"},{"taxonomy":"post_tag","embeddable":true,"href":"https:\/\/www.federacaopaulistadefutsal.com.br\/novo\/wp-json\/wp\/v2\/tags?post=35236"}],"curies":[{"name":"wp","href":"https:\/\/api.w.org\/{rel}","templated":true}]}}