{"id":35240,"date":"2022-08-03T20:34:44","date_gmt":"2022-08-03T20:34:44","guid":{"rendered":"https:\/\/www.federacaopaulistadefutsal.com.br\/novo\/?p=35240"},"modified":"2022-08-03T22:09:31","modified_gmt":"2022-08-03T22:09:31","slug":"fpfs-lanca-oficialmente-o-campeonato-estadual-paulistapenalty-adulto-com-premiacao-e-vaga-na-taca-brasil","status":"publish","type":"post","link":"https:\/\/www.federacaopaulistadefutsal.com.br\/novo\/fpfs-lanca-oficialmente-o-campeonato-estadual-paulistapenalty-adulto-com-premiacao-e-vaga-na-taca-brasil\/","title":{"rendered":"FPFS LAN\u00c7A OFICIALMENTE O CAMPEONATO ESTADUAL PAULISTA\/PENALTY ADULTO COM PREMIA\u00c7\u00c3O E VAGA NA TA\u00c7A BRASIL"},"content":{"rendered":"<p>Na noite desta ter\u00e7a-feira (02\/08), no anfiteatro da Associa\u00e7\u00e3o Atl\u00e9tica Banco do Brasil, localizado na Zonal Sul da Cidade de S\u00e3o Paulo, aconteceu o lan\u00e7amento do Campeonato Estadual Paulista\/Penalty Adulto Masculino. Em 2022\u00a0 ser\u00e1 disputada 61\u00aa edi\u00e7\u00e3o da competi\u00e7\u00e3o com previs\u00e3o de in\u00edcio no m\u00eas de setembro deste ano.\u00a0A Cambuci SA (Penalty) estar\u00e1 premiando o 1\u00ba e 2\u00ba colocado e ressarcindo as despesas de taxas de arbitragem a partir das quartas de finais do campeonato. A patrocinadora do campeonato foi representada por Jo\u00e3o Victor Carrasco Sim\u00f5es (Analista de Marketing e Rela\u00e7\u00f5es Esportivas na Cambuci SA).<\/p>\n<p>O evento contou com importantes nomes do cen\u00e1rio do futsal, como representantes dos principais Clubes e Ligas do estado, Presidente da CBFS &#8211; Confedera\u00e7\u00e3o Brasileira de Futsal,\u00a0Marcos Madeira, Presidente da GARCO, Felipe Ventura (\u00e1rbitro FIFA), Gerente Regional EPTV, Rafael Gomes, renomados atletas e ex-atletas, treinadores, presidentes de clubes, membros do Tribunal de Justi\u00e7a e da Comiss\u00e3o Disciplinar do Estado de S\u00e3o Paulo, Diretores e funcion\u00e1rios da Federa\u00e7\u00e3o.<\/p>\n<p>Figuras p\u00fablicas como o Prefeito de Viradouro,\u00a0Antonio Carlos Ribeiro de Souza e o Prefeito de Monte Azul Paulista,\u00a0Marcelo Otaviano prestigiaram e engradeceram o evento.<\/p>\n<p>Empres\u00e1rios como\u00a0Nilton Rezende, Presidente da Sherwin-Williams, Mauro Lovalho e Modesto Minelli Jr. Diretores da SEGASP e \u00c1gua Boa tamb\u00e9m prestigiaram o lan\u00e7amento.<\/p>\n<p><a href=\"https:\/\/www.federacaopaulistadefutsal.com.br\/novo\/wp-content\/uploads\/2022\/08\/LIVRO-MORACI-SANTANNA.jpg\"><img decoding=\"async\" class=\"wp-image-35294 size-thumbnail alignleft\" src=\"https:\/\/www.federacaopaulistadefutsal.com.br\/novo\/wp-content\/uploads\/2022\/08\/LIVRO-MORACI-SANTANNA-150x150.jpg\" alt=\"\" width=\"150\" height=\"150\" \/><\/a><\/p>\n<p>A festividade contatou com a ilustre presen\u00e7a do preparador f\u00edsico Moraci Sant&#8217;anna, campe\u00e3o mundial com a Sele\u00e7\u00e3o Brasileira de Futebol, bicampe\u00e3o mundial da Libertadores da Am\u00e9rica com S\u00e3o Paulo F.C. entre outros t\u00edtulos internacionais que comp\u00f5em o curr\u00edculo de um dos maiores esportistas do futebol brasileiro. Moraci aproveitou o\u00a0evento do Campeonato Estadual Paulista\/Penalty e convidou os &#8220;salonistas&#8221; para o lan\u00e7amento do seu livro\u00a0 &#8220;O SEGREDO DO FUTEBOL BRASILEIRO, FUTSAL E FUTEBOL DE BASE&#8221;, que ocorrer\u00e1 no dia 11 de agosto de 2022, \u00e0s 19h00, na sede da Federa\u00e7\u00e3o Paulista de Futebol.<\/p>\n<p>&nbsp;<\/p>\n<p>O lan\u00e7amento do\u00a0Campeonato Estadual Paulista\/Penalty foi transmitido pela TV Futsal FPFS, canal oficial da Federa\u00e7\u00e3o Paulista de Futsal no Youtube.<\/p>\n<p><iframe title=\"YouTube video player\" src=\"https:\/\/www.youtube.com\/embed\/QzNdDhAfyIY?start=578\" width=\"660\" height=\"415\" frameborder=\"0\" allowfullscreen=\"allowfullscreen\"><\/iframe><\/p>\n<p>Fotos do eventos:<\/p>\n<div id='gallery-1' class='gallery galleryid-35240 gallery-columns-3 gallery-size-large'><figure class='gallery-item'>\n\t\t\t<div class='gallery-icon landscape'>\n\t\t\t\t<a href='https:\/\/www.federacaopaulistadefutsal.com.br\/novo\/fpfs-lanca-oficialmente-o-campeonato-estadual-paulistapenalty-adulto-com-premiacao-e-vaga-na-taca-brasil\/easa-foto-02-de-agosto-de-2022-lancamento-do-campeonato-estadual-paulista-penalty-presidente-nilton-cifuentes-romao-ramon-2\/'><img fetchpriority=\"high\" decoding=\"async\" width=\"800\" height=\"534\" src=\"https:\/\/www.federacaopaulistadefutsal.com.br\/novo\/wp-content\/uploads\/2022\/08\/EASA-FOTO-02-DE-AGOSTO-DE-2022-LAN\u00c7AMENTO-DO-CAMPEONATO-ESTADUAL-PAULISTA-PENALTY-PRESIDENTE-NILTON-CIFUENTES-ROM\u00c3O-RAMON-1.png\" class=\"attachment-large size-large\" alt=\"\" srcset=\"https:\/\/www.federacaopaulistadefutsal.com.br\/novo\/wp-content\/uploads\/2022\/08\/EASA-FOTO-02-DE-AGOSTO-DE-2022-LAN\u00c7AMENTO-DO-CAMPEONATO-ESTADUAL-PAULISTA-PENALTY-PRESIDENTE-NILTON-CIFUENTES-ROM\u00c3O-RAMON-1.png 1000w, https:\/\/www.federacaopaulistadefutsal.com.br\/novo\/wp-content\/uploads\/2022\/08\/EASA-FOTO-02-DE-AGOSTO-DE-2022-LAN\u00c7AMENTO-DO-CAMPEONATO-ESTADUAL-PAULISTA-PENALTY-PRESIDENTE-NILTON-CIFUENTES-ROM\u00c3O-RAMON-1-300x200.png 300w, https:\/\/www.federacaopaulistadefutsal.com.br\/novo\/wp-content\/uploads\/2022\/08\/EASA-FOTO-02-DE-AGOSTO-DE-2022-LAN\u00c7AMENTO-DO-CAMPEONATO-ESTADUAL-PAULISTA-PENALTY-PRESIDENTE-NILTON-CIFUENTES-ROM\u00c3O-RAMON-1-768x512.png 768w\" sizes=\"(max-width: 800px) 100vw, 800px\" \/><\/a>\n\t\t\t<\/div><\/figure><figure class='gallery-item'>\n\t\t\t<div class='gallery-icon landscape'>\n\t\t\t\t<a href='https:\/\/www.federacaopaulistadefutsal.com.br\/novo\/fpfs-lanca-oficialmente-o-campeonato-estadual-paulistapenalty-adulto-com-premiacao-e-vaga-na-taca-brasil\/easa-foto-02-de-agosto-de-2022-lancamento-do-campeonato-estadual-paulista-penalty-presidente-nilton-cifuentes-romao-ramon-daniel-mutti\/'><img decoding=\"async\" width=\"800\" height=\"534\" src=\"https:\/\/www.federacaopaulistadefutsal.com.br\/novo\/wp-content\/uploads\/2022\/08\/EASA-FOTO-02-DE-AGOSTO-DE-2022-LAN\u00c7AMENTO-DO-CAMPEONATO-ESTADUAL-PAULISTA-PENALTY-PRESIDENTE-NILTON-CIFUENTES-ROM\u00c3O-RAMON-DANIEL-MUTTI.png\" class=\"attachment-large size-large\" alt=\"\" srcset=\"https:\/\/www.federacaopaulistadefutsal.com.br\/novo\/wp-content\/uploads\/2022\/08\/EASA-FOTO-02-DE-AGOSTO-DE-2022-LAN\u00c7AMENTO-DO-CAMPEONATO-ESTADUAL-PAULISTA-PENALTY-PRESIDENTE-NILTON-CIFUENTES-ROM\u00c3O-RAMON-DANIEL-MUTTI.png 1000w, https:\/\/www.federacaopaulistadefutsal.com.br\/novo\/wp-content\/uploads\/2022\/08\/EASA-FOTO-02-DE-AGOSTO-DE-2022-LAN\u00c7AMENTO-DO-CAMPEONATO-ESTADUAL-PAULISTA-PENALTY-PRESIDENTE-NILTON-CIFUENTES-ROM\u00c3O-RAMON-DANIEL-MUTTI-300x200.png 300w, https:\/\/www.federacaopaulistadefutsal.com.br\/novo\/wp-content\/uploads\/2022\/08\/EASA-FOTO-02-DE-AGOSTO-DE-2022-LAN\u00c7AMENTO-DO-CAMPEONATO-ESTADUAL-PAULISTA-PENALTY-PRESIDENTE-NILTON-CIFUENTES-ROM\u00c3O-RAMON-DANIEL-MUTTI-768x512.png 768w\" sizes=\"(max-width: 800px) 100vw, 800px\" \/><\/a>\n\t\t\t<\/div><\/figure><figure class='gallery-item'>\n\t\t\t<div class='gallery-icon landscape'>\n\t\t\t\t<a href='https:\/\/www.federacaopaulistadefutsal.com.br\/novo\/fpfs-lanca-oficialmente-o-campeonato-estadual-paulistapenalty-adulto-com-premiacao-e-vaga-na-taca-brasil\/easa-foto-02-de-agosto-de-2022-lancamento-do-campeonato-estadual-paulista-penalty-23\/'><img loading=\"lazy\" decoding=\"async\" width=\"800\" height=\"534\" src=\"https:\/\/www.federacaopaulistadefutsal.com.br\/novo\/wp-content\/uploads\/2022\/08\/EASA-FOTO-02-DE-AGOSTO-DE-2022-LAN\u00c7AMENTO-DO-CAMPEONATO-ESTADUAL-PAULISTA-PENALTY-23.png\" class=\"attachment-large size-large\" alt=\"\" srcset=\"https:\/\/www.federacaopaulistadefutsal.com.br\/novo\/wp-content\/uploads\/2022\/08\/EASA-FOTO-02-DE-AGOSTO-DE-2022-LAN\u00c7AMENTO-DO-CAMPEONATO-ESTADUAL-PAULISTA-PENALTY-23.png 1000w, https:\/\/www.federacaopaulistadefutsal.com.br\/novo\/wp-content\/uploads\/2022\/08\/EASA-FOTO-02-DE-AGOSTO-DE-2022-LAN\u00c7AMENTO-DO-CAMPEONATO-ESTADUAL-PAULISTA-PENALTY-23-300x200.png 300w, https:\/\/www.federacaopaulistadefutsal.com.br\/novo\/wp-content\/uploads\/2022\/08\/EASA-FOTO-02-DE-AGOSTO-DE-2022-LAN\u00c7AMENTO-DO-CAMPEONATO-ESTADUAL-PAULISTA-PENALTY-23-768x512.png 768w\" sizes=\"(max-width: 800px) 100vw, 800px\" \/><\/a>\n\t\t\t<\/div><\/figure><figure class='gallery-item'>\n\t\t\t<div class='gallery-icon landscape'>\n\t\t\t\t<a href='https:\/\/www.federacaopaulistadefutsal.com.br\/novo\/fpfs-lanca-oficialmente-o-campeonato-estadual-paulistapenalty-adulto-com-premiacao-e-vaga-na-taca-brasil\/easa-foto-02-de-agosto-de-2022-lancamento-do-campeonato-estadual-paulista-penalty-6\/'><img loading=\"lazy\" decoding=\"async\" width=\"800\" height=\"534\" src=\"https:\/\/www.federacaopaulistadefutsal.com.br\/novo\/wp-content\/uploads\/2022\/08\/EASA-FOTO-02-DE-AGOSTO-DE-2022-LAN\u00c7AMENTO-DO-CAMPEONATO-ESTADUAL-PAULISTA-PENALTY-6.png\" class=\"attachment-large size-large\" alt=\"\" srcset=\"https:\/\/www.federacaopaulistadefutsal.com.br\/novo\/wp-content\/uploads\/2022\/08\/EASA-FOTO-02-DE-AGOSTO-DE-2022-LAN\u00c7AMENTO-DO-CAMPEONATO-ESTADUAL-PAULISTA-PENALTY-6.png 1000w, https:\/\/www.federacaopaulistadefutsal.com.br\/novo\/wp-content\/uploads\/2022\/08\/EASA-FOTO-02-DE-AGOSTO-DE-2022-LAN\u00c7AMENTO-DO-CAMPEONATO-ESTADUAL-PAULISTA-PENALTY-6-300x200.png 300w, https:\/\/www.federacaopaulistadefutsal.com.br\/novo\/wp-content\/uploads\/2022\/08\/EASA-FOTO-02-DE-AGOSTO-DE-2022-LAN\u00c7AMENTO-DO-CAMPEONATO-ESTADUAL-PAULISTA-PENALTY-6-768x512.png 768w\" sizes=\"(max-width: 800px) 100vw, 800px\" \/><\/a>\n\t\t\t<\/div><\/figure><figure class='gallery-item'>\n\t\t\t<div class='gallery-icon landscape'>\n\t\t\t\t<a href='https:\/\/www.federacaopaulistadefutsal.com.br\/novo\/fpfs-lanca-oficialmente-o-campeonato-estadual-paulistapenalty-adulto-com-premiacao-e-vaga-na-taca-brasil\/easa-foto-02-de-agosto-de-2022-lancamento-do-campeonato-estadual-paulista-penalty-7\/'><img loading=\"lazy\" decoding=\"async\" width=\"800\" height=\"534\" src=\"https:\/\/www.federacaopaulistadefutsal.com.br\/novo\/wp-content\/uploads\/2022\/08\/EASA-FOTO-02-DE-AGOSTO-DE-2022-LAN\u00c7AMENTO-DO-CAMPEONATO-ESTADUAL-PAULISTA-PENALTY-7.png\" class=\"attachment-large size-large\" alt=\"\" srcset=\"https:\/\/www.federacaopaulistadefutsal.com.br\/novo\/wp-content\/uploads\/2022\/08\/EASA-FOTO-02-DE-AGOSTO-DE-2022-LAN\u00c7AMENTO-DO-CAMPEONATO-ESTADUAL-PAULISTA-PENALTY-7.png 1000w, https:\/\/www.federacaopaulistadefutsal.com.br\/novo\/wp-content\/uploads\/2022\/08\/EASA-FOTO-02-DE-AGOSTO-DE-2022-LAN\u00c7AMENTO-DO-CAMPEONATO-ESTADUAL-PAULISTA-PENALTY-7-300x200.png 300w, https:\/\/www.federacaopaulistadefutsal.com.br\/novo\/wp-content\/uploads\/2022\/08\/EASA-FOTO-02-DE-AGOSTO-DE-2022-LAN\u00c7AMENTO-DO-CAMPEONATO-ESTADUAL-PAULISTA-PENALTY-7-768x512.png 768w\" sizes=\"(max-width: 800px) 100vw, 800px\" \/><\/a>\n\t\t\t<\/div><\/figure><figure class='gallery-item'>\n\t\t\t<div class='gallery-icon landscape'>\n\t\t\t\t<a href='https:\/\/www.federacaopaulistadefutsal.com.br\/novo\/fpfs-lanca-oficialmente-o-campeonato-estadual-paulistapenalty-adulto-com-premiacao-e-vaga-na-taca-brasil\/easa-foto-02-de-agosto-de-2022-lancamento-do-campeonato-estadual-paulista-penalty-8\/'><img loading=\"lazy\" decoding=\"async\" width=\"800\" height=\"534\" src=\"https:\/\/www.federacaopaulistadefutsal.com.br\/novo\/wp-content\/uploads\/2022\/08\/EASA-FOTO-02-DE-AGOSTO-DE-2022-LAN\u00c7AMENTO-DO-CAMPEONATO-ESTADUAL-PAULISTA-PENALTY-8.png\" class=\"attachment-large size-large\" alt=\"\" srcset=\"https:\/\/www.federacaopaulistadefutsal.com.br\/novo\/wp-content\/uploads\/2022\/08\/EASA-FOTO-02-DE-AGOSTO-DE-2022-LAN\u00c7AMENTO-DO-CAMPEONATO-ESTADUAL-PAULISTA-PENALTY-8.png 1000w, https:\/\/www.federacaopaulistadefutsal.com.br\/novo\/wp-content\/uploads\/2022\/08\/EASA-FOTO-02-DE-AGOSTO-DE-2022-LAN\u00c7AMENTO-DO-CAMPEONATO-ESTADUAL-PAULISTA-PENALTY-8-300x200.png 300w, https:\/\/www.federacaopaulistadefutsal.com.br\/novo\/wp-content\/uploads\/2022\/08\/EASA-FOTO-02-DE-AGOSTO-DE-2022-LAN\u00c7AMENTO-DO-CAMPEONATO-ESTADUAL-PAULISTA-PENALTY-8-768x512.png 768w\" sizes=\"(max-width: 800px) 100vw, 800px\" \/><\/a>\n\t\t\t<\/div><\/figure><figure class='gallery-item'>\n\t\t\t<div class='gallery-icon landscape'>\n\t\t\t\t<a href='https:\/\/www.federacaopaulistadefutsal.com.br\/novo\/fpfs-lanca-oficialmente-o-campeonato-estadual-paulistapenalty-adulto-com-premiacao-e-vaga-na-taca-brasil\/easa-foto-02-de-agosto-de-2022-lancamento-do-campeonato-estadual-paulista-penalty-2\/'><img loading=\"lazy\" decoding=\"async\" width=\"800\" height=\"534\" src=\"https:\/\/www.federacaopaulistadefutsal.com.br\/novo\/wp-content\/uploads\/2022\/08\/EASA-FOTO-02-DE-AGOSTO-DE-2022-LAN\u00c7AMENTO-DO-CAMPEONATO-ESTADUAL-PAULISTA-PENALTY-2.png\" class=\"attachment-large size-large\" alt=\"\" srcset=\"https:\/\/www.federacaopaulistadefutsal.com.br\/novo\/wp-content\/uploads\/2022\/08\/EASA-FOTO-02-DE-AGOSTO-DE-2022-LAN\u00c7AMENTO-DO-CAMPEONATO-ESTADUAL-PAULISTA-PENALTY-2.png 1000w, https:\/\/www.federacaopaulistadefutsal.com.br\/novo\/wp-content\/uploads\/2022\/08\/EASA-FOTO-02-DE-AGOSTO-DE-2022-LAN\u00c7AMENTO-DO-CAMPEONATO-ESTADUAL-PAULISTA-PENALTY-2-300x200.png 300w, https:\/\/www.federacaopaulistadefutsal.com.br\/novo\/wp-content\/uploads\/2022\/08\/EASA-FOTO-02-DE-AGOSTO-DE-2022-LAN\u00c7AMENTO-DO-CAMPEONATO-ESTADUAL-PAULISTA-PENALTY-2-768x512.png 768w\" sizes=\"(max-width: 800px) 100vw, 800px\" \/><\/a>\n\t\t\t<\/div><\/figure><figure class='gallery-item'>\n\t\t\t<div class='gallery-icon landscape'>\n\t\t\t\t<a href='https:\/\/www.federacaopaulistadefutsal.com.br\/novo\/fpfs-lanca-oficialmente-o-campeonato-estadual-paulistapenalty-adulto-com-premiacao-e-vaga-na-taca-brasil\/easa-foto-02-de-agosto-de-2022-lancamento-do-campeonato-estadual-paulista-penalty-1\/'><img loading=\"lazy\" decoding=\"async\" width=\"800\" height=\"534\" src=\"https:\/\/www.federacaopaulistadefutsal.com.br\/novo\/wp-content\/uploads\/2022\/08\/EASA-FOTO-02-DE-AGOSTO-DE-2022-LAN\u00c7AMENTO-DO-CAMPEONATO-ESTADUAL-PAULISTA-PENALTY-1.png\" class=\"attachment-large size-large\" alt=\"\" srcset=\"https:\/\/www.federacaopaulistadefutsal.com.br\/novo\/wp-content\/uploads\/2022\/08\/EASA-FOTO-02-DE-AGOSTO-DE-2022-LAN\u00c7AMENTO-DO-CAMPEONATO-ESTADUAL-PAULISTA-PENALTY-1.png 1000w, https:\/\/www.federacaopaulistadefutsal.com.br\/novo\/wp-content\/uploads\/2022\/08\/EASA-FOTO-02-DE-AGOSTO-DE-2022-LAN\u00c7AMENTO-DO-CAMPEONATO-ESTADUAL-PAULISTA-PENALTY-1-300x200.png 300w, https:\/\/www.federacaopaulistadefutsal.com.br\/novo\/wp-content\/uploads\/2022\/08\/EASA-FOTO-02-DE-AGOSTO-DE-2022-LAN\u00c7AMENTO-DO-CAMPEONATO-ESTADUAL-PAULISTA-PENALTY-1-768x512.png 768w\" sizes=\"(max-width: 800px) 100vw, 800px\" \/><\/a>\n\t\t\t<\/div><\/figure><figure class='gallery-item'>\n\t\t\t<div class='gallery-icon landscape'>\n\t\t\t\t<a href='https:\/\/www.federacaopaulistadefutsal.com.br\/novo\/fpfs-lanca-oficialmente-o-campeonato-estadual-paulistapenalty-adulto-com-premiacao-e-vaga-na-taca-brasil\/easa-foto-02-de-agosto-de-2022-lancamento-do-campeonato-estadual-paulista-penalty-9\/'><img loading=\"lazy\" decoding=\"async\" width=\"800\" height=\"534\" src=\"https:\/\/www.federacaopaulistadefutsal.com.br\/novo\/wp-content\/uploads\/2022\/08\/EASA-FOTO-02-DE-AGOSTO-DE-2022-LAN\u00c7AMENTO-DO-CAMPEONATO-ESTADUAL-PAULISTA-PENALTY-9.png\" class=\"attachment-large size-large\" alt=\"\" srcset=\"https:\/\/www.federacaopaulistadefutsal.com.br\/novo\/wp-content\/uploads\/2022\/08\/EASA-FOTO-02-DE-AGOSTO-DE-2022-LAN\u00c7AMENTO-DO-CAMPEONATO-ESTADUAL-PAULISTA-PENALTY-9.png 1000w, https:\/\/www.federacaopaulistadefutsal.com.br\/novo\/wp-content\/uploads\/2022\/08\/EASA-FOTO-02-DE-AGOSTO-DE-2022-LAN\u00c7AMENTO-DO-CAMPEONATO-ESTADUAL-PAULISTA-PENALTY-9-300x200.png 300w, https:\/\/www.federacaopaulistadefutsal.com.br\/novo\/wp-content\/uploads\/2022\/08\/EASA-FOTO-02-DE-AGOSTO-DE-2022-LAN\u00c7AMENTO-DO-CAMPEONATO-ESTADUAL-PAULISTA-PENALTY-9-768x512.png 768w\" sizes=\"(max-width: 800px) 100vw, 800px\" \/><\/a>\n\t\t\t<\/div><\/figure><figure class='gallery-item'>\n\t\t\t<div class='gallery-icon landscape'>\n\t\t\t\t<a href='https:\/\/www.federacaopaulistadefutsal.com.br\/novo\/fpfs-lanca-oficialmente-o-campeonato-estadual-paulistapenalty-adulto-com-premiacao-e-vaga-na-taca-brasil\/easa-foto-02-de-agosto-de-2022-lancamento-do-campeonato-estadual-paulista-penalty-22\/'><img loading=\"lazy\" decoding=\"async\" width=\"800\" height=\"534\" src=\"https:\/\/www.federacaopaulistadefutsal.com.br\/novo\/wp-content\/uploads\/2022\/08\/EASA-FOTO-02-DE-AGOSTO-DE-2022-LAN\u00c7AMENTO-DO-CAMPEONATO-ESTADUAL-PAULISTA-PENALTY-22.png\" class=\"attachment-large size-large\" alt=\"\" srcset=\"https:\/\/www.federacaopaulistadefutsal.com.br\/novo\/wp-content\/uploads\/2022\/08\/EASA-FOTO-02-DE-AGOSTO-DE-2022-LAN\u00c7AMENTO-DO-CAMPEONATO-ESTADUAL-PAULISTA-PENALTY-22.png 1000w, https:\/\/www.federacaopaulistadefutsal.com.br\/novo\/wp-content\/uploads\/2022\/08\/EASA-FOTO-02-DE-AGOSTO-DE-2022-LAN\u00c7AMENTO-DO-CAMPEONATO-ESTADUAL-PAULISTA-PENALTY-22-300x200.png 300w, https:\/\/www.federacaopaulistadefutsal.com.br\/novo\/wp-content\/uploads\/2022\/08\/EASA-FOTO-02-DE-AGOSTO-DE-2022-LAN\u00c7AMENTO-DO-CAMPEONATO-ESTADUAL-PAULISTA-PENALTY-22-768x512.png 768w\" sizes=\"(max-width: 800px) 100vw, 800px\" \/><\/a>\n\t\t\t<\/div><\/figure><figure class='gallery-item'>\n\t\t\t<div class='gallery-icon landscape'>\n\t\t\t\t<a href='https:\/\/www.federacaopaulistadefutsal.com.br\/novo\/fpfs-lanca-oficialmente-o-campeonato-estadual-paulistapenalty-adulto-com-premiacao-e-vaga-na-taca-brasil\/easa-foto-02-de-agosto-de-2022-lancamento-do-campeonato-estadual-paulista-penalty-20\/'><img loading=\"lazy\" decoding=\"async\" width=\"800\" height=\"534\" src=\"https:\/\/www.federacaopaulistadefutsal.com.br\/novo\/wp-content\/uploads\/2022\/08\/EASA-FOTO-02-DE-AGOSTO-DE-2022-LAN\u00c7AMENTO-DO-CAMPEONATO-ESTADUAL-PAULISTA-PENALTY-20.png\" class=\"attachment-large size-large\" alt=\"\" srcset=\"https:\/\/www.federacaopaulistadefutsal.com.br\/novo\/wp-content\/uploads\/2022\/08\/EASA-FOTO-02-DE-AGOSTO-DE-2022-LAN\u00c7AMENTO-DO-CAMPEONATO-ESTADUAL-PAULISTA-PENALTY-20.png 1000w, https:\/\/www.federacaopaulistadefutsal.com.br\/novo\/wp-content\/uploads\/2022\/08\/EASA-FOTO-02-DE-AGOSTO-DE-2022-LAN\u00c7AMENTO-DO-CAMPEONATO-ESTADUAL-PAULISTA-PENALTY-20-300x200.png 300w, https:\/\/www.federacaopaulistadefutsal.com.br\/novo\/wp-content\/uploads\/2022\/08\/EASA-FOTO-02-DE-AGOSTO-DE-2022-LAN\u00c7AMENTO-DO-CAMPEONATO-ESTADUAL-PAULISTA-PENALTY-20-768x512.png 768w\" sizes=\"(max-width: 800px) 100vw, 800px\" \/><\/a>\n\t\t\t<\/div><\/figure><figure class='gallery-item'>\n\t\t\t<div class='gallery-icon landscape'>\n\t\t\t\t<a href='https:\/\/www.federacaopaulistadefutsal.com.br\/novo\/fpfs-lanca-oficialmente-o-campeonato-estadual-paulistapenalty-adulto-com-premiacao-e-vaga-na-taca-brasil\/easa-foto-02-de-agosto-de-2022-lancamento-do-campeonato-estadual-paulista-penalty-21\/'><img loading=\"lazy\" decoding=\"async\" width=\"800\" height=\"534\" src=\"https:\/\/www.federacaopaulistadefutsal.com.br\/novo\/wp-content\/uploads\/2022\/08\/EASA-FOTO-02-DE-AGOSTO-DE-2022-LAN\u00c7AMENTO-DO-CAMPEONATO-ESTADUAL-PAULISTA-PENALTY-21.png\" class=\"attachment-large size-large\" alt=\"\" srcset=\"https:\/\/www.federacaopaulistadefutsal.com.br\/novo\/wp-content\/uploads\/2022\/08\/EASA-FOTO-02-DE-AGOSTO-DE-2022-LAN\u00c7AMENTO-DO-CAMPEONATO-ESTADUAL-PAULISTA-PENALTY-21.png 1000w, https:\/\/www.federacaopaulistadefutsal.com.br\/novo\/wp-content\/uploads\/2022\/08\/EASA-FOTO-02-DE-AGOSTO-DE-2022-LAN\u00c7AMENTO-DO-CAMPEONATO-ESTADUAL-PAULISTA-PENALTY-21-300x200.png 300w, https:\/\/www.federacaopaulistadefutsal.com.br\/novo\/wp-content\/uploads\/2022\/08\/EASA-FOTO-02-DE-AGOSTO-DE-2022-LAN\u00c7AMENTO-DO-CAMPEONATO-ESTADUAL-PAULISTA-PENALTY-21-768x512.png 768w\" sizes=\"(max-width: 800px) 100vw, 800px\" \/><\/a>\n\t\t\t<\/div><\/figure><figure class='gallery-item'>\n\t\t\t<div class='gallery-icon landscape'>\n\t\t\t\t<a href='https:\/\/www.federacaopaulistadefutsal.com.br\/novo\/fpfs-lanca-oficialmente-o-campeonato-estadual-paulistapenalty-adulto-com-premiacao-e-vaga-na-taca-brasil\/eacf221\/'><img loading=\"lazy\" decoding=\"async\" width=\"800\" height=\"534\" src=\"https:\/\/www.federacaopaulistadefutsal.com.br\/novo\/wp-content\/uploads\/2022\/08\/EACF221.png\" class=\"attachment-large size-large\" alt=\"\" srcset=\"https:\/\/www.federacaopaulistadefutsal.com.br\/novo\/wp-content\/uploads\/2022\/08\/EACF221.png 1000w, https:\/\/www.federacaopaulistadefutsal.com.br\/novo\/wp-content\/uploads\/2022\/08\/EACF221-300x200.png 300w, https:\/\/www.federacaopaulistadefutsal.com.br\/novo\/wp-content\/uploads\/2022\/08\/EACF221-768x512.png 768w\" sizes=\"(max-width: 800px) 100vw, 800px\" \/><\/a>\n\t\t\t<\/div><\/figure><figure class='gallery-item'>\n\t\t\t<div class='gallery-icon landscape'>\n\t\t\t\t<a href='https:\/\/www.federacaopaulistadefutsal.com.br\/novo\/fpfs-lanca-oficialmente-o-campeonato-estadual-paulistapenalty-adulto-com-premiacao-e-vaga-na-taca-brasil\/easa-foto-02-de-agosto-de-2022-lancamento-do-campeonato-estadual-paulista-penalty-3\/'><img loading=\"lazy\" decoding=\"async\" width=\"800\" height=\"534\" src=\"https:\/\/www.federacaopaulistadefutsal.com.br\/novo\/wp-content\/uploads\/2022\/08\/EASA-FOTO-02-DE-AGOSTO-DE-2022-LAN\u00c7AMENTO-DO-CAMPEONATO-ESTADUAL-PAULISTA-PENALTY-3.png\" class=\"attachment-large size-large\" alt=\"\" srcset=\"https:\/\/www.federacaopaulistadefutsal.com.br\/novo\/wp-content\/uploads\/2022\/08\/EASA-FOTO-02-DE-AGOSTO-DE-2022-LAN\u00c7AMENTO-DO-CAMPEONATO-ESTADUAL-PAULISTA-PENALTY-3.png 1000w, https:\/\/www.federacaopaulistadefutsal.com.br\/novo\/wp-content\/uploads\/2022\/08\/EASA-FOTO-02-DE-AGOSTO-DE-2022-LAN\u00c7AMENTO-DO-CAMPEONATO-ESTADUAL-PAULISTA-PENALTY-3-300x200.png 300w, https:\/\/www.federacaopaulistadefutsal.com.br\/novo\/wp-content\/uploads\/2022\/08\/EASA-FOTO-02-DE-AGOSTO-DE-2022-LAN\u00c7AMENTO-DO-CAMPEONATO-ESTADUAL-PAULISTA-PENALTY-3-768x512.png 768w\" sizes=\"(max-width: 800px) 100vw, 800px\" \/><\/a>\n\t\t\t<\/div><\/figure><figure class='gallery-item'>\n\t\t\t<div class='gallery-icon landscape'>\n\t\t\t\t<a href='https:\/\/www.federacaopaulistadefutsal.com.br\/novo\/fpfs-lanca-oficialmente-o-campeonato-estadual-paulistapenalty-adulto-com-premiacao-e-vaga-na-taca-brasil\/easa-foto-02-de-agosto-de-2022-lancamento-do-campeonato-estadual-paulista-penalty\/'><img loading=\"lazy\" decoding=\"async\" width=\"800\" height=\"534\" src=\"https:\/\/www.federacaopaulistadefutsal.com.br\/novo\/wp-content\/uploads\/2022\/08\/EASA-FOTO-02-DE-AGOSTO-DE-2022-LAN\u00c7AMENTO-DO-CAMPEONATO-ESTADUAL-PAULISTA-PENALTY.png\" class=\"attachment-large size-large\" alt=\"\" srcset=\"https:\/\/www.federacaopaulistadefutsal.com.br\/novo\/wp-content\/uploads\/2022\/08\/EASA-FOTO-02-DE-AGOSTO-DE-2022-LAN\u00c7AMENTO-DO-CAMPEONATO-ESTADUAL-PAULISTA-PENALTY.png 1000w, https:\/\/www.federacaopaulistadefutsal.com.br\/novo\/wp-content\/uploads\/2022\/08\/EASA-FOTO-02-DE-AGOSTO-DE-2022-LAN\u00c7AMENTO-DO-CAMPEONATO-ESTADUAL-PAULISTA-PENALTY-300x200.png 300w, https:\/\/www.federacaopaulistadefutsal.com.br\/novo\/wp-content\/uploads\/2022\/08\/EASA-FOTO-02-DE-AGOSTO-DE-2022-LAN\u00c7AMENTO-DO-CAMPEONATO-ESTADUAL-PAULISTA-PENALTY-768x512.png 768w\" sizes=\"(max-width: 800px) 100vw, 800px\" \/><\/a>\n\t\t\t<\/div><\/figure><figure class='gallery-item'>\n\t\t\t<div class='gallery-icon landscape'>\n\t\t\t\t<a href='https:\/\/www.federacaopaulistadefutsal.com.br\/novo\/fpfs-lanca-oficialmente-o-campeonato-estadual-paulistapenalty-adulto-com-premiacao-e-vaga-na-taca-brasil\/easa-foto-02-de-agosto-de-2022-lancamento-do-campeonato-estadual-paulista-penalty-4\/'><img loading=\"lazy\" decoding=\"async\" width=\"800\" height=\"534\" src=\"https:\/\/www.federacaopaulistadefutsal.com.br\/novo\/wp-content\/uploads\/2022\/08\/EASA-FOTO-02-DE-AGOSTO-DE-2022-LAN\u00c7AMENTO-DO-CAMPEONATO-ESTADUAL-PAULISTA-PENALTY-4.png\" class=\"attachment-large size-large\" alt=\"\" srcset=\"https:\/\/www.federacaopaulistadefutsal.com.br\/novo\/wp-content\/uploads\/2022\/08\/EASA-FOTO-02-DE-AGOSTO-DE-2022-LAN\u00c7AMENTO-DO-CAMPEONATO-ESTADUAL-PAULISTA-PENALTY-4.png 1000w, https:\/\/www.federacaopaulistadefutsal.com.br\/novo\/wp-content\/uploads\/2022\/08\/EASA-FOTO-02-DE-AGOSTO-DE-2022-LAN\u00c7AMENTO-DO-CAMPEONATO-ESTADUAL-PAULISTA-PENALTY-4-300x200.png 300w, https:\/\/www.federacaopaulistadefutsal.com.br\/novo\/wp-content\/uploads\/2022\/08\/EASA-FOTO-02-DE-AGOSTO-DE-2022-LAN\u00c7AMENTO-DO-CAMPEONATO-ESTADUAL-PAULISTA-PENALTY-4-768x512.png 768w\" sizes=\"(max-width: 800px) 100vw, 800px\" \/><\/a>\n\t\t\t<\/div><\/figure><figure class='gallery-item'>\n\t\t\t<div class='gallery-icon landscape'>\n\t\t\t\t<a href='https:\/\/www.federacaopaulistadefutsal.com.br\/novo\/fpfs-lanca-oficialmente-o-campeonato-estadual-paulistapenalty-adulto-com-premiacao-e-vaga-na-taca-brasil\/easa-foto-02-de-agosto-de-2022-lancamento-do-campeonato-estadual-paulista-penalty-12\/'><img loading=\"lazy\" decoding=\"async\" width=\"800\" height=\"534\" src=\"https:\/\/www.federacaopaulistadefutsal.com.br\/novo\/wp-content\/uploads\/2022\/08\/EASA-FOTO-02-DE-AGOSTO-DE-2022-LAN\u00c7AMENTO-DO-CAMPEONATO-ESTADUAL-PAULISTA-PENALTY-12.png\" class=\"attachment-large size-large\" alt=\"\" srcset=\"https:\/\/www.federacaopaulistadefutsal.com.br\/novo\/wp-content\/uploads\/2022\/08\/EASA-FOTO-02-DE-AGOSTO-DE-2022-LAN\u00c7AMENTO-DO-CAMPEONATO-ESTADUAL-PAULISTA-PENALTY-12.png 1000w, https:\/\/www.federacaopaulistadefutsal.com.br\/novo\/wp-content\/uploads\/2022\/08\/EASA-FOTO-02-DE-AGOSTO-DE-2022-LAN\u00c7AMENTO-DO-CAMPEONATO-ESTADUAL-PAULISTA-PENALTY-12-300x200.png 300w, https:\/\/www.federacaopaulistadefutsal.com.br\/novo\/wp-content\/uploads\/2022\/08\/EASA-FOTO-02-DE-AGOSTO-DE-2022-LAN\u00c7AMENTO-DO-CAMPEONATO-ESTADUAL-PAULISTA-PENALTY-12-768x512.png 768w\" sizes=\"(max-width: 800px) 100vw, 800px\" \/><\/a>\n\t\t\t<\/div><\/figure><figure class='gallery-item'>\n\t\t\t<div class='gallery-icon landscape'>\n\t\t\t\t<a href='https:\/\/www.federacaopaulistadefutsal.com.br\/novo\/fpfs-lanca-oficialmente-o-campeonato-estadual-paulistapenalty-adulto-com-premiacao-e-vaga-na-taca-brasil\/easa-foto-02-de-agosto-de-2022-lancamento-do-campeonato-estadual-paulista-penalty-19\/'><img loading=\"lazy\" decoding=\"async\" width=\"800\" height=\"534\" src=\"https:\/\/www.federacaopaulistadefutsal.com.br\/novo\/wp-content\/uploads\/2022\/08\/EASA-FOTO-02-DE-AGOSTO-DE-2022-LAN\u00c7AMENTO-DO-CAMPEONATO-ESTADUAL-PAULISTA-PENALTY-19.png\" class=\"attachment-large size-large\" alt=\"\" srcset=\"https:\/\/www.federacaopaulistadefutsal.com.br\/novo\/wp-content\/uploads\/2022\/08\/EASA-FOTO-02-DE-AGOSTO-DE-2022-LAN\u00c7AMENTO-DO-CAMPEONATO-ESTADUAL-PAULISTA-PENALTY-19.png 1000w, https:\/\/www.federacaopaulistadefutsal.com.br\/novo\/wp-content\/uploads\/2022\/08\/EASA-FOTO-02-DE-AGOSTO-DE-2022-LAN\u00c7AMENTO-DO-CAMPEONATO-ESTADUAL-PAULISTA-PENALTY-19-300x200.png 300w, https:\/\/www.federacaopaulistadefutsal.com.br\/novo\/wp-content\/uploads\/2022\/08\/EASA-FOTO-02-DE-AGOSTO-DE-2022-LAN\u00c7AMENTO-DO-CAMPEONATO-ESTADUAL-PAULISTA-PENALTY-19-768x512.png 768w\" sizes=\"(max-width: 800px) 100vw, 800px\" \/><\/a>\n\t\t\t<\/div><\/figure><figure class='gallery-item'>\n\t\t\t<div class='gallery-icon landscape'>\n\t\t\t\t<a href='https:\/\/www.federacaopaulistadefutsal.com.br\/novo\/fpfs-lanca-oficialmente-o-campeonato-estadual-paulistapenalty-adulto-com-premiacao-e-vaga-na-taca-brasil\/easa-foto-02-de-agosto-de-2022-lancamento-do-campeonato-estadual-paulista-penalty-18\/'><img loading=\"lazy\" decoding=\"async\" width=\"800\" height=\"534\" src=\"https:\/\/www.federacaopaulistadefutsal.com.br\/novo\/wp-content\/uploads\/2022\/08\/EASA-FOTO-02-DE-AGOSTO-DE-2022-LAN\u00c7AMENTO-DO-CAMPEONATO-ESTADUAL-PAULISTA-PENALTY-18.png\" class=\"attachment-large size-large\" alt=\"\" srcset=\"https:\/\/www.federacaopaulistadefutsal.com.br\/novo\/wp-content\/uploads\/2022\/08\/EASA-FOTO-02-DE-AGOSTO-DE-2022-LAN\u00c7AMENTO-DO-CAMPEONATO-ESTADUAL-PAULISTA-PENALTY-18.png 1000w, https:\/\/www.federacaopaulistadefutsal.com.br\/novo\/wp-content\/uploads\/2022\/08\/EASA-FOTO-02-DE-AGOSTO-DE-2022-LAN\u00c7AMENTO-DO-CAMPEONATO-ESTADUAL-PAULISTA-PENALTY-18-300x200.png 300w, https:\/\/www.federacaopaulistadefutsal.com.br\/novo\/wp-content\/uploads\/2022\/08\/EASA-FOTO-02-DE-AGOSTO-DE-2022-LAN\u00c7AMENTO-DO-CAMPEONATO-ESTADUAL-PAULISTA-PENALTY-18-768x512.png 768w\" sizes=\"(max-width: 800px) 100vw, 800px\" \/><\/a>\n\t\t\t<\/div><\/figure><figure class='gallery-item'>\n\t\t\t<div class='gallery-icon landscape'>\n\t\t\t\t<a href='https:\/\/www.federacaopaulistadefutsal.com.br\/novo\/fpfs-lanca-oficialmente-o-campeonato-estadual-paulistapenalty-adulto-com-premiacao-e-vaga-na-taca-brasil\/easa-foto-02-de-agosto-de-2022-lancamento-do-campeonato-estadual-paulista-penalty-10\/'><img loading=\"lazy\" decoding=\"async\" width=\"800\" height=\"534\" src=\"https:\/\/www.federacaopaulistadefutsal.com.br\/novo\/wp-content\/uploads\/2022\/08\/EASA-FOTO-02-DE-AGOSTO-DE-2022-LAN\u00c7AMENTO-DO-CAMPEONATO-ESTADUAL-PAULISTA-PENALTY-10.png\" class=\"attachment-large size-large\" alt=\"\" srcset=\"https:\/\/www.federacaopaulistadefutsal.com.br\/novo\/wp-content\/uploads\/2022\/08\/EASA-FOTO-02-DE-AGOSTO-DE-2022-LAN\u00c7AMENTO-DO-CAMPEONATO-ESTADUAL-PAULISTA-PENALTY-10.png 1000w, https:\/\/www.federacaopaulistadefutsal.com.br\/novo\/wp-content\/uploads\/2022\/08\/EASA-FOTO-02-DE-AGOSTO-DE-2022-LAN\u00c7AMENTO-DO-CAMPEONATO-ESTADUAL-PAULISTA-PENALTY-10-300x200.png 300w, https:\/\/www.federacaopaulistadefutsal.com.br\/novo\/wp-content\/uploads\/2022\/08\/EASA-FOTO-02-DE-AGOSTO-DE-2022-LAN\u00c7AMENTO-DO-CAMPEONATO-ESTADUAL-PAULISTA-PENALTY-10-768x512.png 768w\" sizes=\"(max-width: 800px) 100vw, 800px\" \/><\/a>\n\t\t\t<\/div><\/figure><figure class='gallery-item'>\n\t\t\t<div class='gallery-icon landscape'>\n\t\t\t\t<a href='https:\/\/www.federacaopaulistadefutsal.com.br\/novo\/fpfs-lanca-oficialmente-o-campeonato-estadual-paulistapenalty-adulto-com-premiacao-e-vaga-na-taca-brasil\/easa-foto-02-de-agosto-de-2022-lancamento-do-campeonato-estadual-paulista-penalty-24\/'><img loading=\"lazy\" decoding=\"async\" width=\"800\" height=\"534\" src=\"https:\/\/www.federacaopaulistadefutsal.com.br\/novo\/wp-content\/uploads\/2022\/08\/EASA-FOTO-02-DE-AGOSTO-DE-2022-LAN\u00c7AMENTO-DO-CAMPEONATO-ESTADUAL-PAULISTA-PENALTY-24.png\" class=\"attachment-large size-large\" alt=\"\" srcset=\"https:\/\/www.federacaopaulistadefutsal.com.br\/novo\/wp-content\/uploads\/2022\/08\/EASA-FOTO-02-DE-AGOSTO-DE-2022-LAN\u00c7AMENTO-DO-CAMPEONATO-ESTADUAL-PAULISTA-PENALTY-24.png 1000w, https:\/\/www.federacaopaulistadefutsal.com.br\/novo\/wp-content\/uploads\/2022\/08\/EASA-FOTO-02-DE-AGOSTO-DE-2022-LAN\u00c7AMENTO-DO-CAMPEONATO-ESTADUAL-PAULISTA-PENALTY-24-300x200.png 300w, https:\/\/www.federacaopaulistadefutsal.com.br\/novo\/wp-content\/uploads\/2022\/08\/EASA-FOTO-02-DE-AGOSTO-DE-2022-LAN\u00c7AMENTO-DO-CAMPEONATO-ESTADUAL-PAULISTA-PENALTY-24-768x512.png 768w\" sizes=\"(max-width: 800px) 100vw, 800px\" \/><\/a>\n\t\t\t<\/div><\/figure><figure class='gallery-item'>\n\t\t\t<div class='gallery-icon landscape'>\n\t\t\t\t<a href='https:\/\/www.federacaopaulistadefutsal.com.br\/novo\/fpfs-lanca-oficialmente-o-campeonato-estadual-paulistapenalty-adulto-com-premiacao-e-vaga-na-taca-brasil\/easa-foto-02-de-agosto-de-2022-lancamento-do-campeonato-estadual-paulista-penalty-25\/'><img loading=\"lazy\" decoding=\"async\" width=\"800\" height=\"534\" src=\"https:\/\/www.federacaopaulistadefutsal.com.br\/novo\/wp-content\/uploads\/2022\/08\/EASA-FOTO-02-DE-AGOSTO-DE-2022-LAN\u00c7AMENTO-DO-CAMPEONATO-ESTADUAL-PAULISTA-PENALTY-25.png\" class=\"attachment-large size-large\" alt=\"\" srcset=\"https:\/\/www.federacaopaulistadefutsal.com.br\/novo\/wp-content\/uploads\/2022\/08\/EASA-FOTO-02-DE-AGOSTO-DE-2022-LAN\u00c7AMENTO-DO-CAMPEONATO-ESTADUAL-PAULISTA-PENALTY-25.png 1000w, https:\/\/www.federacaopaulistadefutsal.com.br\/novo\/wp-content\/uploads\/2022\/08\/EASA-FOTO-02-DE-AGOSTO-DE-2022-LAN\u00c7AMENTO-DO-CAMPEONATO-ESTADUAL-PAULISTA-PENALTY-25-300x200.png 300w, https:\/\/www.federacaopaulistadefutsal.com.br\/novo\/wp-content\/uploads\/2022\/08\/EASA-FOTO-02-DE-AGOSTO-DE-2022-LAN\u00c7AMENTO-DO-CAMPEONATO-ESTADUAL-PAULISTA-PENALTY-25-768x512.png 768w\" sizes=\"(max-width: 800px) 100vw, 800px\" \/><\/a>\n\t\t\t<\/div><\/figure><figure class='gallery-item'>\n\t\t\t<div class='gallery-icon landscape'>\n\t\t\t\t<a href='https:\/\/www.federacaopaulistadefutsal.com.br\/novo\/fpfs-lanca-oficialmente-o-campeonato-estadual-paulistapenalty-adulto-com-premiacao-e-vaga-na-taca-brasil\/easa-foto-02-de-agosto-de-2022-lancamento-do-campeonato-estadual-paulista-penalty-26\/'><img loading=\"lazy\" decoding=\"async\" width=\"800\" height=\"534\" src=\"https:\/\/www.federacaopaulistadefutsal.com.br\/novo\/wp-content\/uploads\/2022\/08\/EASA-FOTO-02-DE-AGOSTO-DE-2022-LAN\u00c7AMENTO-DO-CAMPEONATO-ESTADUAL-PAULISTA-PENALTY-26.png\" class=\"attachment-large size-large\" alt=\"\" srcset=\"https:\/\/www.federacaopaulistadefutsal.com.br\/novo\/wp-content\/uploads\/2022\/08\/EASA-FOTO-02-DE-AGOSTO-DE-2022-LAN\u00c7AMENTO-DO-CAMPEONATO-ESTADUAL-PAULISTA-PENALTY-26.png 1000w, https:\/\/www.federacaopaulistadefutsal.com.br\/novo\/wp-content\/uploads\/2022\/08\/EASA-FOTO-02-DE-AGOSTO-DE-2022-LAN\u00c7AMENTO-DO-CAMPEONATO-ESTADUAL-PAULISTA-PENALTY-26-300x200.png 300w, https:\/\/www.federacaopaulistadefutsal.com.br\/novo\/wp-content\/uploads\/2022\/08\/EASA-FOTO-02-DE-AGOSTO-DE-2022-LAN\u00c7AMENTO-DO-CAMPEONATO-ESTADUAL-PAULISTA-PENALTY-26-768x512.png 768w\" sizes=\"(max-width: 800px) 100vw, 800px\" \/><\/a>\n\t\t\t<\/div><\/figure><figure class='gallery-item'>\n\t\t\t<div class='gallery-icon landscape'>\n\t\t\t\t<a href='https:\/\/www.federacaopaulistadefutsal.com.br\/novo\/fpfs-lanca-oficialmente-o-campeonato-estadual-paulistapenalty-adulto-com-premiacao-e-vaga-na-taca-brasil\/easa-foto-02-de-agosto-de-2022-lancamento-do-campeonato-estadual-paulista-penalty-5\/'><img loading=\"lazy\" decoding=\"async\" width=\"800\" height=\"534\" src=\"https:\/\/www.federacaopaulistadefutsal.com.br\/novo\/wp-content\/uploads\/2022\/08\/EASA-FOTO-02-DE-AGOSTO-DE-2022-LAN\u00c7AMENTO-DO-CAMPEONATO-ESTADUAL-PAULISTA-PENALTY-5.png\" class=\"attachment-large size-large\" alt=\"\" srcset=\"https:\/\/www.federacaopaulistadefutsal.com.br\/novo\/wp-content\/uploads\/2022\/08\/EASA-FOTO-02-DE-AGOSTO-DE-2022-LAN\u00c7AMENTO-DO-CAMPEONATO-ESTADUAL-PAULISTA-PENALTY-5.png 1000w, https:\/\/www.federacaopaulistadefutsal.com.br\/novo\/wp-content\/uploads\/2022\/08\/EASA-FOTO-02-DE-AGOSTO-DE-2022-LAN\u00c7AMENTO-DO-CAMPEONATO-ESTADUAL-PAULISTA-PENALTY-5-300x200.png 300w, https:\/\/www.federacaopaulistadefutsal.com.br\/novo\/wp-content\/uploads\/2022\/08\/EASA-FOTO-02-DE-AGOSTO-DE-2022-LAN\u00c7AMENTO-DO-CAMPEONATO-ESTADUAL-PAULISTA-PENALTY-5-768x512.png 768w\" sizes=\"(max-width: 800px) 100vw, 800px\" \/><\/a>\n\t\t\t<\/div><\/figure><figure class='gallery-item'>\n\t\t\t<div class='gallery-icon landscape'>\n\t\t\t\t<a href='https:\/\/www.federacaopaulistadefutsal.com.br\/novo\/fpfs-lanca-oficialmente-o-campeonato-estadual-paulistapenalty-adulto-com-premiacao-e-vaga-na-taca-brasil\/easa-foto-02-de-agosto-de-2022-lancamento-do-campeonato-estadual-paulista-penalty-11\/'><img loading=\"lazy\" decoding=\"async\" width=\"800\" height=\"534\" src=\"https:\/\/www.federacaopaulistadefutsal.com.br\/novo\/wp-content\/uploads\/2022\/08\/EASA-FOTO-02-DE-AGOSTO-DE-2022-LAN\u00c7AMENTO-DO-CAMPEONATO-ESTADUAL-PAULISTA-PENALTY-11.png\" class=\"attachment-large size-large\" alt=\"\" srcset=\"https:\/\/www.federacaopaulistadefutsal.com.br\/novo\/wp-content\/uploads\/2022\/08\/EASA-FOTO-02-DE-AGOSTO-DE-2022-LAN\u00c7AMENTO-DO-CAMPEONATO-ESTADUAL-PAULISTA-PENALTY-11.png 1000w, https:\/\/www.federacaopaulistadefutsal.com.br\/novo\/wp-content\/uploads\/2022\/08\/EASA-FOTO-02-DE-AGOSTO-DE-2022-LAN\u00c7AMENTO-DO-CAMPEONATO-ESTADUAL-PAULISTA-PENALTY-11-300x200.png 300w, https:\/\/www.federacaopaulistadefutsal.com.br\/novo\/wp-content\/uploads\/2022\/08\/EASA-FOTO-02-DE-AGOSTO-DE-2022-LAN\u00c7AMENTO-DO-CAMPEONATO-ESTADUAL-PAULISTA-PENALTY-11-768x512.png 768w\" sizes=\"(max-width: 800px) 100vw, 800px\" \/><\/a>\n\t\t\t<\/div><\/figure><figure class='gallery-item'>\n\t\t\t<div class='gallery-icon landscape'>\n\t\t\t\t<a href='https:\/\/www.federacaopaulistadefutsal.com.br\/novo\/fpfs-lanca-oficialmente-o-campeonato-estadual-paulistapenalty-adulto-com-premiacao-e-vaga-na-taca-brasil\/easa-foto-02-de-agosto-de-2022-lancamento-do-campeonato-estadual-paulista-penalty-representante-da-penalty-joao-victor-carrasco-simoes\/'><img loading=\"lazy\" decoding=\"async\" width=\"800\" height=\"534\" src=\"https:\/\/www.federacaopaulistadefutsal.com.br\/novo\/wp-content\/uploads\/2022\/08\/EASA-FOTO-02-DE-AGOSTO-DE-2022-LAN\u00c7AMENTO-DO-CAMPEONATO-ESTADUAL-PAULISTA-PENALTY-REPRESENTANTE-DA-PENALTY-JO\u00c3O-VICTOR-CARRASCO-SIM\u00d5ES.png\" class=\"attachment-large size-large\" alt=\"\" srcset=\"https:\/\/www.federacaopaulistadefutsal.com.br\/novo\/wp-content\/uploads\/2022\/08\/EASA-FOTO-02-DE-AGOSTO-DE-2022-LAN\u00c7AMENTO-DO-CAMPEONATO-ESTADUAL-PAULISTA-PENALTY-REPRESENTANTE-DA-PENALTY-JO\u00c3O-VICTOR-CARRASCO-SIM\u00d5ES.png 1000w, https:\/\/www.federacaopaulistadefutsal.com.br\/novo\/wp-content\/uploads\/2022\/08\/EASA-FOTO-02-DE-AGOSTO-DE-2022-LAN\u00c7AMENTO-DO-CAMPEONATO-ESTADUAL-PAULISTA-PENALTY-REPRESENTANTE-DA-PENALTY-JO\u00c3O-VICTOR-CARRASCO-SIM\u00d5ES-300x200.png 300w, https:\/\/www.federacaopaulistadefutsal.com.br\/novo\/wp-content\/uploads\/2022\/08\/EASA-FOTO-02-DE-AGOSTO-DE-2022-LAN\u00c7AMENTO-DO-CAMPEONATO-ESTADUAL-PAULISTA-PENALTY-REPRESENTANTE-DA-PENALTY-JO\u00c3O-VICTOR-CARRASCO-SIM\u00d5ES-768x512.png 768w\" sizes=\"(max-width: 800px) 100vw, 800px\" \/><\/a>\n\t\t\t<\/div><\/figure><figure class='gallery-item'>\n\t\t\t<div class='gallery-icon landscape'>\n\t\t\t\t<a href='https:\/\/www.federacaopaulistadefutsal.com.br\/novo\/fpfs-lanca-oficialmente-o-campeonato-estadual-paulistapenalty-adulto-com-premiacao-e-vaga-na-taca-brasil\/easa-foto-02-de-agosto-de-2022-lancamento-do-campeonato-estadual-paulista-penalty-13\/'><img loading=\"lazy\" decoding=\"async\" width=\"800\" height=\"534\" src=\"https:\/\/www.federacaopaulistadefutsal.com.br\/novo\/wp-content\/uploads\/2022\/08\/EASA-FOTO-02-DE-AGOSTO-DE-2022-LAN\u00c7AMENTO-DO-CAMPEONATO-ESTADUAL-PAULISTA-PENALTY-13.png\" class=\"attachment-large size-large\" alt=\"\" srcset=\"https:\/\/www.federacaopaulistadefutsal.com.br\/novo\/wp-content\/uploads\/2022\/08\/EASA-FOTO-02-DE-AGOSTO-DE-2022-LAN\u00c7AMENTO-DO-CAMPEONATO-ESTADUAL-PAULISTA-PENALTY-13.png 1000w, https:\/\/www.federacaopaulistadefutsal.com.br\/novo\/wp-content\/uploads\/2022\/08\/EASA-FOTO-02-DE-AGOSTO-DE-2022-LAN\u00c7AMENTO-DO-CAMPEONATO-ESTADUAL-PAULISTA-PENALTY-13-300x200.png 300w, https:\/\/www.federacaopaulistadefutsal.com.br\/novo\/wp-content\/uploads\/2022\/08\/EASA-FOTO-02-DE-AGOSTO-DE-2022-LAN\u00c7AMENTO-DO-CAMPEONATO-ESTADUAL-PAULISTA-PENALTY-13-768x512.png 768w\" sizes=\"(max-width: 800px) 100vw, 800px\" \/><\/a>\n\t\t\t<\/div><\/figure><figure class='gallery-item'>\n\t\t\t<div class='gallery-icon landscape'>\n\t\t\t\t<a href='https:\/\/www.federacaopaulistadefutsal.com.br\/novo\/fpfs-lanca-oficialmente-o-campeonato-estadual-paulistapenalty-adulto-com-premiacao-e-vaga-na-taca-brasil\/easa-foto-02-de-agosto-de-2022-lancamento-do-campeonato-estadual-paulista-penalty-14\/'><img loading=\"lazy\" decoding=\"async\" width=\"800\" height=\"534\" src=\"https:\/\/www.federacaopaulistadefutsal.com.br\/novo\/wp-content\/uploads\/2022\/08\/EASA-FOTO-02-DE-AGOSTO-DE-2022-LAN\u00c7AMENTO-DO-CAMPEONATO-ESTADUAL-PAULISTA-PENALTY-14.png\" class=\"attachment-large size-large\" alt=\"\" srcset=\"https:\/\/www.federacaopaulistadefutsal.com.br\/novo\/wp-content\/uploads\/2022\/08\/EASA-FOTO-02-DE-AGOSTO-DE-2022-LAN\u00c7AMENTO-DO-CAMPEONATO-ESTADUAL-PAULISTA-PENALTY-14.png 1000w, https:\/\/www.federacaopaulistadefutsal.com.br\/novo\/wp-content\/uploads\/2022\/08\/EASA-FOTO-02-DE-AGOSTO-DE-2022-LAN\u00c7AMENTO-DO-CAMPEONATO-ESTADUAL-PAULISTA-PENALTY-14-300x200.png 300w, https:\/\/www.federacaopaulistadefutsal.com.br\/novo\/wp-content\/uploads\/2022\/08\/EASA-FOTO-02-DE-AGOSTO-DE-2022-LAN\u00c7AMENTO-DO-CAMPEONATO-ESTADUAL-PAULISTA-PENALTY-14-768x512.png 768w\" sizes=\"(max-width: 800px) 100vw, 800px\" \/><\/a>\n\t\t\t<\/div><\/figure><figure class='gallery-item'>\n\t\t\t<div class='gallery-icon landscape'>\n\t\t\t\t<a href='https:\/\/www.federacaopaulistadefutsal.com.br\/novo\/fpfs-lanca-oficialmente-o-campeonato-estadual-paulistapenalty-adulto-com-premiacao-e-vaga-na-taca-brasil\/easa-foto-02-de-agosto-de-2022-lancamento-do-campeonato-estadual-paulista-penalty-15\/'><img loading=\"lazy\" decoding=\"async\" width=\"800\" height=\"534\" src=\"https:\/\/www.federacaopaulistadefutsal.com.br\/novo\/wp-content\/uploads\/2022\/08\/EASA-FOTO-02-DE-AGOSTO-DE-2022-LAN\u00c7AMENTO-DO-CAMPEONATO-ESTADUAL-PAULISTA-PENALTY-15.png\" class=\"attachment-large size-large\" alt=\"\" srcset=\"https:\/\/www.federacaopaulistadefutsal.com.br\/novo\/wp-content\/uploads\/2022\/08\/EASA-FOTO-02-DE-AGOSTO-DE-2022-LAN\u00c7AMENTO-DO-CAMPEONATO-ESTADUAL-PAULISTA-PENALTY-15.png 1000w, https:\/\/www.federacaopaulistadefutsal.com.br\/novo\/wp-content\/uploads\/2022\/08\/EASA-FOTO-02-DE-AGOSTO-DE-2022-LAN\u00c7AMENTO-DO-CAMPEONATO-ESTADUAL-PAULISTA-PENALTY-15-300x200.png 300w, https:\/\/www.federacaopaulistadefutsal.com.br\/novo\/wp-content\/uploads\/2022\/08\/EASA-FOTO-02-DE-AGOSTO-DE-2022-LAN\u00c7AMENTO-DO-CAMPEONATO-ESTADUAL-PAULISTA-PENALTY-15-768x512.png 768w\" sizes=\"(max-width: 800px) 100vw, 800px\" \/><\/a>\n\t\t\t<\/div><\/figure><figure class='gallery-item'>\n\t\t\t<div class='gallery-icon landscape'>\n\t\t\t\t<a href='https:\/\/www.federacaopaulistadefutsal.com.br\/novo\/fpfs-lanca-oficialmente-o-campeonato-estadual-paulistapenalty-adulto-com-premiacao-e-vaga-na-taca-brasil\/easa-foto-02-de-agosto-de-2022-lancamento-do-campeonato-estadual-paulista-penalty-16\/'><img loading=\"lazy\" decoding=\"async\" width=\"800\" height=\"534\" src=\"https:\/\/www.federacaopaulistadefutsal.com.br\/novo\/wp-content\/uploads\/2022\/08\/EASA-FOTO-02-DE-AGOSTO-DE-2022-LAN\u00c7AMENTO-DO-CAMPEONATO-ESTADUAL-PAULISTA-PENALTY-16.png\" class=\"attachment-large size-large\" alt=\"\" srcset=\"https:\/\/www.federacaopaulistadefutsal.com.br\/novo\/wp-content\/uploads\/2022\/08\/EASA-FOTO-02-DE-AGOSTO-DE-2022-LAN\u00c7AMENTO-DO-CAMPEONATO-ESTADUAL-PAULISTA-PENALTY-16.png 1000w, https:\/\/www.federacaopaulistadefutsal.com.br\/novo\/wp-content\/uploads\/2022\/08\/EASA-FOTO-02-DE-AGOSTO-DE-2022-LAN\u00c7AMENTO-DO-CAMPEONATO-ESTADUAL-PAULISTA-PENALTY-16-300x200.png 300w, https:\/\/www.federacaopaulistadefutsal.com.br\/novo\/wp-content\/uploads\/2022\/08\/EASA-FOTO-02-DE-AGOSTO-DE-2022-LAN\u00c7AMENTO-DO-CAMPEONATO-ESTADUAL-PAULISTA-PENALTY-16-768x512.png 768w\" sizes=\"(max-width: 800px) 100vw, 800px\" \/><\/a>\n\t\t\t<\/div><\/figure><figure class='gallery-item'>\n\t\t\t<div class='gallery-icon landscape'>\n\t\t\t\t<a href='https:\/\/www.federacaopaulistadefutsal.com.br\/novo\/fpfs-lanca-oficialmente-o-campeonato-estadual-paulistapenalty-adulto-com-premiacao-e-vaga-na-taca-brasil\/easa-foto-02-de-agosto-de-2022-lancamento-do-campeonato-estadual-paulista-penalty-17\/'><img loading=\"lazy\" decoding=\"async\" width=\"800\" height=\"534\" src=\"https:\/\/www.federacaopaulistadefutsal.com.br\/novo\/wp-content\/uploads\/2022\/08\/EASA-FOTO-02-DE-AGOSTO-DE-2022-LAN\u00c7AMENTO-DO-CAMPEONATO-ESTADUAL-PAULISTA-PENALTY-17.png\" class=\"attachment-large size-large\" alt=\"\" srcset=\"https:\/\/www.federacaopaulistadefutsal.com.br\/novo\/wp-content\/uploads\/2022\/08\/EASA-FOTO-02-DE-AGOSTO-DE-2022-LAN\u00c7AMENTO-DO-CAMPEONATO-ESTADUAL-PAULISTA-PENALTY-17.png 1000w, https:\/\/www.federacaopaulistadefutsal.com.br\/novo\/wp-content\/uploads\/2022\/08\/EASA-FOTO-02-DE-AGOSTO-DE-2022-LAN\u00c7AMENTO-DO-CAMPEONATO-ESTADUAL-PAULISTA-PENALTY-17-300x200.png 300w, https:\/\/www.federacaopaulistadefutsal.com.br\/novo\/wp-content\/uploads\/2022\/08\/EASA-FOTO-02-DE-AGOSTO-DE-2022-LAN\u00c7AMENTO-DO-CAMPEONATO-ESTADUAL-PAULISTA-PENALTY-17-768x512.png 768w\" sizes=\"(max-width: 800px) 100vw, 800px\" \/><\/a>\n\t\t\t<\/div><\/figure>\n\t\t<\/div>\n\n","protected":false},"excerpt":{"rendered":"<p>Na noite desta ter\u00e7a-feira (02\/08), no anfiteatro da Associa\u00e7\u00e3o Atl\u00e9tica Banco do Brasil, localizado na Zonal Sul da Cidade de<\/p>\n","protected":false},"author":2,"featured_media":35244,"comment_status":"open","ping_status":"open","sticky":false,"template":"","format":"standard","meta":{"footnotes":""},"categories":[2660,25,2662,28,2651,1],"tags":[134,2841,3170,3173,3166,563,667,3007,1037,42,3085,3172,3168,3167,3171,3169,2840],"class_list":["post-35240","post","type-post","status-publish","format-standard","has-post-thumbnail","hentry","category-home-destaque","category-destaques","category-homeparte3","category-fpfs-acontece","category-noticias","category-novidades","tag-aabb","tag-agua-boa","tag-antonio-carlos-ribeiro-de-souza","tag-cambuci-sa","tag-campeonato-estadual-paulistapenalty","tag-cbfs","tag-confederacao-brasileira-de-futsal","tag-eptv","tag-federacao-paulista-de-futsal","tag-fpfs","tag-garco","tag-marcelo-otaviano","tag-moraci-santanna","tag-penlaty","tag-prefeito-de-monte-azul-paulista","tag-prefeito-de-viradouro","tag-segasp"],"_links":{"self":[{"href":"https:\/\/www.federacaopaulistadefutsal.com.br\/novo\/wp-json\/wp\/v2\/posts\/35240","targetHints":{"allow":["GET"]}}],"collection":[{"href":"https:\/\/www.federacaopaulistadefutsal.com.br\/novo\/wp-json\/wp\/v2\/posts"}],"about":[{"href":"https:\/\/www.federacaopaulistadefutsal.com.br\/novo\/wp-json\/wp\/v2\/types\/post"}],"author":[{"embeddable":true,"href":"https:\/\/www.federacaopaulistadefutsal.com.br\/novo\/wp-json\/wp\/v2\/users\/2"}],"replies":[{"embeddable":true,"href":"https:\/\/www.federacaopaulistadefutsal.com.br\/novo\/wp-json\/wp\/v2\/comments?post=35240"}],"version-history":[{"count":10,"href":"https:\/\/www.federacaopaulistadefutsal.com.br\/novo\/wp-json\/wp\/v2\/posts\/35240\/revisions"}],"predecessor-version":[{"id":35301,"href":"https:\/\/www.federacaopaulistadefutsal.com.br\/novo\/wp-json\/wp\/v2\/posts\/35240\/revisions\/35301"}],"wp:featuredmedia":[{"embeddable":true,"href":"https:\/\/www.federacaopaulistadefutsal.com.br\/novo\/wp-json\/wp\/v2\/media\/35244"}],"wp:attachment":[{"href":"https:\/\/www.federacaopaulistadefutsal.com.br\/novo\/wp-json\/wp\/v2\/media?parent=35240"}],"wp:term":[{"taxonomy":"category","embeddable":true,"href":"https:\/\/www.federacaopaulistadefutsal.com.br\/novo\/wp-json\/wp\/v2\/categories?post=35240"},{"taxonomy":"post_tag","embeddable":true,"href":"https:\/\/www.federacaopaulistadefutsal.com.br\/novo\/wp-json\/wp\/v2\/tags?post=35240"}],"curies":[{"name":"wp","href":"https:\/\/api.w.org\/{rel}","templated":true}]}}