{"id":35449,"date":"2022-09-15T00:00:55","date_gmt":"2022-09-15T00:00:55","guid":{"rendered":"https:\/\/www.federacaopaulistadefutsal.com.br\/novo\/?p=35449"},"modified":"2022-09-15T21:43:28","modified_gmt":"2022-09-15T21:43:28","slug":"campeonato-brasileiro-de-selecoes-sub-17-selecao-paulista-empata-com-selecao-pernambucana-em-1-x-1","status":"publish","type":"post","link":"https:\/\/www.federacaopaulistadefutsal.com.br\/novo\/campeonato-brasileiro-de-selecoes-sub-17-selecao-paulista-empata-com-selecao-pernambucana-em-1-x-1\/","title":{"rendered":"CAMPEONATO BRASILEIRO DE SELE\u00c7\u00d5ES SUB 17: SELE\u00c7\u00c3O PAULISTA EMPATA COM SELE\u00c7\u00c3O PERNAMBUCANA EM 1 X 1"},"content":{"rendered":"<p>Na noite desta quarta-feira, 13\/09, no Centro Esportivo Santos Dumont, na Cidade de Recife (PE), a Sele\u00e7\u00e3o Paulista de Futsal, enfrentou os selecionados pernambucanos e empatou 1 x 1 no Campeonato Brasileiro de Sele\u00e7\u00f5es Sub 17.<\/p>\n<p>O plantel paulista, mais uma vez jogou em ritmo intenso, pressionando muito os advers\u00e1rios com marca\u00e7\u00e3o avan\u00e7ada tirando os espa\u00e7os. Com dom\u00ednio do jogo e maior tempo de posse de bola, o primeiro gol saiu aos 12:31, com o camisa 4,\u00a0Jo\u00e3o Vitor Gomes, da Sele\u00e7\u00e3o Paulista, com um chute forte pela ala esquerda, que n\u00e3o deu chance ao goleiro Rafinha e tamb\u00e9m foi desviado por Henrique, camisa 13 pernambucano.<\/p>\n<p>Equipe do Estado de S\u00e3o Paulo continuou avan\u00e7ando seu ataque durante todo o primeiro tempo, com jogas ofensivas dando trabalho ao goleiro pernambucano. J\u00e1 a equipe sediante, por sua vez, n\u00e3o ficou para tr\u00e1s, tentava seu primeiro gol, trocando passes, arriscando chutes ao gol paulista, mas, sem \u00eaxito. Finalizando assim a primeira etapa.<\/p>\n<p>No segundo tempo, os selecionados pernambucanos voltaram\u00a0 com sede de gol. Aos 17:31, do segundo per\u00edodo, ap\u00f3s uma chance de gol paulista, que foi bloqueada pelo goleiro Rafinha, em contra-ataque pernambucano, Z\u00e9, camisa 8, abriu o placar para o time da casa.<\/p>\n<p>No segundo tempo, o jogo seguiu equilibrado e ambas as equipes tiveram boas oportunidades de gol. Por\u00e9m, a partida encerrou em 1 x 1.<\/p>\n<p>Amanh\u00e3, pela 3\u00aa rodada, Sele\u00e7\u00e3o Paulista enfrentar\u00e1 a Sele\u00e7\u00e3o Alagoana,\u00a0 \u00e0s 18h15 com transmiss\u00e3o ao vivo pelo Youtube da CBFS TV.<\/p>\n<p>&nbsp;<\/p>\n<blockquote class=\"instagram-media\" style=\"background: #FFF; border: 0; border-radius: 3px; box-shadow: 0 0 1px 0 rgba(0,0,0,0.5),0 1px 10px 0 rgba(0,0,0,0.15); margin: 1px; max-width: 540px; min-width: 326px; padding: 0; width: calc(100% - 2px);\" data-instgrm-permalink=\"https:\/\/www.instagram.com\/p\/CigYtlXL546\/?utm_source=ig_embed&amp;utm_campaign=loading\" data-instgrm-version=\"14\">\n<div style=\"padding: 16px;\">\n<p>&nbsp;<\/p>\n<div style=\"display: flex; flex-direction: row; align-items: center;\"><\/div>\n<div style=\"padding: 19% 0;\"><\/div>\n<div style=\"display: block; height: 50px; margin: 0 auto 12px; width: 50px;\"><\/div>\n<div style=\"padding-top: 8px;\">\n<div style=\"color: #3897f0; font-family: Arial,sans-serif; font-size: 14px; font-style: normal; font-weight: 550; line-height: 18px;\">Ver essa foto no Instagram<\/div>\n<\/div>\n<div style=\"padding: 12.5% 0;\"><\/div>\n<div style=\"display: flex; flex-direction: row; margin-bottom: 14px; align-items: center;\"><\/div>\n<div style=\"display: flex; flex-direction: column; flex-grow: 1; justify-content: center; margin-bottom: 24px;\"><\/div>\n<p>&nbsp;<\/p>\n<p style=\"color: #c9c8cd; font-family: Arial,sans-serif; font-size: 14px; line-height: 17px; margin-bottom: 0; margin-top: 8px; overflow: hidden; padding: 8px 0 7px; text-align: center; text-overflow: ellipsis; white-space: nowrap;\"><a style=\"color: #c9c8cd; font-family: Arial,sans-serif; font-size: 14px; font-style: normal; font-weight: normal; line-height: 17px; text-decoration: none;\" href=\"https:\/\/www.instagram.com\/p\/CigYtlXL546\/?utm_source=ig_embed&amp;utm_campaign=loading\" target=\"_blank\" rel=\"noopener\">Uma publica\u00e7\u00e3o compartilhada por Federa\u00e7\u00e3o Paulista de Futsal (@futsalpaulistaoficial)<\/a><\/p>\n<\/div>\n<\/blockquote>\n<p><script async src=\"\/\/www.instagram.com\/embed.js\"><\/script><br \/>\nFotos: ceci_prutfotos<\/p>\n","protected":false},"excerpt":{"rendered":"<p>Na noite desta quarta-feira, 13\/09, no Centro Esportivo Santos Dumont, na Cidade de Recife (PE), a Sele\u00e7\u00e3o Paulista de Futsal,<\/p>\n","protected":false},"author":2,"featured_media":35457,"comment_status":"open","ping_status":"open","sticky":false,"template":"","format":"standard","meta":{"footnotes":""},"categories":[2660,25,2662,33,2651,1,35],"tags":[],"class_list":["post-35449","post","type-post","status-publish","format-standard","has-post-thumbnail","hentry","category-home-destaque","category-destaques","category-homeparte3","category-menores","category-noticias","category-novidades","category-selecao"],"_links":{"self":[{"href":"https:\/\/www.federacaopaulistadefutsal.com.br\/novo\/wp-json\/wp\/v2\/posts\/35449","targetHints":{"allow":["GET"]}}],"collection":[{"href":"https:\/\/www.federacaopaulistadefutsal.com.br\/novo\/wp-json\/wp\/v2\/posts"}],"about":[{"href":"https:\/\/www.federacaopaulistadefutsal.com.br\/novo\/wp-json\/wp\/v2\/types\/post"}],"author":[{"embeddable":true,"href":"https:\/\/www.federacaopaulistadefutsal.com.br\/novo\/wp-json\/wp\/v2\/users\/2"}],"replies":[{"embeddable":true,"href":"https:\/\/www.federacaopaulistadefutsal.com.br\/novo\/wp-json\/wp\/v2\/comments?post=35449"}],"version-history":[{"count":7,"href":"https:\/\/www.federacaopaulistadefutsal.com.br\/novo\/wp-json\/wp\/v2\/posts\/35449\/revisions"}],"predecessor-version":[{"id":35462,"href":"https:\/\/www.federacaopaulistadefutsal.com.br\/novo\/wp-json\/wp\/v2\/posts\/35449\/revisions\/35462"}],"wp:featuredmedia":[{"embeddable":true,"href":"https:\/\/www.federacaopaulistadefutsal.com.br\/novo\/wp-json\/wp\/v2\/media\/35457"}],"wp:attachment":[{"href":"https:\/\/www.federacaopaulistadefutsal.com.br\/novo\/wp-json\/wp\/v2\/media?parent=35449"}],"wp:term":[{"taxonomy":"category","embeddable":true,"href":"https:\/\/www.federacaopaulistadefutsal.com.br\/novo\/wp-json\/wp\/v2\/categories?post=35449"},{"taxonomy":"post_tag","embeddable":true,"href":"https:\/\/www.federacaopaulistadefutsal.com.br\/novo\/wp-json\/wp\/v2\/tags?post=35449"}],"curies":[{"name":"wp","href":"https:\/\/api.w.org\/{rel}","templated":true}]}}