{"id":3553,"date":"2015-02-08T02:10:30","date_gmt":"2015-02-08T02:10:30","guid":{"rendered":"http:\/\/www.federacaopaulistadefutsal.com.br\/?p=3553"},"modified":"2015-02-08T02:10:30","modified_gmt":"2015-02-08T02:10:30","slug":"elenco-da-a-a-fib-realiza-exames-cardiologicos","status":"publish","type":"post","link":"https:\/\/www.federacaopaulistadefutsal.com.br\/novo\/elenco-da-a-a-fib-realiza-exames-cardiologicos\/","title":{"rendered":"Elenco da A.A. FIB realiza exames cardiol\u00f3gicos"},"content":{"rendered":"<p>Em prepara\u00e7\u00e3o para o in\u00edcio da temporada 2015, todos os jogadores da Associa\u00e7\u00e3o Atl\u00e9tica FIB foram submetidos na \u00faltima sexta-feira (06) a exames na QRS Diagn\u00f3sticos Cardiol\u00f3gicos \u2013 Unidade Policl\u00ednica Bauru.<br \/>\nCom avalia\u00e7\u00f5es do cardiologista Dr. Marco Aurelyo Sanches, os atletas realizaram o teste ergom\u00e9trico (teste de esfor\u00e7o) e, com um protocolo especial para esportistas, estiveram na esteira de 10 a 12 minutos.<br \/>\n\u201cO nosso principal objetivo \u00e9 descartar o risco de morte s\u00fabita e tamb\u00e9m avaliar o condicionamento f\u00edsico dos jogadores\u201d, revelou Dr. Marco Aurelyo Sanches, que fez os exames cardiol\u00f3gicos no elenco pelo segundo ano consecutivo.<br \/>\nPara o cardiologista, o resultado da avalia\u00e7\u00e3o foi positivo. \u201cOs atletas est\u00e3o muito bem, apesar de estarem vindo de uma pr\u00e9-temporada, est\u00e3o todos com um excelente condicionamento f\u00edsico\u201d, afirmou o m\u00e9dico.<br \/>\nO elenco da A.A. FIB se apresentou ao t\u00e9cnico Elton Carvalho, que retorna \u00e0 equipe ap\u00f3s uma temporada, na \u00faltima quarta-feira (04) e entrou em quadra para o primeiro treino no dia seguinte. Os jogadores ainda realizaram a medi\u00e7\u00e3o corporal mais moderna do mundo, com o equipamento DEXA Gold Satandard, na Universidade Estadual Paulista (Unesp) de Bauru.<br \/>\nA primeira partida da A.A. FIB na temporada ser\u00e1 pela Liga Paulista de Futsal, no in\u00edcio de mar\u00e7o, por\u00e9m, a data e advers\u00e1rio da estreia ainda n\u00e3o foram divulgados. A prepara\u00e7\u00e3o do elenco segue com treinos em dois per\u00edodos.<br \/>\nPor Assessoria FPFS<br \/>\nCom informa\u00e7\u00f5es Assessoria AA FIB<br \/>\nDr. Marco Aurelyo Sanches avalia o ala Wesley e Goleiro Luccas na esteira.<br \/>\nCr\u00e9ditos: Rafael Peloso\/A.A. FIB<\/p>\n","protected":false},"excerpt":{"rendered":"<p>Em prepara\u00e7\u00e3o para o in\u00edcio da temporada 2015, todos os jogadores da Associa\u00e7\u00e3o Atl\u00e9tica FIB foram submetidos na \u00faltima sexta-feira<\/p>\n","protected":false},"author":1,"featured_media":3554,"comment_status":"closed","ping_status":"open","sticky":false,"template":"","format":"standard","meta":{"footnotes":""},"categories":[25,32],"tags":[128,1005],"class_list":["post-3553","post","type-post","status-publish","format-standard","has-post-thumbnail","hentry","category-destaques","category-maiores","tag-aa-fib","tag-exames"],"_links":{"self":[{"href":"https:\/\/www.federacaopaulistadefutsal.com.br\/novo\/wp-json\/wp\/v2\/posts\/3553","targetHints":{"allow":["GET"]}}],"collection":[{"href":"https:\/\/www.federacaopaulistadefutsal.com.br\/novo\/wp-json\/wp\/v2\/posts"}],"about":[{"href":"https:\/\/www.federacaopaulistadefutsal.com.br\/novo\/wp-json\/wp\/v2\/types\/post"}],"author":[{"embeddable":true,"href":"https:\/\/www.federacaopaulistadefutsal.com.br\/novo\/wp-json\/wp\/v2\/users\/1"}],"replies":[{"embeddable":true,"href":"https:\/\/www.federacaopaulistadefutsal.com.br\/novo\/wp-json\/wp\/v2\/comments?post=3553"}],"version-history":[{"count":0,"href":"https:\/\/www.federacaopaulistadefutsal.com.br\/novo\/wp-json\/wp\/v2\/posts\/3553\/revisions"}],"wp:featuredmedia":[{"embeddable":true,"href":"https:\/\/www.federacaopaulistadefutsal.com.br\/novo\/wp-json\/"}],"wp:attachment":[{"href":"https:\/\/www.federacaopaulistadefutsal.com.br\/novo\/wp-json\/wp\/v2\/media?parent=3553"}],"wp:term":[{"taxonomy":"category","embeddable":true,"href":"https:\/\/www.federacaopaulistadefutsal.com.br\/novo\/wp-json\/wp\/v2\/categories?post=3553"},{"taxonomy":"post_tag","embeddable":true,"href":"https:\/\/www.federacaopaulistadefutsal.com.br\/novo\/wp-json\/wp\/v2\/tags?post=3553"}],"curies":[{"name":"wp","href":"https:\/\/api.w.org\/{rel}","templated":true}]}}