{"id":3567,"date":"2015-02-10T12:17:23","date_gmt":"2015-02-10T12:17:23","guid":{"rendered":"http:\/\/www.federacaopaulistadefutsal.com.br\/?p=3567"},"modified":"2015-02-10T12:17:23","modified_gmt":"2015-02-10T12:17:23","slug":"time-da-a-a-fib-treina-para-a-estreia-na-temporada-2015","status":"publish","type":"post","link":"https:\/\/www.federacaopaulistadefutsal.com.br\/novo\/time-da-a-a-fib-treina-para-a-estreia-na-temporada-2015\/","title":{"rendered":"Time da A.A. FIB treina para a estreia na temporada 2015"},"content":{"rendered":"<p>Ainda sem conhecer o advers\u00e1rio da primeira partida na Liga Paulista de Futsal, competi\u00e7\u00e3o que come\u00e7a em mar\u00e7o e abre o calend\u00e1rio da Associa\u00e7\u00e3o Atl\u00e9tica FIB na temporada 2015, a equipe treinou ontem em dois per\u00edodos no campus das Faculdades Integradas de Bauru (FIB).<br \/>\nPela manh\u00e3, os jogadores da A.A. FIB aprimoraram o condicionamento com atividades coordenados pelo preparador f\u00edsico J\u00falio Porf\u00edrio. E no per\u00edodo da tarde, o t\u00e9cnico Elton Carvalho comandou treinos t\u00e1ticos com os atletas no Gin\u00e1sio Duduz\u00e3o.<br \/>\n\u201c<strong>O foco desta semana de treinamento \u00e9 a parte f\u00edsica, mesmo assim, n\u00f3s estamos treinando jogadas de bola parada, sem muita movimenta\u00e7\u00e3o dos atletas, mas acertando o posicionamento em quadra<\/strong>\u201d, disse o t\u00e9cnico Elton Carvalho, que chega a sua oitava temporada no comando da equipe.<br \/>\nAp\u00f3s os trabalhos f\u00edsicos, os jogadores da A.A. FIB ensaiaram principalmente as jogadas de escanteio. \u201c<strong>N\u00f3s teremos cerca de dez maneiras diferentes de trabalhar as bolas de escanteio<\/strong>\u201d, acrescentou Elton Carvalho.<br \/>\nA frente da meta da A.A. FIB pelo quarto ano consecutivo, o goleiro Luccas destaca a import\u00e2ncia das jogadas ensaiadas. \u201c<strong>Em um jogo equilibrado, uma bola parada pode decidir o placar e garantir um t\u00edtulo, por isso, este tipo de jogada realmente faz a diferen\u00e7a<\/strong>\u201d, afirmou Luccas.<br \/>\nAl\u00e9m do primeiro advers\u00e1rio, a data de estreia da A.A. FIB na Liga Paulista de Futsal tamb\u00e9m n\u00e3o foi definida. Enquanto aguardam a divulga\u00e7\u00e3o da tabela de jogos da competi\u00e7\u00e3o, os atletas seguem treinando em Bauru.<br \/>\n<strong>Programa\u00e7\u00e3o de treinos<br \/>\n<\/strong><br \/>\nAt\u00e9 esta quinta-feira (12), os jogadores da A.A. FIB treinam com o preparador f\u00edsico J\u00falio Porf\u00edrio, sempre \u00e0s 11h30. As atividades f\u00edsicas acontecem tamb\u00e9m na quinta-feira (12), \u00e0s 17h30, hor\u00e1rio em que o t\u00e9cnico Elton Carvalho promove os treinos t\u00e1ticos nesta ter\u00e7a-feira (10) e quarta-feira (11). Na sexta-feira (13), o elenco treina com bola \u00e0s 11h30 e ganha folga, se reapresentando na segunda-feira (16), \u00e0s 17h30. Todos os treinos acontecem no Gin\u00e1sio Duduz\u00e3o.<br \/>\nPor Assessoria FPFS<br \/>\nCom informa\u00e7\u00f5es Assessoria A.A FIB<\/p>\n","protected":false},"excerpt":{"rendered":"<p>Ainda sem conhecer o advers\u00e1rio da primeira partida na Liga Paulista de Futsal, competi\u00e7\u00e3o que come\u00e7a em mar\u00e7o e abre<\/p>\n","protected":false},"author":1,"featured_media":3568,"comment_status":"closed","ping_status":"open","sticky":false,"template":"","format":"standard","meta":{"footnotes":""},"categories":[25,32],"tags":[],"class_list":["post-3567","post","type-post","status-publish","format-standard","has-post-thumbnail","hentry","category-destaques","category-maiores"],"_links":{"self":[{"href":"https:\/\/www.federacaopaulistadefutsal.com.br\/novo\/wp-json\/wp\/v2\/posts\/3567","targetHints":{"allow":["GET"]}}],"collection":[{"href":"https:\/\/www.federacaopaulistadefutsal.com.br\/novo\/wp-json\/wp\/v2\/posts"}],"about":[{"href":"https:\/\/www.federacaopaulistadefutsal.com.br\/novo\/wp-json\/wp\/v2\/types\/post"}],"author":[{"embeddable":true,"href":"https:\/\/www.federacaopaulistadefutsal.com.br\/novo\/wp-json\/wp\/v2\/users\/1"}],"replies":[{"embeddable":true,"href":"https:\/\/www.federacaopaulistadefutsal.com.br\/novo\/wp-json\/wp\/v2\/comments?post=3567"}],"version-history":[{"count":0,"href":"https:\/\/www.federacaopaulistadefutsal.com.br\/novo\/wp-json\/wp\/v2\/posts\/3567\/revisions"}],"wp:featuredmedia":[{"embeddable":true,"href":"https:\/\/www.federacaopaulistadefutsal.com.br\/novo\/wp-json\/"}],"wp:attachment":[{"href":"https:\/\/www.federacaopaulistadefutsal.com.br\/novo\/wp-json\/wp\/v2\/media?parent=3567"}],"wp:term":[{"taxonomy":"category","embeddable":true,"href":"https:\/\/www.federacaopaulistadefutsal.com.br\/novo\/wp-json\/wp\/v2\/categories?post=3567"},{"taxonomy":"post_tag","embeddable":true,"href":"https:\/\/www.federacaopaulistadefutsal.com.br\/novo\/wp-json\/wp\/v2\/tags?post=3567"}],"curies":[{"name":"wp","href":"https:\/\/api.w.org\/{rel}","templated":true}]}}