{"id":35865,"date":"2023-01-31T21:44:32","date_gmt":"2023-01-31T21:44:32","guid":{"rendered":"https:\/\/www.federacaopaulistadefutsal.com.br\/novo\/?p=35865"},"modified":"2023-01-31T21:44:32","modified_gmt":"2023-01-31T21:44:32","slug":"futsal-do-corinthians-se-prepara-para-enfrentar-equipe-paranaense-em-jogo-de-pre-temporada-em-apucarana","status":"publish","type":"post","link":"https:\/\/www.federacaopaulistadefutsal.com.br\/novo\/futsal-do-corinthians-se-prepara-para-enfrentar-equipe-paranaense-em-jogo-de-pre-temporada-em-apucarana\/","title":{"rendered":"Futsal do Corinthians se prepara para enfrentar equipe paranaense em jogo de pr\u00e9-temporada em Apucarana"},"content":{"rendered":"<p>A equipe de futsal do Corinthians junto com a equipe do Cascavel Futsal tem um compromisso marcado para a pr\u00e9-temporada no final de fevereiro, onde ir\u00e3o enfrentar a equipe local de Apucarana, que disputa a S\u00e9rie Prata do Paranaense de Futsal. De acordo com uma pesquisa da Federa\u00e7\u00e3o Paranaense de Futsal, o Apucarana Futsal teve a maior m\u00e9dia de p\u00fablico do ano passado. O prefeito da cidade, Junior da Femac, comentou em entrevista ao site meu tim\u00e3o, que o torcedor de Apucarana \u00e9 apaixonado por futsal e lotar\u00e1 o Gin\u00e1sio do Lago\u00e3o para os dois jogos. O jogo est\u00e1 marcado para o dia 1 de mar\u00e7o, \u00e0s 20h.<\/p>\n<figure id=\"attachment_35866\" aria-describedby=\"caption-attachment-35866\" style=\"width: 800px\" class=\"wp-caption aligncenter\"><a href=\"https:\/\/www.federacaopaulistadefutsal.com.br\/novo\/wp-content\/uploads\/2023\/01\/25.11.22-Wallpaper-Corinthians.png\"><img fetchpriority=\"high\" decoding=\"async\" class=\"wp-image-35866 size-large\" src=\"https:\/\/www.federacaopaulistadefutsal.com.br\/novo\/wp-content\/uploads\/2023\/01\/25.11.22-Wallpaper-Corinthians-1024x576.png\" alt=\"\" width=\"800\" height=\"450\" srcset=\"https:\/\/www.federacaopaulistadefutsal.com.br\/novo\/wp-content\/uploads\/2023\/01\/25.11.22-Wallpaper-Corinthians-1024x576.png 1024w, https:\/\/www.federacaopaulistadefutsal.com.br\/novo\/wp-content\/uploads\/2023\/01\/25.11.22-Wallpaper-Corinthians-300x169.png 300w, https:\/\/www.federacaopaulistadefutsal.com.br\/novo\/wp-content\/uploads\/2023\/01\/25.11.22-Wallpaper-Corinthians-768x432.png 768w, https:\/\/www.federacaopaulistadefutsal.com.br\/novo\/wp-content\/uploads\/2023\/01\/25.11.22-Wallpaper-Corinthians.png 1920w\" sizes=\"(max-width: 800px) 100vw, 800px\" \/><\/a><figcaption id=\"caption-attachment-35866\" class=\"wp-caption-text\">Foto: Divulga\u00e7\u00e3o\/LNF<\/figcaption><\/figure>\n<p>O Corinthians, atual campe\u00e3o da Liga Nacional de Futsal (LNF), foi convidado pelo empres\u00e1rio Luiz Hirose e pelo presidente do Apucarana, em parceria com o prefeito da cidade. O time se prepara para a disputa do Paulista de Futsal em mar\u00e7o como o primeiro desafio da temporada, ap\u00f3s sa\u00eddas de jogadores e reformula\u00e7\u00e3o no elenco. O t\u00e9cnico Deividy Hadson tem a miss\u00e3o de formar um novo time vencedor no Parque S\u00e3o Jorge.<\/p>\n<h6><span style=\"color: #ff0000;\">CURIOSIDADE<\/span><\/h6>\n<p>O Corinthians \u00e9 o atual campe\u00e3o do prestigioso Campeonato Paulista de Futsal, tendo alcan\u00e7ado esse feito no 1\u00ba semestre de 2022. A equipe, composta por jogadores talentosos e dedicados, apresentou uma performance s\u00f3lida e coesa ao longo da competi\u00e7\u00e3o e \u00e9 um dos principais times do Futsal Paulista.<\/p>\n<p><span style=\"color: #ff0000;\"><strong>Al\u00e9m de ser uma conquista not\u00e1vel, a final do Campeonato Paulista de Futsal tamb\u00e9m marcou um ponto alto na cobertura da competi\u00e7\u00e3o. A partida foi transmitida pela TV Futsal FPFS no YouTube e obteve mais de 55 mil acessos simult\u00e2neos, o que \u00e9 uma prova do crescente interesse pela modalidade e pela competi\u00e7\u00e3o promovida pela FPFS. A transmiss\u00e3o tamb\u00e9m atingiu quase meio milh\u00e3o de visualiza\u00e7\u00f5es e j\u00e1 foi assistida milh\u00f5es de vezes, tornando-se um dos momentos mais assistidos do futsal na hist\u00f3ria recente.<\/strong><\/span><\/p>\n<p>A Federa\u00e7\u00e3o Paulista, ao levar a partida para a internet, atrav\u00e9s da TV Futsal FPFS permitiu que f\u00e3s de todo o mundo pudessem acompanhar a a\u00e7\u00e3o ao vivo. A transmiss\u00e3o ajudou a impulsionar o futsal a novos patamares de popularidade e aumentou a visibilidade da competi\u00e7\u00e3o.<\/p>\n<p><strong>Jogo completo abaixo:\u00a0<\/strong><\/p>\n<p><iframe title=\"YouTube video player\" src=\"https:\/\/www.youtube.com\/embed\/LDGNCd_avPs?start=747\" width=\"760\" height=\"515\" frameborder=\"0\" allowfullscreen=\"allowfullscreen\"><\/iframe><\/p>\n<p>&nbsp;<\/p>\n<pre><span style=\"color: #999999;\">Foto capa:\u00a0Pedro Paulo Diaz \/ Corinthians<\/span>\r\n<span style=\"color: #999999;\">Com informa\u00e7\u00f5es do site: meutim\u00e3o.com.br<\/span><\/pre>\n","protected":false},"excerpt":{"rendered":"<p>A equipe de futsal do Corinthians junto com a equipe do Cascavel Futsal tem um compromisso marcado para a pr\u00e9-temporada<\/p>\n","protected":false},"author":2,"featured_media":35868,"comment_status":"open","ping_status":"open","sticky":false,"template":"","format":"standard","meta":{"footnotes":""},"categories":[2660,25,2662,30,32,2651],"tags":[3199,3198,735,42,1131,1151,1546,1937,3197],"class_list":["post-35865","post","type-post","status-publish","format-standard","has-post-thumbnail","hentry","category-home-destaque","category-destaques","category-homeparte3","category-liga-nacional-de-futsal","category-maiores","category-noticias","tag-apucarana-futsal","tag-cascavel-futsal","tag-corinthians-futsal","tag-fpfs","tag-futsal","tag-futsal-paulista","tag-lnf","tag-pre-temporada","tag-temporada-2023"],"_links":{"self":[{"href":"https:\/\/www.federacaopaulistadefutsal.com.br\/novo\/wp-json\/wp\/v2\/posts\/35865","targetHints":{"allow":["GET"]}}],"collection":[{"href":"https:\/\/www.federacaopaulistadefutsal.com.br\/novo\/wp-json\/wp\/v2\/posts"}],"about":[{"href":"https:\/\/www.federacaopaulistadefutsal.com.br\/novo\/wp-json\/wp\/v2\/types\/post"}],"author":[{"embeddable":true,"href":"https:\/\/www.federacaopaulistadefutsal.com.br\/novo\/wp-json\/wp\/v2\/users\/2"}],"replies":[{"embeddable":true,"href":"https:\/\/www.federacaopaulistadefutsal.com.br\/novo\/wp-json\/wp\/v2\/comments?post=35865"}],"version-history":[{"count":12,"href":"https:\/\/www.federacaopaulistadefutsal.com.br\/novo\/wp-json\/wp\/v2\/posts\/35865\/revisions"}],"predecessor-version":[{"id":35879,"href":"https:\/\/www.federacaopaulistadefutsal.com.br\/novo\/wp-json\/wp\/v2\/posts\/35865\/revisions\/35879"}],"wp:featuredmedia":[{"embeddable":true,"href":"https:\/\/www.federacaopaulistadefutsal.com.br\/novo\/wp-json\/wp\/v2\/media\/35868"}],"wp:attachment":[{"href":"https:\/\/www.federacaopaulistadefutsal.com.br\/novo\/wp-json\/wp\/v2\/media?parent=35865"}],"wp:term":[{"taxonomy":"category","embeddable":true,"href":"https:\/\/www.federacaopaulistadefutsal.com.br\/novo\/wp-json\/wp\/v2\/categories?post=35865"},{"taxonomy":"post_tag","embeddable":true,"href":"https:\/\/www.federacaopaulistadefutsal.com.br\/novo\/wp-json\/wp\/v2\/tags?post=35865"}],"curies":[{"name":"wp","href":"https:\/\/api.w.org\/{rel}","templated":true}]}}