{"id":35881,"date":"2023-02-01T14:41:11","date_gmt":"2023-02-01T14:41:11","guid":{"rendered":"https:\/\/www.federacaopaulistadefutsal.com.br\/novo\/?p=35881"},"modified":"2023-02-01T14:41:11","modified_gmt":"2023-02-01T14:41:11","slug":"pre-temporada-para-oficiais-de-arbitragem-2023-inscricoes-e-programacao","status":"publish","type":"post","link":"https:\/\/www.federacaopaulistadefutsal.com.br\/novo\/pre-temporada-para-oficiais-de-arbitragem-2023-inscricoes-e-programacao\/","title":{"rendered":"Pr\u00e9-temporada para Oficiais de Arbitragem 2023: Inscri\u00e7\u00f5es e Programa\u00e7\u00e3o"},"content":{"rendered":"<h6><strong>PER\u00cdODO PARA INSCRI\u00c7\u00c3O, CAPITAL E INTERIOR, DOS OFICIAIS EM CONDI\u00c7\u00c3O, SER\u00c1 IMPRETRIVELMENTE AT\u00c9 DIA <u>03\/03\/2023<\/u><\/strong><\/h6>\n<p>A Pr\u00e9-temporada Oficial de Arbitragem 2023 ser\u00e1 realizada no dia 25 de fevereiro, s\u00e1bado, no Hotel Dan In Planalto, na Avenida C\u00e1sper L\u00edbero, 115 em Santa Efig\u00eania, S\u00e3o Paulo. O valor \u00e9 de R$ 160,00 por oficial. As Ligas filiadas devem enviar e-mail com of\u00edcio e comprovante de dep\u00f3sito at\u00e9 15 de fevereiro. N\u00e3o ser\u00e3o aceitas inscri\u00e7\u00f5es individuais de oficiais, apenas por meio da liga ou, para os oficiais da capital, diretamente pelo e-mail <a href=\"mailto:claudia@futsal.com.br\" target=\"_new\">claudia@futsal.com.br<\/a>. A avalia\u00e7\u00e3o te\u00f3rica \u00e9 necess\u00e1ria para atuar em todas as categorias com nota m\u00ednima de 7,00 e ser\u00e1 realizada atrav\u00e9s da plataforma Google Forms. A programa\u00e7\u00e3o inclui credenciamento, caf\u00e9 da manh\u00e3, disposi\u00e7\u00f5es iniciais 2023, adapta\u00e7\u00f5es de regras, almo\u00e7o, leis do jogo 2023 e avalia\u00e7\u00e3o te\u00f3rica. Apenas oficiais que fizeram inscri\u00e7\u00e3o antecipada e cumpriram prazo poder\u00e3o participar.<\/p>\n<p><em><br \/>\n<img decoding=\"async\" class=\"alignleft\" src=\"https:\/\/www.gov.br\/observatorio\/pt-br\/assuntos\/programas-academicos\/imagens\/icon-pdf.png\" alt=\"icon-pdf.png \u2014 Observat\u00f3rio Nacional\" width=\"59\" height=\"59\" \/>Confira as circulares na integra:<\/em><br \/>\n<em><a href=\"https:\/\/www.federacaopaulistadefutsal.com.br\/novo\/wp-content\/uploads\/2023\/02\/005_2023-PR\u00c9_TEMPORADA-2023.pdf\">PR\u00c9_TEMPORADA 2023<br \/>\n<\/a><a href=\"https:\/\/www.federacaopaulistadefutsal.com.br\/novo\/wp-content\/uploads\/2023\/02\/006_2023-INSCRI\u00c7\u00c3O-OFICIAIS-2023.pdf\">INSCRI\u00c7\u00c3O OFICIAIS 2023<br \/>\n<\/a><\/em><\/p>\n<p>&nbsp;<\/p>\n<p><iframe style=\"border: 0;\" src=\"https:\/\/www.google.com\/maps\/embed?pb=!1m18!1m12!1m3!1d3657.7803783132576!2d-46.6389889850226!3d-23.540400284693277!2m3!1f0!2f0!3f0!3m2!1i1024!2i768!4f13.1!3m3!1m2!1s0x94ce58574c7196af%3A0xefe74c4e577edca5!2sDan%20Inn%20Planalto%20S%C3%A3o%20Paulo!5e0!3m2!1spt-BR!2sbr!4v1675260713200!5m2!1spt-BR!2sbr\" width=\"600\" height=\"450\" allowfullscreen=\"allowfullscreen\"><\/iframe><\/p>\n<p style=\"text-align: left;\"><strong><a href=\"https:\/\/goo.gl\/maps\/GU9YJ6Q5pVECqAiP9\"><img decoding=\"async\" class=\"alignleft\" src=\"https:\/\/seeklogo.com\/images\/N\/new-google-maps-icon-logo-263A01C734-seeklogo.com.png\" alt=\"New Google Maps Icon Logo PNG Vector (EPS) Free Download\" width=\"49\" height=\"50\" \/><\/a><\/strong><\/p>\n<p>&nbsp;<\/p>\n<p>&nbsp;<\/p>\n<pre style=\"text-align: left;\"><span style=\"color: #999999;\">Foto: Ewerton Araujo \/ FPFS<\/span>\r\n<\/pre>\n","protected":false},"excerpt":{"rendered":"<p>PER\u00cdODO PARA INSCRI\u00c7\u00c3O, CAPITAL E INTERIOR, DOS OFICIAIS EM CONDI\u00c7\u00c3O, SER\u00c1 IMPRETRIVELMENTE AT\u00c9 DIA 03\/03\/2023 A Pr\u00e9-temporada Oficial de Arbitragem<\/p>\n","protected":false},"author":2,"featured_media":35889,"comment_status":"open","ping_status":"open","sticky":false,"template":"","format":"standard","meta":{"footnotes":""},"categories":[21,2660,25,2662,28,29,2651,1],"tags":[256,563,1065,42,1131,1141,1151,3085,3200,1534,1937],"class_list":["post-35881","post","type-post","status-publish","format-standard","has-post-thumbnail","hentry","category-arbitragem","category-home-destaque","category-destaques","category-homeparte3","category-fpfs-acontece","category-interior","category-noticias","category-novidades","tag-arbitragem","tag-cbfs","tag-fifa","tag-fpfs","tag-futsal","tag-futsal-interior","tag-futsal-paulista","tag-garco","tag-hotel-dan-in-planalto","tag-ligas","tag-pre-temporada"],"_links":{"self":[{"href":"https:\/\/www.federacaopaulistadefutsal.com.br\/novo\/wp-json\/wp\/v2\/posts\/35881","targetHints":{"allow":["GET"]}}],"collection":[{"href":"https:\/\/www.federacaopaulistadefutsal.com.br\/novo\/wp-json\/wp\/v2\/posts"}],"about":[{"href":"https:\/\/www.federacaopaulistadefutsal.com.br\/novo\/wp-json\/wp\/v2\/types\/post"}],"author":[{"embeddable":true,"href":"https:\/\/www.federacaopaulistadefutsal.com.br\/novo\/wp-json\/wp\/v2\/users\/2"}],"replies":[{"embeddable":true,"href":"https:\/\/www.federacaopaulistadefutsal.com.br\/novo\/wp-json\/wp\/v2\/comments?post=35881"}],"version-history":[{"count":7,"href":"https:\/\/www.federacaopaulistadefutsal.com.br\/novo\/wp-json\/wp\/v2\/posts\/35881\/revisions"}],"predecessor-version":[{"id":35891,"href":"https:\/\/www.federacaopaulistadefutsal.com.br\/novo\/wp-json\/wp\/v2\/posts\/35881\/revisions\/35891"}],"wp:featuredmedia":[{"embeddable":true,"href":"https:\/\/www.federacaopaulistadefutsal.com.br\/novo\/wp-json\/wp\/v2\/media\/35889"}],"wp:attachment":[{"href":"https:\/\/www.federacaopaulistadefutsal.com.br\/novo\/wp-json\/wp\/v2\/media?parent=35881"}],"wp:term":[{"taxonomy":"category","embeddable":true,"href":"https:\/\/www.federacaopaulistadefutsal.com.br\/novo\/wp-json\/wp\/v2\/categories?post=35881"},{"taxonomy":"post_tag","embeddable":true,"href":"https:\/\/www.federacaopaulistadefutsal.com.br\/novo\/wp-json\/wp\/v2\/tags?post=35881"}],"curies":[{"name":"wp","href":"https:\/\/api.w.org\/{rel}","templated":true}]}}