{"id":35911,"date":"2023-02-02T01:28:34","date_gmt":"2023-02-02T01:28:34","guid":{"rendered":"https:\/\/www.federacaopaulistadefutsal.com.br\/novo\/?p=35911"},"modified":"2023-02-02T01:35:06","modified_gmt":"2023-02-02T01:35:06","slug":"preparacao-do-magnus-futsal-para-a-temporada-2023","status":"publish","type":"post","link":"https:\/\/www.federacaopaulistadefutsal.com.br\/novo\/preparacao-do-magnus-futsal-para-a-temporada-2023\/","title":{"rendered":"Prepara\u00e7\u00e3o do Magnus Futsal para a Temporada 2023"},"content":{"rendered":"<div id=\"__next\">\n<div class=\"overflow-hidden w-full h-full relative\">\n<div class=\"flex h-full flex-1 flex-col md:pl-[260px]\">\n<div class=\"sticky top-0 z-10 flex items-center border-b border-white\/20 bg-gray-800 pl-1 pt-1 text-gray-200 sm:pl-3 md:hidden\">O Magnus Futsal est\u00e1 se preparando para a temporada 2023. Campe\u00e3 do Campeonato Estadual Paulista\/Penalty de 2022, a equipe est\u00e1 realizando trabalhos t\u00e9cnicos e t\u00e1ticos para se adequar aos desafios que vir\u00e3o na temporada. O plantel est\u00e1 procurando aperfei\u00e7oar suas habilidades e t\u00e1ticas para estar pronto para as competi\u00e7\u00f5es estaduais e nacionais.<\/div>\n<div class=\"sticky top-0 z-10 flex items-center border-b border-white\/20 bg-gray-800 pl-1 pt-1 text-gray-200 sm:pl-3 md:hidden\">\n<div id='gallery-1' class='gallery galleryid-35911 gallery-columns-3 gallery-size-medium'><figure class='gallery-item'>\n\t\t\t<div class='gallery-icon landscape'>\n\t\t\t\t<a href='https:\/\/www.federacaopaulistadefutsal.com.br\/novo\/wp-content\/uploads\/2023\/02\/FB_IMG_1675300779959.jpg'><img fetchpriority=\"high\" decoding=\"async\" width=\"300\" height=\"200\" src=\"https:\/\/www.federacaopaulistadefutsal.com.br\/novo\/wp-content\/uploads\/2023\/02\/FB_IMG_1675300779959-300x200.jpg\" class=\"attachment-medium size-medium\" alt=\"\" srcset=\"https:\/\/www.federacaopaulistadefutsal.com.br\/novo\/wp-content\/uploads\/2023\/02\/FB_IMG_1675300779959-300x200.jpg 300w, https:\/\/www.federacaopaulistadefutsal.com.br\/novo\/wp-content\/uploads\/2023\/02\/FB_IMG_1675300779959.jpg 720w\" sizes=\"(max-width: 300px) 100vw, 300px\" \/><\/a>\n\t\t\t<\/div><\/figure><figure class='gallery-item'>\n\t\t\t<div class='gallery-icon landscape'>\n\t\t\t\t<a href='https:\/\/www.federacaopaulistadefutsal.com.br\/novo\/wp-content\/uploads\/2023\/02\/FB_IMG_1675300862412.jpg'><img decoding=\"async\" width=\"300\" height=\"200\" src=\"https:\/\/www.federacaopaulistadefutsal.com.br\/novo\/wp-content\/uploads\/2023\/02\/FB_IMG_1675300862412-300x200.jpg\" class=\"attachment-medium size-medium\" alt=\"\" srcset=\"https:\/\/www.federacaopaulistadefutsal.com.br\/novo\/wp-content\/uploads\/2023\/02\/FB_IMG_1675300862412-300x200.jpg 300w, https:\/\/www.federacaopaulistadefutsal.com.br\/novo\/wp-content\/uploads\/2023\/02\/FB_IMG_1675300862412.jpg 720w\" sizes=\"(max-width: 300px) 100vw, 300px\" \/><\/a>\n\t\t\t<\/div><\/figure><figure class='gallery-item'>\n\t\t\t<div class='gallery-icon landscape'>\n\t\t\t\t<a href='https:\/\/www.federacaopaulistadefutsal.com.br\/novo\/wp-content\/uploads\/2023\/02\/FB_IMG_1675300819909.jpg'><img decoding=\"async\" width=\"300\" height=\"200\" src=\"https:\/\/www.federacaopaulistadefutsal.com.br\/novo\/wp-content\/uploads\/2023\/02\/FB_IMG_1675300819909-300x200.jpg\" class=\"attachment-medium size-medium\" alt=\"\" srcset=\"https:\/\/www.federacaopaulistadefutsal.com.br\/novo\/wp-content\/uploads\/2023\/02\/FB_IMG_1675300819909-300x200.jpg 300w, https:\/\/www.federacaopaulistadefutsal.com.br\/novo\/wp-content\/uploads\/2023\/02\/FB_IMG_1675300819909.jpg 719w\" sizes=\"(max-width: 300px) 100vw, 300px\" \/><\/a>\n\t\t\t<\/div><\/figure><figure class='gallery-item'>\n\t\t\t<div class='gallery-icon landscape'>\n\t\t\t\t<a href='https:\/\/www.federacaopaulistadefutsal.com.br\/novo\/wp-content\/uploads\/2023\/02\/FB_IMG_1675300872249.jpg'><img loading=\"lazy\" decoding=\"async\" width=\"300\" height=\"200\" src=\"https:\/\/www.federacaopaulistadefutsal.com.br\/novo\/wp-content\/uploads\/2023\/02\/FB_IMG_1675300872249-300x200.jpg\" class=\"attachment-medium size-medium\" alt=\"\" srcset=\"https:\/\/www.federacaopaulistadefutsal.com.br\/novo\/wp-content\/uploads\/2023\/02\/FB_IMG_1675300872249-300x200.jpg 300w, https:\/\/www.federacaopaulistadefutsal.com.br\/novo\/wp-content\/uploads\/2023\/02\/FB_IMG_1675300872249.jpg 720w\" sizes=\"(max-width: 300px) 100vw, 300px\" \/><\/a>\n\t\t\t<\/div><\/figure><figure class='gallery-item'>\n\t\t\t<div class='gallery-icon landscape'>\n\t\t\t\t<a href='https:\/\/www.federacaopaulistadefutsal.com.br\/novo\/wp-content\/uploads\/2023\/02\/FB_IMG_1675301557485.jpg'><img loading=\"lazy\" decoding=\"async\" width=\"300\" height=\"200\" src=\"https:\/\/www.federacaopaulistadefutsal.com.br\/novo\/wp-content\/uploads\/2023\/02\/FB_IMG_1675301557485-300x200.jpg\" class=\"attachment-medium size-medium\" alt=\"\" srcset=\"https:\/\/www.federacaopaulistadefutsal.com.br\/novo\/wp-content\/uploads\/2023\/02\/FB_IMG_1675301557485-300x200.jpg 300w, https:\/\/www.federacaopaulistadefutsal.com.br\/novo\/wp-content\/uploads\/2023\/02\/FB_IMG_1675301557485.jpg 720w\" sizes=\"(max-width: 300px) 100vw, 300px\" \/><\/a>\n\t\t\t<\/div><\/figure><figure class='gallery-item'>\n\t\t\t<div class='gallery-icon landscape'>\n\t\t\t\t<a href='https:\/\/www.federacaopaulistadefutsal.com.br\/novo\/wp-content\/uploads\/2023\/02\/FB_IMG_1675301571043.jpg'><img loading=\"lazy\" decoding=\"async\" width=\"300\" height=\"200\" src=\"https:\/\/www.federacaopaulistadefutsal.com.br\/novo\/wp-content\/uploads\/2023\/02\/FB_IMG_1675301571043-300x200.jpg\" class=\"attachment-medium size-medium\" alt=\"\" srcset=\"https:\/\/www.federacaopaulistadefutsal.com.br\/novo\/wp-content\/uploads\/2023\/02\/FB_IMG_1675301571043-300x200.jpg 300w, https:\/\/www.federacaopaulistadefutsal.com.br\/novo\/wp-content\/uploads\/2023\/02\/FB_IMG_1675301571043.jpg 720w\" sizes=\"(max-width: 300px) 100vw, 300px\" \/><\/a>\n\t\t\t<\/div><\/figure>\n\t\t<\/div>\n\n<\/div>\n<div class=\"sticky top-0 z-10 flex items-center border-b border-white\/20 bg-gray-800 pl-1 pt-1 text-gray-200 sm:pl-3 md:hidden\">A prepara\u00e7\u00e3o inclui treinamentos intensivos, an\u00e1lise de jogos passados e estudo de t\u00e1ticas advers\u00e1rias. A equipe busca manter seu n\u00edvel t\u00e9cnico e t\u00e1tico elevado, e trabalha em conjunto para melhorar seu desempenho coletivo. A equipe tem uma estrutura forte, com jogadores talentosos e experientes, al\u00e9m de uma equipe t\u00e9cnica capacitada.<\/div>\n<div><\/div>\n<\/div>\n<div><strong>Curiosidade<\/strong><\/div>\n<div>\n<figure id=\"attachment_35914\" aria-describedby=\"caption-attachment-35914\" style=\"width: 720px\" class=\"wp-caption alignnone\"><a href=\"https:\/\/www.federacaopaulistadefutsal.com.br\/novo\/wp-content\/uploads\/2023\/02\/FB_IMG_1675300082517.jpg\"><img loading=\"lazy\" decoding=\"async\" class=\"wp-image-35914 size-full\" src=\"https:\/\/www.federacaopaulistadefutsal.com.br\/novo\/wp-content\/uploads\/2023\/02\/FB_IMG_1675300082517.jpg\" alt=\"\" width=\"720\" height=\"480\" srcset=\"https:\/\/www.federacaopaulistadefutsal.com.br\/novo\/wp-content\/uploads\/2023\/02\/FB_IMG_1675300082517.jpg 720w, https:\/\/www.federacaopaulistadefutsal.com.br\/novo\/wp-content\/uploads\/2023\/02\/FB_IMG_1675300082517-300x200.jpg 300w\" sizes=\"(max-width: 720px) 100vw, 720px\" \/><\/a><figcaption id=\"caption-attachment-35914\" class=\"wp-caption-text\">Foto: Guilherme Mansueto\/Magnus Futsal<\/figcaption><\/figure>\n<\/div>\n<div>O Magnus Futsal foi premiada com um valor de 25 mil reais ap\u00f3s vencer o campeonato estadual paulista Penalty de 2022. A premia\u00e7\u00e3o foi concedida pela patrocinadora da competi\u00e7\u00e3o, a Penalty.<\/div>\n<div><\/div>\n<\/div>\n<\/div>\n<div><strong>Reveja o jogo da final do Campeonato Estadual Paulista\/Penalty<\/strong><br \/>\n<iframe title=\"YouTube video player\" src=\"https:\/\/www.youtube.com\/embed\/oOl1RrY8Ato?start=1641\" width=\"760\" height=\"515\" frameborder=\"0\" allowfullscreen=\"allowfullscreen\"><\/iframe><\/div>\n<div><\/div>\n<pre><span style=\"color: #999999;\">Fotos: Guilherme Mansueto\/Magnus Futsal\u00a0<\/span><\/pre>\n","protected":false},"excerpt":{"rendered":"<p>O Magnus Futsal est\u00e1 se preparando para a temporada 2023. Campe\u00e3 do Campeonato Estadual Paulista\/Penalty de 2022, a equipe est\u00e1<\/p>\n","protected":false},"author":2,"featured_media":35916,"comment_status":"open","ping_status":"open","sticky":false,"template":"","format":"standard","meta":{"footnotes":""},"categories":[2660,25,2662,32,2651,1],"tags":[3166,563,42,1151,1571,1857,1937,3197],"class_list":["post-35911","post","type-post","status-publish","format-standard","has-post-thumbnail","hentry","category-home-destaque","category-destaques","category-homeparte3","category-maiores","category-noticias","category-novidades","tag-campeonato-estadual-paulistapenalty","tag-cbfs","tag-fpfs","tag-futsal-paulista","tag-magnus-futsal","tag-penalty","tag-pre-temporada","tag-temporada-2023"],"_links":{"self":[{"href":"https:\/\/www.federacaopaulistadefutsal.com.br\/novo\/wp-json\/wp\/v2\/posts\/35911","targetHints":{"allow":["GET"]}}],"collection":[{"href":"https:\/\/www.federacaopaulistadefutsal.com.br\/novo\/wp-json\/wp\/v2\/posts"}],"about":[{"href":"https:\/\/www.federacaopaulistadefutsal.com.br\/novo\/wp-json\/wp\/v2\/types\/post"}],"author":[{"embeddable":true,"href":"https:\/\/www.federacaopaulistadefutsal.com.br\/novo\/wp-json\/wp\/v2\/users\/2"}],"replies":[{"embeddable":true,"href":"https:\/\/www.federacaopaulistadefutsal.com.br\/novo\/wp-json\/wp\/v2\/comments?post=35911"}],"version-history":[{"count":7,"href":"https:\/\/www.federacaopaulistadefutsal.com.br\/novo\/wp-json\/wp\/v2\/posts\/35911\/revisions"}],"predecessor-version":[{"id":35927,"href":"https:\/\/www.federacaopaulistadefutsal.com.br\/novo\/wp-json\/wp\/v2\/posts\/35911\/revisions\/35927"}],"wp:featuredmedia":[{"embeddable":true,"href":"https:\/\/www.federacaopaulistadefutsal.com.br\/novo\/wp-json\/wp\/v2\/media\/35916"}],"wp:attachment":[{"href":"https:\/\/www.federacaopaulistadefutsal.com.br\/novo\/wp-json\/wp\/v2\/media?parent=35911"}],"wp:term":[{"taxonomy":"category","embeddable":true,"href":"https:\/\/www.federacaopaulistadefutsal.com.br\/novo\/wp-json\/wp\/v2\/categories?post=35911"},{"taxonomy":"post_tag","embeddable":true,"href":"https:\/\/www.federacaopaulistadefutsal.com.br\/novo\/wp-json\/wp\/v2\/tags?post=35911"}],"curies":[{"name":"wp","href":"https:\/\/api.w.org\/{rel}","templated":true}]}}