{"id":3592,"date":"2015-02-11T13:46:39","date_gmt":"2015-02-11T13:46:39","guid":{"rendered":"http:\/\/www.federacaopaulistadefutsal.com.br\/?p=3592"},"modified":"2015-02-11T13:46:39","modified_gmt":"2015-02-11T13:46:39","slug":"portuguesa-realizara-peneira-para-sub-10","status":"publish","type":"post","link":"https:\/\/www.federacaopaulistadefutsal.com.br\/novo\/portuguesa-realizara-peneira-para-sub-10\/","title":{"rendered":"Portuguesa realizar\u00e1 peneira para sub-10"},"content":{"rendered":"<p>A Portuguesa vai realizar\u00a0avalia\u00e7\u00f5es para o Futsal na categoria sub-10, inclusive goleiros, nascidos em 2005. O atleta dever\u00e1 comparecer no dia 11 de fevereiro, \u00e0s 20h, no Gin\u00e1sio Raulz\u00e3o, para participar da peneira.<br \/>\nChegando na localidade, procure por\u00a0Cristiano e o treinador Lambari.<br \/>\nPor Assessoria FPFS<br \/>\nCom informa\u00e7\u00f5es Portuguesa de Desportos<br \/>\n&nbsp;<\/p>\n","protected":false},"excerpt":{"rendered":"<p>A Portuguesa vai realizar\u00a0avalia\u00e7\u00f5es para o Futsal na categoria sub-10, inclusive goleiros, nascidos em 2005. O atleta dever\u00e1 comparecer no<\/p>\n","protected":false},"author":1,"featured_media":0,"comment_status":"closed","ping_status":"open","sticky":false,"template":"","format":"standard","meta":{"footnotes":""},"categories":[25,33],"tags":[1858,1917,2337],"class_list":["post-3592","post","type-post","status-publish","format-standard","hentry","category-destaques","category-menores","tag-peneira","tag-portuguesa","tag-sub-10"],"_links":{"self":[{"href":"https:\/\/www.federacaopaulistadefutsal.com.br\/novo\/wp-json\/wp\/v2\/posts\/3592","targetHints":{"allow":["GET"]}}],"collection":[{"href":"https:\/\/www.federacaopaulistadefutsal.com.br\/novo\/wp-json\/wp\/v2\/posts"}],"about":[{"href":"https:\/\/www.federacaopaulistadefutsal.com.br\/novo\/wp-json\/wp\/v2\/types\/post"}],"author":[{"embeddable":true,"href":"https:\/\/www.federacaopaulistadefutsal.com.br\/novo\/wp-json\/wp\/v2\/users\/1"}],"replies":[{"embeddable":true,"href":"https:\/\/www.federacaopaulistadefutsal.com.br\/novo\/wp-json\/wp\/v2\/comments?post=3592"}],"version-history":[{"count":0,"href":"https:\/\/www.federacaopaulistadefutsal.com.br\/novo\/wp-json\/wp\/v2\/posts\/3592\/revisions"}],"wp:attachment":[{"href":"https:\/\/www.federacaopaulistadefutsal.com.br\/novo\/wp-json\/wp\/v2\/media?parent=3592"}],"wp:term":[{"taxonomy":"category","embeddable":true,"href":"https:\/\/www.federacaopaulistadefutsal.com.br\/novo\/wp-json\/wp\/v2\/categories?post=3592"},{"taxonomy":"post_tag","embeddable":true,"href":"https:\/\/www.federacaopaulistadefutsal.com.br\/novo\/wp-json\/wp\/v2\/tags?post=3592"}],"curies":[{"name":"wp","href":"https:\/\/api.w.org\/{rel}","templated":true}]}}