{"id":35984,"date":"2023-02-06T22:03:41","date_gmt":"2023-02-06T22:03:41","guid":{"rendered":"https:\/\/www.federacaopaulistadefutsal.com.br\/novo\/?p=35984"},"modified":"2023-02-06T22:55:27","modified_gmt":"2023-02-06T22:55:27","slug":"transforme-se-em-um-atendente-de-quadra-de-excelencia-participe-do-curso-de-formacao-da-fpfs","status":"publish","type":"post","link":"https:\/\/www.federacaopaulistadefutsal.com.br\/novo\/transforme-se-em-um-atendente-de-quadra-de-excelencia-participe-do-curso-de-formacao-da-fpfs\/","title":{"rendered":"&#8220;Transforme-se em um Atendente de Quadra de Excel\u00eancia: Participe do Curso de Forma\u00e7\u00e3o da FPFS!"},"content":{"rendered":"<p>A FPFS &#8211; Federa\u00e7\u00e3o Paulista de Futsal ir\u00e1 realizar um Curso de Forma\u00e7\u00e3o para Atendente de Quadra no dia 04\/03\/2023. O curso ter\u00e1 dura\u00e7\u00e3o de 06 horas, com in\u00edcio \u00e0s 8:00hs e t\u00e9rmino \u00e0s 14:00hs. O local de realiza\u00e7\u00e3o ser\u00e1 na sala de estudo para a teoria e no gin\u00e1sio para a pr\u00e1tica. Haver\u00e1 coffee break com caf\u00e9 e bolachas de recep\u00e7\u00e3o \u00e0s 11:00hs e lanche ap\u00f3s o encerramento do curso.<\/p>\n<p>A programa\u00e7\u00e3o incluir\u00e1 dois m\u00f3dulos: Primeiros Socorros em Meio Esportivo e Atendimento Pr\u00e9 Hospitalar. O primeiro m\u00f3dulo incluir\u00e1 assuntos como a profiss\u00e3o de Atendente de Quadra, regras do futsal para atendimento, material utilizado, termoterapia, bandagens funcionais, les\u00f5es osteomusculares, imobiliza\u00e7\u00f5es e pranchamento de v\u00edtima. O segundo m\u00f3dulo incluir\u00e1 assuntos como a diferen\u00e7a entre v\u00edtima cl\u00ednica e v\u00edtima traum\u00e1tica, terminologias, ferimentos e hemorragias, entorses, luxa\u00e7\u00f5es e fraturas, avalia\u00e7\u00e3o prim\u00e1ria e secund\u00e1ria, parada cardiorrespirat\u00f3ria-RCP, TCE e TCM e emerg\u00eancias cl\u00ednicas como infarto, AVE, convuls\u00e3o, engasgo e desmaio.<\/p>\n<p><strong>As matr\u00edculas para o curso de atendente de quadra v\u00e3o at\u00e9 o dia 24\/02<\/strong>. Caso haja n\u00famero elevado de matr\u00edculas no dia 06\/03, haver\u00e1 uma segunda turma seguindo o mesmo hor\u00e1rio.<\/p>\n<p><a class=\"http:\/\/www.federacaopaulistadefutsal.com.br\/novo\/wp-content\/uploads\/2021\/02\/FORMUL\u00c1RIO-CURSO-DE-ATENDENTE-DE-QUADRA.docx\" href=\"http:\/\/www.federacaopaulistadefutsal.com.br\/novo\/wp-content\/uploads\/2018\/05\/WORD-e1549968750331.jpg\" target=\"_blank\" rel=\"http:\/\/www.federacaopaulistadefutsal.com.br\/novo\/wp-content\/uploads\/2021\/02\/FORMUL\u00c1RIO-CURSO-DE-ATENDENTE-DE-QUADRA.docx noopener\"><img decoding=\"async\" class=\"http:\/\/www.federacaopaulistadefutsal.com.br\/novo\/wp-content\/uploads\/2021\/02\/FORMUL\u00c1RIO-CURSO-DE-ATENDENTE-DE-QUADRA.docx alignleft wp-image-27958 size-full\" title=\"http:\/\/www.federacaopaulistadefutsal.com.br\/novo\/wp-content\/uploads\/2021\/02\/FORMUL\u00c1RIO-CURSO-DE-ATENDENTE-DE-QUADRA.docx\" src=\"http:\/\/www.federacaopaulistadefutsal.com.br\/novo\/wp-content\/uploads\/2018\/05\/WORD-e1549968750331.jpg\" alt=\"\" width=\"60\" height=\"60\" \/><\/a><a href=\"https:\/\/www.federacaopaulistadefutsal.com.br\/novo\/wp-content\/uploads\/2021\/02\/FORMUL\u00c1RIO-CURSO-DE-ATENDENTE-DE-QUADRA.docx\"><br \/>\n<strong>FORMUL\u00c1RIO &#8211; CURSO DE ATENDENTE DE QUADRA<\/strong><\/a><\/p>\n<p>&nbsp;<\/p>\n<p><strong>Enviar formul\u00e1rio e comprovante de pagamento: <\/strong><a href=\"ewerton@futsal.com.br\">ewerton@futsal.com.br<\/a><\/p>\n<p><strong>BANCO BRADESCO<\/strong><\/p>\n<p><b>R$ 600,00<br \/>\n<\/b> Ag\u00eancia: 0099<br \/>\nConta Corrente: 155-756-4<br \/>\nRaz\u00e3o Social: Federa\u00e7\u00e3o Paulista de Futebol de Sal\u00e3o<br \/>\nCNPJ.: 62.319.595\/0001-08<\/p>\n<p>Observa\u00e7\u00e3o: O curso apenas ser\u00e1 realizado se houver mais de 20 requerentes.<\/p>\n","protected":false},"excerpt":{"rendered":"<p>A FPFS &#8211; Federa\u00e7\u00e3o Paulista de Futsal ir\u00e1 realizar um Curso de Forma\u00e7\u00e3o para Atendente de Quadra no dia 04\/03\/2023.<\/p>\n","protected":false},"author":2,"featured_media":35986,"comment_status":"open","ping_status":"open","sticky":false,"template":"","format":"standard","meta":{"footnotes":""},"categories":[2653,2660,25,2662,28,2651],"tags":[3092,772,1037,42,1141,1151],"class_list":["post-35984","post","type-post","status-publish","format-standard","has-post-thumbnail","hentry","category-cursos","category-home-destaque","category-destaques","category-homeparte3","category-fpfs-acontece","category-noticias","tag-atendente-de-quadra","tag-curso","tag-federacao-paulista-de-futsal","tag-fpfs","tag-futsal-interior","tag-futsal-paulista"],"_links":{"self":[{"href":"https:\/\/www.federacaopaulistadefutsal.com.br\/novo\/wp-json\/wp\/v2\/posts\/35984","targetHints":{"allow":["GET"]}}],"collection":[{"href":"https:\/\/www.federacaopaulistadefutsal.com.br\/novo\/wp-json\/wp\/v2\/posts"}],"about":[{"href":"https:\/\/www.federacaopaulistadefutsal.com.br\/novo\/wp-json\/wp\/v2\/types\/post"}],"author":[{"embeddable":true,"href":"https:\/\/www.federacaopaulistadefutsal.com.br\/novo\/wp-json\/wp\/v2\/users\/2"}],"replies":[{"embeddable":true,"href":"https:\/\/www.federacaopaulistadefutsal.com.br\/novo\/wp-json\/wp\/v2\/comments?post=35984"}],"version-history":[{"count":7,"href":"https:\/\/www.federacaopaulistadefutsal.com.br\/novo\/wp-json\/wp\/v2\/posts\/35984\/revisions"}],"predecessor-version":[{"id":35992,"href":"https:\/\/www.federacaopaulistadefutsal.com.br\/novo\/wp-json\/wp\/v2\/posts\/35984\/revisions\/35992"}],"wp:featuredmedia":[{"embeddable":true,"href":"https:\/\/www.federacaopaulistadefutsal.com.br\/novo\/wp-json\/wp\/v2\/media\/35986"}],"wp:attachment":[{"href":"https:\/\/www.federacaopaulistadefutsal.com.br\/novo\/wp-json\/wp\/v2\/media?parent=35984"}],"wp:term":[{"taxonomy":"category","embeddable":true,"href":"https:\/\/www.federacaopaulistadefutsal.com.br\/novo\/wp-json\/wp\/v2\/categories?post=35984"},{"taxonomy":"post_tag","embeddable":true,"href":"https:\/\/www.federacaopaulistadefutsal.com.br\/novo\/wp-json\/wp\/v2\/tags?post=35984"}],"curies":[{"name":"wp","href":"https:\/\/api.w.org\/{rel}","templated":true}]}}