{"id":3648,"date":"2015-02-19T15:27:14","date_gmt":"2015-02-19T15:27:14","guid":{"rendered":"http:\/\/www.federacaopaulistadefutsal.com.br\/?p=3648"},"modified":"2015-02-19T15:27:14","modified_gmt":"2015-02-19T15:27:14","slug":"oportunity-disputa-campeonato-metropolitano-de-menores-em-marco","status":"publish","type":"post","link":"https:\/\/www.federacaopaulistadefutsal.com.br\/novo\/oportunity-disputa-campeonato-metropolitano-de-menores-em-marco\/","title":{"rendered":"Oportunity disputa Campeonato Metropolitano de Menores em mar\u00e7o"},"content":{"rendered":"<p>A Federa\u00e7\u00e3o Paulista de Futsal (FPFS) divulgou a tabela provis\u00f3ria do Campeonato Metropolitano de Menores, que ser\u00e1 disputado a partir do pr\u00f3ximo m\u00eas em todo o estado. O Oportunity\/Integral\/Semjel est\u00e1 na chave C, junto com Beiju, de Itupeva, Embu Gua\u00e7u, Primeiro de Maio, de Santo Andr\u00e9, e Caieiras.<br \/>\nQuatro vezes campe\u00e3o estadual, o time de Bragan\u00e7a Paulista, hoje um dos mais fortes do estado de S\u00e3o Paulo nas categorias de base, busca os t\u00edtulos que n\u00e3o vieram em 2014. Os treinos est\u00e3o sendo realizados desde a primeira semana de janeiro com uma comiss\u00e3o t\u00e9cnica modificada.<br \/>\nCom as sa\u00eddas dos t\u00e9cnicos Alisson e J\u00e9, assumem as fun\u00e7\u00f5es os professores Fernando (categorias sub-12 e sub-14) e Larissa (sub-10). Wilsinho permanece e dirigir\u00e1 os times sub-16 e sub-17. As equipes tamb\u00e9m foram modificadas, haja vista que, al\u00e9m da normalidade em reformula\u00e7\u00f5es de elencos, muitos atletas estouraram a idade e subiram de categoria.<br \/>\nA estreia do Oportunity dever\u00e1 ser em casa, no dia 21 de mar\u00e7o, contra o Primeiro de Maio, no gin\u00e1sio Rubens Battazza. As partidas de todas as categorias acontecem sempre no mesmo dia e local. A tabela definitiva ser\u00e1 divulgada pela FPFS na primeira semana de mar\u00e7o.<br \/>\n<strong>Confira os jogos do Oportunity programados para o Metropolitano:<\/strong><br \/>\n21\/03 \u2013 a partir das 13h30 \u2013 Oportunity\/Integral\/Semjel x Primeiro de Maio<br \/>\n(Gin\u00e1sio Rubens Battazza \u2013 Bragan\u00e7a Paulista)<br \/>\n28\/03 \u2013 a partir das 13h30 \u2013 Caieiras x Oportunity\/Integral\/Semjel<br \/>\n(Gin\u00e1sio Ernesto Diogo de Farias &#8211; Caieiras)<br \/>\n11\/04 \u2013 a partir das 13h30 \u2013 Oportunity\/Integral\/Semjel x Embu Gua\u00e7u<br \/>\n(Gin\u00e1sio Rubens Battazza \u2013 Bragan\u00e7a Paulista)<br \/>\n21\/04 \u2013 a partir das 08h30 \u2013 Beiju x Oportunity\/Integral\/Semjel<br \/>\n(Gin\u00e1sio Waldemar Corcelli &#8211; Itupeva)<br \/>\n26\/04 \u2013 a partir das 13h00 \u2013 Embu Gua\u00e7u x Oportunity\/Integral\/Semjel<br \/>\n(Gin\u00e1sio Sidney Bauermann Estevam)<br \/>\n01\/05 \u2013 a partir das 13h30 \u2013 Oportunity\/Integral\/Semjel x Caieiras<br \/>\n(Gin\u00e1sio Rubens Battazza \u2013 Bragan\u00e7a Paulista)<br \/>\n02\/05 \u2013 a partir das 13h30 \u2013 Primeiro de Maio x Oportunity\/Integral\/Semjel<br \/>\n(Gin\u00e1sio No\u00eamia Assump\u00e7\u00e3o \u2013 Santo Andr\u00e9)<br \/>\n16\/05 \u2013 a partir das 13h30 \u2013 Oportunity\/Integral\/Semjel x Beiju<br \/>\n(Gin\u00e1sio Rubens Battazza \u2013 Bragan\u00e7a Paulista)<br \/>\nPor Assessoria FPFS<br \/>\nCom informa\u00e7\u00f5es Assessoria Oportunity<br \/>\n&nbsp;<\/p>\n","protected":false},"excerpt":{"rendered":"<p>A Federa\u00e7\u00e3o Paulista de Futsal (FPFS) divulgou a tabela provis\u00f3ria do Campeonato Metropolitano de Menores, que ser\u00e1 disputado a partir<\/p>\n","protected":false},"author":1,"featured_media":0,"comment_status":"closed","ping_status":"open","sticky":false,"template":"","format":"standard","meta":{"footnotes":""},"categories":[25,33],"tags":[1591,1643,1650,1780],"class_list":["post-3648","post","type-post","status-publish","format-standard","hentry","category-destaques","category-menores","tag-marco","tag-menores-2","tag-metropolitano","tag-oportunity"],"_links":{"self":[{"href":"https:\/\/www.federacaopaulistadefutsal.com.br\/novo\/wp-json\/wp\/v2\/posts\/3648","targetHints":{"allow":["GET"]}}],"collection":[{"href":"https:\/\/www.federacaopaulistadefutsal.com.br\/novo\/wp-json\/wp\/v2\/posts"}],"about":[{"href":"https:\/\/www.federacaopaulistadefutsal.com.br\/novo\/wp-json\/wp\/v2\/types\/post"}],"author":[{"embeddable":true,"href":"https:\/\/www.federacaopaulistadefutsal.com.br\/novo\/wp-json\/wp\/v2\/users\/1"}],"replies":[{"embeddable":true,"href":"https:\/\/www.federacaopaulistadefutsal.com.br\/novo\/wp-json\/wp\/v2\/comments?post=3648"}],"version-history":[{"count":0,"href":"https:\/\/www.federacaopaulistadefutsal.com.br\/novo\/wp-json\/wp\/v2\/posts\/3648\/revisions"}],"wp:attachment":[{"href":"https:\/\/www.federacaopaulistadefutsal.com.br\/novo\/wp-json\/wp\/v2\/media?parent=3648"}],"wp:term":[{"taxonomy":"category","embeddable":true,"href":"https:\/\/www.federacaopaulistadefutsal.com.br\/novo\/wp-json\/wp\/v2\/categories?post=3648"},{"taxonomy":"post_tag","embeddable":true,"href":"https:\/\/www.federacaopaulistadefutsal.com.br\/novo\/wp-json\/wp\/v2\/tags?post=3648"}],"curies":[{"name":"wp","href":"https:\/\/api.w.org\/{rel}","templated":true}]}}