{"id":36531,"date":"2023-05-11T19:22:20","date_gmt":"2023-05-11T19:22:20","guid":{"rendered":"https:\/\/www.federacaopaulistadefutsal.com.br\/novo\/?p=36531"},"modified":"2023-05-11T19:22:20","modified_gmt":"2023-05-11T19:22:20","slug":"presidente-da-federacao-paulista-de-futsal-e-o-coordenador-tecnico-da-entidade-receberam-a-visita-cortesia-dos-organizadores-da-euro17-cup-de-futsal","status":"publish","type":"post","link":"https:\/\/www.federacaopaulistadefutsal.com.br\/novo\/presidente-da-federacao-paulista-de-futsal-e-o-coordenador-tecnico-da-entidade-receberam-a-visita-cortesia-dos-organizadores-da-euro17-cup-de-futsal\/","title":{"rendered":"Presidente da Federa\u00e7\u00e3o Paulista de Futsal e o Coordenador T\u00e9cnico da Entidade receberam a visita cortesia dos organizadores da Euro17 Cup de Futsal"},"content":{"rendered":"<p>Na manh\u00e3 desta quinta-feira, (11\/05) , o Presidente da Federa\u00e7\u00e3o Paulista de Futsal, Nilton Cifuentes Rom\u00e3o (Ramon), e o Coordenador T\u00e9cnico da Entidade, Daniel Mutti, receberam a vista dos organizadores da Euro17 Cup de Futsal. O encontro aconteceu na sede da FPFS e teve como objetivo apresentar o\u00a0 evento esportivo.<\/p>\n<p>A Euro17 Cup de Futsal tem como prop\u00f3sito reunir jovens talentosos, com idades entre 13 e 15 anos, em um emocionante campeonato que vai integrar escolas p\u00fablicas e privadas da capital paulista. A iniciativa busca promover a pr\u00e1tica esportiva e incentivar a participa\u00e7\u00e3o dos estudantes em competi\u00e7\u00f5es saud\u00e1veis.<\/p>\n<p>Com o intuito de levar o esporte para todas as regi\u00f5es da cidade, a competi\u00e7\u00e3o pretende engajar as comunidades locais e proporcionar uma experi\u00eancia enriquecedora aos participantes. <a href=\"https:\/\/produtos.euro17.com.br\/euro17cup\">Al\u00e9m disso, a Euro17 Cup oferecer\u00e1 inscri\u00e7\u00f5es gratuitas at\u00e9 o dia 30 de junho, garantindo um uniforme personalizado para todas as equipes.<\/a><\/p>\n<p>A visita cortesia dos organizadores \u00e0 Federa\u00e7\u00e3o Paulista de Futsal demonstra o reconhecimento e a valoriza\u00e7\u00e3o do trabalho desenvolvido pela entidade na promo\u00e7\u00e3o e desenvolvimento do futsal no estado de S\u00e3o Paulo. Nilton Cifuentes Rom\u00e3o e o Coordenador T\u00e9cnico da Federa\u00e7\u00e3o aproveitaram a oportunidade para trocar ideias, compartilhar experi\u00eancias com os respons\u00e1veis pelo evento, visando fortalecer ainda mais o cen\u00e1rio esportivo.<\/p>\n<p>&nbsp;<\/p>\n","protected":false},"excerpt":{"rendered":"<p>Na manh\u00e3 desta quinta-feira, (11\/05) , o Presidente da Federa\u00e7\u00e3o Paulista de Futsal, Nilton Cifuentes Rom\u00e3o (Ramon), e o Coordenador<\/p>\n","protected":false},"author":2,"featured_media":36530,"comment_status":"open","ping_status":"open","sticky":false,"template":"","format":"standard","meta":{"footnotes":""},"categories":[2660,25,2662,2651],"tags":[3223],"class_list":["post-36531","post","type-post","status-publish","format-standard","has-post-thumbnail","hentry","category-home-destaque","category-destaques","category-homeparte3","category-noticias","tag-euro17-cup-futsal"],"_links":{"self":[{"href":"https:\/\/www.federacaopaulistadefutsal.com.br\/novo\/wp-json\/wp\/v2\/posts\/36531","targetHints":{"allow":["GET"]}}],"collection":[{"href":"https:\/\/www.federacaopaulistadefutsal.com.br\/novo\/wp-json\/wp\/v2\/posts"}],"about":[{"href":"https:\/\/www.federacaopaulistadefutsal.com.br\/novo\/wp-json\/wp\/v2\/types\/post"}],"author":[{"embeddable":true,"href":"https:\/\/www.federacaopaulistadefutsal.com.br\/novo\/wp-json\/wp\/v2\/users\/2"}],"replies":[{"embeddable":true,"href":"https:\/\/www.federacaopaulistadefutsal.com.br\/novo\/wp-json\/wp\/v2\/comments?post=36531"}],"version-history":[{"count":1,"href":"https:\/\/www.federacaopaulistadefutsal.com.br\/novo\/wp-json\/wp\/v2\/posts\/36531\/revisions"}],"predecessor-version":[{"id":36532,"href":"https:\/\/www.federacaopaulistadefutsal.com.br\/novo\/wp-json\/wp\/v2\/posts\/36531\/revisions\/36532"}],"wp:featuredmedia":[{"embeddable":true,"href":"https:\/\/www.federacaopaulistadefutsal.com.br\/novo\/wp-json\/wp\/v2\/media\/36530"}],"wp:attachment":[{"href":"https:\/\/www.federacaopaulistadefutsal.com.br\/novo\/wp-json\/wp\/v2\/media?parent=36531"}],"wp:term":[{"taxonomy":"category","embeddable":true,"href":"https:\/\/www.federacaopaulistadefutsal.com.br\/novo\/wp-json\/wp\/v2\/categories?post=36531"},{"taxonomy":"post_tag","embeddable":true,"href":"https:\/\/www.federacaopaulistadefutsal.com.br\/novo\/wp-json\/wp\/v2\/tags?post=36531"}],"curies":[{"name":"wp","href":"https:\/\/api.w.org\/{rel}","templated":true}]}}