{"id":3684,"date":"2015-02-22T15:42:02","date_gmt":"2015-02-22T15:42:02","guid":{"rendered":"http:\/\/www.federacaopaulistadefutsal.com.br\/?p=3684"},"modified":"2015-02-22T15:42:02","modified_gmt":"2015-02-22T15:42:02","slug":"portuguesa-fara-amistoso-contra-sao-caetano","status":"publish","type":"post","link":"https:\/\/www.federacaopaulistadefutsal.com.br\/novo\/portuguesa-fara-amistoso-contra-sao-caetano\/","title":{"rendered":"Portuguesa far\u00e1 amistoso contra S\u00e3o Caetano"},"content":{"rendered":"<p>No dia 28 de fevereiro, a Portuguesa de Desportos realizar\u00e1 um amistoso na cidade de S\u00e3o Caetano do Sul, contra a equipe da casa.\u00a0O jogo ser\u00e1 no Gin\u00e1sio Poliesportivo Joaquim Camba\u00fava Rabelo, na Rua Capeberibe &#8211; 265, travessa da avenida Goi\u00e1s.<br \/>\n<strong>Os jogos come\u00e7ar\u00e3o \u00e0s 11h30 na seguinte sequ\u00eancia de cada categoria:<\/strong><br \/>\n-Sub 08<br \/>\n&#8211; sub 09<br \/>\n&#8211; sub 12<br \/>\n&#8211; sub 14<br \/>\n&#8211; sub 10<br \/>\n&#8211; sub 16<br \/>\n&#8211; sub 17<br \/>\nPor Assessoria FPFS<\/p>\n","protected":false},"excerpt":{"rendered":"<p>No dia 28 de fevereiro, a Portuguesa de Desportos realizar\u00e1 um amistoso na cidade de S\u00e3o Caetano do Sul, contra<\/p>\n","protected":false},"author":1,"featured_media":0,"comment_status":"closed","ping_status":"open","sticky":false,"template":"","format":"standard","meta":{"footnotes":""},"categories":[25,33],"tags":[218,1917,2189],"class_list":["post-3684","post","type-post","status-publish","format-standard","hentry","category-destaques","category-menores","tag-amistoso","tag-portuguesa","tag-sao-caetano"],"_links":{"self":[{"href":"https:\/\/www.federacaopaulistadefutsal.com.br\/novo\/wp-json\/wp\/v2\/posts\/3684","targetHints":{"allow":["GET"]}}],"collection":[{"href":"https:\/\/www.federacaopaulistadefutsal.com.br\/novo\/wp-json\/wp\/v2\/posts"}],"about":[{"href":"https:\/\/www.federacaopaulistadefutsal.com.br\/novo\/wp-json\/wp\/v2\/types\/post"}],"author":[{"embeddable":true,"href":"https:\/\/www.federacaopaulistadefutsal.com.br\/novo\/wp-json\/wp\/v2\/users\/1"}],"replies":[{"embeddable":true,"href":"https:\/\/www.federacaopaulistadefutsal.com.br\/novo\/wp-json\/wp\/v2\/comments?post=3684"}],"version-history":[{"count":0,"href":"https:\/\/www.federacaopaulistadefutsal.com.br\/novo\/wp-json\/wp\/v2\/posts\/3684\/revisions"}],"wp:attachment":[{"href":"https:\/\/www.federacaopaulistadefutsal.com.br\/novo\/wp-json\/wp\/v2\/media?parent=3684"}],"wp:term":[{"taxonomy":"category","embeddable":true,"href":"https:\/\/www.federacaopaulistadefutsal.com.br\/novo\/wp-json\/wp\/v2\/categories?post=3684"},{"taxonomy":"post_tag","embeddable":true,"href":"https:\/\/www.federacaopaulistadefutsal.com.br\/novo\/wp-json\/wp\/v2\/tags?post=3684"}],"curies":[{"name":"wp","href":"https:\/\/api.w.org\/{rel}","templated":true}]}}