{"id":36935,"date":"2023-07-12T16:03:02","date_gmt":"2023-07-12T16:03:02","guid":{"rendered":"https:\/\/www.federacaopaulistadefutsal.com.br\/novo\/?p=36935"},"modified":"2023-07-12T16:03:44","modified_gmt":"2023-07-12T16:03:44","slug":"fernando-ferreti-ex-tecnico-do-jaragua-futsal-e-coordenador-da-selecao-brasileira-de-futsal-falece-aos-69-anos","status":"publish","type":"post","link":"https:\/\/www.federacaopaulistadefutsal.com.br\/novo\/fernando-ferreti-ex-tecnico-do-jaragua-futsal-e-coordenador-da-selecao-brasileira-de-futsal-falece-aos-69-anos\/","title":{"rendered":"Fernando Ferreti, Ex-T\u00e9cnico do Jaragu\u00e1 Futsal e Coordenador da Sele\u00e7\u00e3o Brasileira de Futsal, Falece aos 69 Anos"},"content":{"rendered":"<div class=\"xdj266r x11i5rnm xat24cr x1mh8g0r x1vvkbs x126k92a\">\n<div dir=\"auto\">\u00c9 com profunda tristeza que lamentamos informar o falecimento de Fernando Ferreti, ex-t\u00e9cnico do Jaragu\u00e1 Futsal e renomado profissional do esporte. Ferreti, como era carinhosamente conhecido, nos deixou na manh\u00e3 desta quarta-feira em Joinville, Santa Catarina. Sua partida deixa uma lacuna imensa no mundo do futsal.<\/div>\n<\/div>\n<div class=\"x11i5rnm xat24cr x1mh8g0r x1vvkbs xtlvy1s x126k92a\">\n<div dir=\"auto\">Fernando Ferreti, de 69 anos, foi um \u00edcone no cen\u00e1rio do futsal brasileiro. Ele ganhou destaque ao treinar a antiga equipe Malwee Futsal, atualmente conhecida como Jaragu\u00e1 Futsal, onde conquistou in\u00fameros t\u00edtulos e estabeleceu um legado de excel\u00eancia t\u00e9cnica e dedica\u00e7\u00e3o ao esporte.<\/div>\n<\/div>\n<div class=\"x11i5rnm xat24cr x1mh8g0r x1vvkbs xtlvy1s x126k92a\">\n<div dir=\"auto\">No final do ano passado, Ferreti foi diagnosticado com COVID-19. Apesar de ter superado os sintomas iniciais da doen\u00e7a, infelizmente, seus rins n\u00e3o recuperaram totalmente a capacidade funcional. Ele lutou bravamente pela sua sa\u00fade, mas, infelizmente, acabou n\u00e3o resistindo.<\/div>\n<\/div>\n<div class=\"x11i5rnm xat24cr x1mh8g0r x1vvkbs xtlvy1s x126k92a\">\n<div dir=\"auto\">Al\u00e9m de sua not\u00e1vel carreira como treinador, Ferreti tamb\u00e9m desempenhou um papel fundamental como treinador da sele\u00e7\u00e3o brasileira de futsal. Seu conhecimento e experi\u00eancia contribu\u00edram significativamente para o sucesso da equipe nacional.<\/div>\n<\/div>\n<div class=\"x11i5rnm xat24cr x1mh8g0r x1vvkbs xtlvy1s x126k92a\">\n<div dir=\"auto\">A perda de Fernando Ferreti \u00e9 sentida profundamente por toda a comunidade esportiva e especialmente pelos amantes do futsal. Sua paix\u00e3o pelo esporte, sua lideran\u00e7a inspiradora e seu legado de conquistas continuar\u00e3o a ser lembrados e admirados por muitos.<\/div>\n<\/div>\n<div class=\"x11i5rnm xat24cr x1mh8g0r x1vvkbs xtlvy1s x126k92a\">\n<div dir=\"auto\">Neste momento de dor, enviamos nossas condol\u00eancias aos familiares, amigos e colegas de Fernando Ferreti. Que encontrem conforto e for\u00e7a para superar essa grande perda. Sua mem\u00f3ria e contribui\u00e7\u00e3o para o futsal brasileiro jamais ser\u00e3o esquecidas. Descanse em paz, Ferreti<\/div>\n<\/div>\n","protected":false},"excerpt":{"rendered":"<p>\u00c9 com profunda tristeza que lamentamos informar o falecimento de Fernando Ferreti, ex-t\u00e9cnico do Jaragu\u00e1 Futsal e renomado profissional do<\/p>\n","protected":false},"author":2,"featured_media":36936,"comment_status":"open","ping_status":"open","sticky":false,"template":"","format":"standard","meta":{"footnotes":""},"categories":[2660,25,2662,2651],"tags":[563,3245,42,1133,1151,3087,3246,2240],"class_list":["post-36935","post","type-post","status-publish","format-standard","has-post-thumbnail","hentry","category-home-destaque","category-destaques","category-homeparte3","category-noticias","tag-cbfs","tag-fernando-ferreti","tag-fpfs","tag-futsal-brasileiro","tag-futsal-paulista","tag-jaragua-futsal","tag-malwee-futsal","tag-selecao-brasileira"],"_links":{"self":[{"href":"https:\/\/www.federacaopaulistadefutsal.com.br\/novo\/wp-json\/wp\/v2\/posts\/36935","targetHints":{"allow":["GET"]}}],"collection":[{"href":"https:\/\/www.federacaopaulistadefutsal.com.br\/novo\/wp-json\/wp\/v2\/posts"}],"about":[{"href":"https:\/\/www.federacaopaulistadefutsal.com.br\/novo\/wp-json\/wp\/v2\/types\/post"}],"author":[{"embeddable":true,"href":"https:\/\/www.federacaopaulistadefutsal.com.br\/novo\/wp-json\/wp\/v2\/users\/2"}],"replies":[{"embeddable":true,"href":"https:\/\/www.federacaopaulistadefutsal.com.br\/novo\/wp-json\/wp\/v2\/comments?post=36935"}],"version-history":[{"count":1,"href":"https:\/\/www.federacaopaulistadefutsal.com.br\/novo\/wp-json\/wp\/v2\/posts\/36935\/revisions"}],"predecessor-version":[{"id":36937,"href":"https:\/\/www.federacaopaulistadefutsal.com.br\/novo\/wp-json\/wp\/v2\/posts\/36935\/revisions\/36937"}],"wp:featuredmedia":[{"embeddable":true,"href":"https:\/\/www.federacaopaulistadefutsal.com.br\/novo\/wp-json\/wp\/v2\/media\/36936"}],"wp:attachment":[{"href":"https:\/\/www.federacaopaulistadefutsal.com.br\/novo\/wp-json\/wp\/v2\/media?parent=36935"}],"wp:term":[{"taxonomy":"category","embeddable":true,"href":"https:\/\/www.federacaopaulistadefutsal.com.br\/novo\/wp-json\/wp\/v2\/categories?post=36935"},{"taxonomy":"post_tag","embeddable":true,"href":"https:\/\/www.federacaopaulistadefutsal.com.br\/novo\/wp-json\/wp\/v2\/tags?post=36935"}],"curies":[{"name":"wp","href":"https:\/\/api.w.org\/{rel}","templated":true}]}}