{"id":3714,"date":"2015-02-24T15:37:12","date_gmt":"2015-02-24T15:37:12","guid":{"rendered":"http:\/\/www.federacaopaulistadefutsal.com.br\/?p=3714"},"modified":"2015-02-24T15:37:12","modified_gmt":"2015-02-24T15:37:12","slug":"rio-preto-futsal-comeca-temporada-2015","status":"publish","type":"post","link":"https:\/\/www.federacaopaulistadefutsal.com.br\/novo\/rio-preto-futsal-comeca-temporada-2015\/","title":{"rendered":"Rio Preto Futsal come\u00e7a temporada 2015"},"content":{"rendered":"<p>Na \u00faltima segunda-feira (23), a equipe\u00a0adulta do Rio Preto Futsal se reuniu pela primeira vez na temporada. O t\u00e9cnico J\u00falio C\u00e9sar Martins encontrou ontem\u00a013 jogadores \u00e0 noite para um bate papo no gin\u00e1sio Natalone.<br \/>\nNa conversa, ele passou ao grupo como ser\u00e1 a temporada e os torneios disputados.\u00a0\u201c<strong>\u00c9 nossa primeira conversa do ano. Reunimos os jogadores da cidade para dar o pontap\u00e9, sempre com muito comprometimento e respeito pela nossa cidade. Esse ano alguns jogadores da nossa categoria de base ser\u00e3o integrados ao elenco principal. \u00c9 o trabalho de base que tem dado certo, estamos no caminho. N\u00e3o estamos visando resultado neste momento para n\u00e3o pressionar os meninos novos<\/strong>\u201d, afirmou Martins.<br \/>\nO Rio Preto Futsal disputa neste ano a\u00a0Copa TV TEM, os Jogos Regionais e o Aberto do Interior.<br \/>\nPor Assessoria FPFS<br \/>\nCom informa\u00e7\u00f5es Assessiva<\/p>\n","protected":false},"excerpt":{"rendered":"<p>Na \u00faltima segunda-feira (23), a equipe\u00a0adulta do Rio Preto Futsal se reuniu pela primeira vez na temporada. O t\u00e9cnico J\u00falio<\/p>\n","protected":false},"author":1,"featured_media":0,"comment_status":"closed","ping_status":"open","sticky":false,"template":"","format":"standard","meta":{"footnotes":""},"categories":[25,32],"tags":[2125,2431],"class_list":["post-3714","post","type-post","status-publish","format-standard","hentry","category-destaques","category-maiores","tag-rio-preto-futsal","tag-temporada-2015"],"_links":{"self":[{"href":"https:\/\/www.federacaopaulistadefutsal.com.br\/novo\/wp-json\/wp\/v2\/posts\/3714","targetHints":{"allow":["GET"]}}],"collection":[{"href":"https:\/\/www.federacaopaulistadefutsal.com.br\/novo\/wp-json\/wp\/v2\/posts"}],"about":[{"href":"https:\/\/www.federacaopaulistadefutsal.com.br\/novo\/wp-json\/wp\/v2\/types\/post"}],"author":[{"embeddable":true,"href":"https:\/\/www.federacaopaulistadefutsal.com.br\/novo\/wp-json\/wp\/v2\/users\/1"}],"replies":[{"embeddable":true,"href":"https:\/\/www.federacaopaulistadefutsal.com.br\/novo\/wp-json\/wp\/v2\/comments?post=3714"}],"version-history":[{"count":0,"href":"https:\/\/www.federacaopaulistadefutsal.com.br\/novo\/wp-json\/wp\/v2\/posts\/3714\/revisions"}],"wp:attachment":[{"href":"https:\/\/www.federacaopaulistadefutsal.com.br\/novo\/wp-json\/wp\/v2\/media?parent=3714"}],"wp:term":[{"taxonomy":"category","embeddable":true,"href":"https:\/\/www.federacaopaulistadefutsal.com.br\/novo\/wp-json\/wp\/v2\/categories?post=3714"},{"taxonomy":"post_tag","embeddable":true,"href":"https:\/\/www.federacaopaulistadefutsal.com.br\/novo\/wp-json\/wp\/v2\/tags?post=3714"}],"curies":[{"name":"wp","href":"https:\/\/api.w.org\/{rel}","templated":true}]}}