{"id":37142,"date":"2023-09-19T17:12:16","date_gmt":"2023-09-19T17:12:16","guid":{"rendered":"https:\/\/www.federacaopaulistadefutsal.com.br\/novo\/?p=37142"},"modified":"2023-09-19T17:12:16","modified_gmt":"2023-09-19T17:12:16","slug":"vitoria-brilhante-sao-bernardo-supera-ferroviaria-em-jogo-valido-pelo-campeonato-estadual-adulto","status":"publish","type":"post","link":"https:\/\/www.federacaopaulistadefutsal.com.br\/novo\/vitoria-brilhante-sao-bernardo-supera-ferroviaria-em-jogo-valido-pelo-campeonato-estadual-adulto\/","title":{"rendered":"Vit\u00f3ria Brilhante: S\u00e3o Bernardo Supera Ferrovi\u00e1ria em jogo v\u00e1lido pelo Campeonato Estadual Adulto"},"content":{"rendered":"<p>Na noite desta segunda-feira, 18\/09, ocorreu uma partida entre as equipes AD S\u00e3o Bernardo e Ferrovi\u00e1ria\/Pinda Futsal no Gin\u00e1sio Poliesportivo ADIB Mois\u00e9s, em S\u00e3o Bernardo do Campo, como parte da terceira rodada do Campeonato Paulista Estadual de Futsal 2023. S\u00e3o Bernardo saiu vitorioso, vencendo o Ferrovi\u00e1ria por 5 a 2.<\/p>\n<p>Os gols do S\u00e3o Bernardo foram marcados pelos jogadores Gildemar (Camisa 10), Micael (Camisa 17), Bruno (Camisa 11) e Allyfer (Camisa 07). Enquanto isso, os gols do Ferrovi\u00e1ria foram feitos por Clayton (Camisa 99) e Jhonatan (Camisa 66).<\/p>\n<p>As pr\u00f3ximas partidas das equipes ser\u00e3o no dia 26\/09, com o Ferrovi\u00e1ria enfrentando a AABBSP fora de casa no gin\u00e1sio A da AABB \u00e0s 19h, e o S\u00e3o Bernardo indo a Bragan\u00e7a jogar no Gin\u00e1sio Rubens Battazza tamb\u00e9m \u00e0s 19h30.<\/p>\n<p>Mais fotos:<\/p>\n<div id='gallery-1' class='gallery galleryid-37142 gallery-columns-2 gallery-size-large'><figure class='gallery-item'>\n\t\t\t<div class='gallery-icon landscape'>\n\t\t\t\t<a href='https:\/\/www.federacaopaulistadefutsal.com.br\/novo\/wp-content\/uploads\/2023\/09\/WhatsApp-Image-2023-09-19-at-08.26.25-1.jpeg'><img fetchpriority=\"high\" decoding=\"async\" width=\"800\" height=\"533\" src=\"https:\/\/www.federacaopaulistadefutsal.com.br\/novo\/wp-content\/uploads\/2023\/09\/WhatsApp-Image-2023-09-19-at-08.26.25-1-1024x682.jpeg\" class=\"attachment-large size-large\" alt=\"\" srcset=\"https:\/\/www.federacaopaulistadefutsal.com.br\/novo\/wp-content\/uploads\/2023\/09\/WhatsApp-Image-2023-09-19-at-08.26.25-1-1024x682.jpeg 1024w, https:\/\/www.federacaopaulistadefutsal.com.br\/novo\/wp-content\/uploads\/2023\/09\/WhatsApp-Image-2023-09-19-at-08.26.25-1-300x200.jpeg 300w, https:\/\/www.federacaopaulistadefutsal.com.br\/novo\/wp-content\/uploads\/2023\/09\/WhatsApp-Image-2023-09-19-at-08.26.25-1-768x512.jpeg 768w, https:\/\/www.federacaopaulistadefutsal.com.br\/novo\/wp-content\/uploads\/2023\/09\/WhatsApp-Image-2023-09-19-at-08.26.25-1.jpeg 1600w\" sizes=\"(max-width: 800px) 100vw, 800px\" \/><\/a>\n\t\t\t<\/div><\/figure><figure class='gallery-item'>\n\t\t\t<div class='gallery-icon landscape'>\n\t\t\t\t<a href='https:\/\/www.federacaopaulistadefutsal.com.br\/novo\/wp-content\/uploads\/2023\/09\/WhatsApp-Image-2023-09-19-at-08.26.25.jpeg'><img decoding=\"async\" width=\"800\" height=\"533\" src=\"https:\/\/www.federacaopaulistadefutsal.com.br\/novo\/wp-content\/uploads\/2023\/09\/WhatsApp-Image-2023-09-19-at-08.26.25-1024x682.jpeg\" class=\"attachment-large size-large\" alt=\"\" srcset=\"https:\/\/www.federacaopaulistadefutsal.com.br\/novo\/wp-content\/uploads\/2023\/09\/WhatsApp-Image-2023-09-19-at-08.26.25-1024x682.jpeg 1024w, https:\/\/www.federacaopaulistadefutsal.com.br\/novo\/wp-content\/uploads\/2023\/09\/WhatsApp-Image-2023-09-19-at-08.26.25-300x200.jpeg 300w, https:\/\/www.federacaopaulistadefutsal.com.br\/novo\/wp-content\/uploads\/2023\/09\/WhatsApp-Image-2023-09-19-at-08.26.25-768x512.jpeg 768w, https:\/\/www.federacaopaulistadefutsal.com.br\/novo\/wp-content\/uploads\/2023\/09\/WhatsApp-Image-2023-09-19-at-08.26.25.jpeg 1600w\" sizes=\"(max-width: 800px) 100vw, 800px\" \/><\/a>\n\t\t\t<\/div><\/figure><figure class='gallery-item'>\n\t\t\t<div class='gallery-icon landscape'>\n\t\t\t\t<a href='https:\/\/www.federacaopaulistadefutsal.com.br\/novo\/wp-content\/uploads\/2023\/09\/WhatsApp-Image-2023-09-19-at-08.26.24-1.jpeg'><img decoding=\"async\" width=\"800\" height=\"533\" src=\"https:\/\/www.federacaopaulistadefutsal.com.br\/novo\/wp-content\/uploads\/2023\/09\/WhatsApp-Image-2023-09-19-at-08.26.24-1-1024x682.jpeg\" class=\"attachment-large size-large\" alt=\"\" srcset=\"https:\/\/www.federacaopaulistadefutsal.com.br\/novo\/wp-content\/uploads\/2023\/09\/WhatsApp-Image-2023-09-19-at-08.26.24-1-1024x682.jpeg 1024w, https:\/\/www.federacaopaulistadefutsal.com.br\/novo\/wp-content\/uploads\/2023\/09\/WhatsApp-Image-2023-09-19-at-08.26.24-1-300x200.jpeg 300w, https:\/\/www.federacaopaulistadefutsal.com.br\/novo\/wp-content\/uploads\/2023\/09\/WhatsApp-Image-2023-09-19-at-08.26.24-1-768x512.jpeg 768w, https:\/\/www.federacaopaulistadefutsal.com.br\/novo\/wp-content\/uploads\/2023\/09\/WhatsApp-Image-2023-09-19-at-08.26.24-1.jpeg 1600w\" sizes=\"(max-width: 800px) 100vw, 800px\" \/><\/a>\n\t\t\t<\/div><\/figure><figure class='gallery-item'>\n\t\t\t<div class='gallery-icon landscape'>\n\t\t\t\t<a href='https:\/\/www.federacaopaulistadefutsal.com.br\/novo\/wp-content\/uploads\/2023\/09\/WhatsApp-Image-2023-09-19-at-08.26.23.jpeg'><img loading=\"lazy\" decoding=\"async\" width=\"800\" height=\"533\" src=\"https:\/\/www.federacaopaulistadefutsal.com.br\/novo\/wp-content\/uploads\/2023\/09\/WhatsApp-Image-2023-09-19-at-08.26.23-1024x682.jpeg\" class=\"attachment-large size-large\" alt=\"\" srcset=\"https:\/\/www.federacaopaulistadefutsal.com.br\/novo\/wp-content\/uploads\/2023\/09\/WhatsApp-Image-2023-09-19-at-08.26.23-1024x682.jpeg 1024w, https:\/\/www.federacaopaulistadefutsal.com.br\/novo\/wp-content\/uploads\/2023\/09\/WhatsApp-Image-2023-09-19-at-08.26.23-300x200.jpeg 300w, https:\/\/www.federacaopaulistadefutsal.com.br\/novo\/wp-content\/uploads\/2023\/09\/WhatsApp-Image-2023-09-19-at-08.26.23-768x512.jpeg 768w, https:\/\/www.federacaopaulistadefutsal.com.br\/novo\/wp-content\/uploads\/2023\/09\/WhatsApp-Image-2023-09-19-at-08.26.23.jpeg 1600w\" sizes=\"(max-width: 800px) 100vw, 800px\" \/><\/a>\n\t\t\t<\/div><\/figure>\n\t\t<\/div>\n\n<p><em>Fotos: Ruan Pablo &#8211; Fotografia Oficial\/S\u00e3o Bernardo Futsal<\/em><\/p>\n","protected":false},"excerpt":{"rendered":"<p>Na noite desta segunda-feira, 18\/09, ocorreu uma partida entre as equipes AD S\u00e3o Bernardo e Ferrovi\u00e1ria\/Pinda Futsal no Gin\u00e1sio Poliesportivo<\/p>\n","protected":false},"author":2,"featured_media":37143,"comment_status":"open","ping_status":"open","sticky":false,"template":"","format":"standard","meta":{"footnotes":""},"categories":[2660,25,2662,8,32,2651],"tags":[161,3260,3259,42,1131,1151],"class_list":["post-37142","post","type-post","status-publish","format-standard","has-post-thumbnail","hentry","category-home-destaque","category-destaques","category-homeparte3","category-estadual-base-a1","category-maiores","category-noticias","tag-ad-sao-bernardo","tag-campeonato-estadual-de-futsal","tag-ferroviariapinda-futsal","tag-fpfs","tag-futsal","tag-futsal-paulista"],"_links":{"self":[{"href":"https:\/\/www.federacaopaulistadefutsal.com.br\/novo\/wp-json\/wp\/v2\/posts\/37142","targetHints":{"allow":["GET"]}}],"collection":[{"href":"https:\/\/www.federacaopaulistadefutsal.com.br\/novo\/wp-json\/wp\/v2\/posts"}],"about":[{"href":"https:\/\/www.federacaopaulistadefutsal.com.br\/novo\/wp-json\/wp\/v2\/types\/post"}],"author":[{"embeddable":true,"href":"https:\/\/www.federacaopaulistadefutsal.com.br\/novo\/wp-json\/wp\/v2\/users\/2"}],"replies":[{"embeddable":true,"href":"https:\/\/www.federacaopaulistadefutsal.com.br\/novo\/wp-json\/wp\/v2\/comments?post=37142"}],"version-history":[{"count":1,"href":"https:\/\/www.federacaopaulistadefutsal.com.br\/novo\/wp-json\/wp\/v2\/posts\/37142\/revisions"}],"predecessor-version":[{"id":37149,"href":"https:\/\/www.federacaopaulistadefutsal.com.br\/novo\/wp-json\/wp\/v2\/posts\/37142\/revisions\/37149"}],"wp:featuredmedia":[{"embeddable":true,"href":"https:\/\/www.federacaopaulistadefutsal.com.br\/novo\/wp-json\/wp\/v2\/media\/37143"}],"wp:attachment":[{"href":"https:\/\/www.federacaopaulistadefutsal.com.br\/novo\/wp-json\/wp\/v2\/media?parent=37142"}],"wp:term":[{"taxonomy":"category","embeddable":true,"href":"https:\/\/www.federacaopaulistadefutsal.com.br\/novo\/wp-json\/wp\/v2\/categories?post=37142"},{"taxonomy":"post_tag","embeddable":true,"href":"https:\/\/www.federacaopaulistadefutsal.com.br\/novo\/wp-json\/wp\/v2\/tags?post=37142"}],"curies":[{"name":"wp","href":"https:\/\/api.w.org\/{rel}","templated":true}]}}