{"id":37348,"date":"2023-11-01T21:14:26","date_gmt":"2023-11-01T21:14:26","guid":{"rendered":"https:\/\/www.federacaopaulistadefutsal.com.br\/novo\/?p=37348"},"modified":"2023-11-01T21:14:26","modified_gmt":"2023-11-01T21:14:26","slug":"grandes-emocoes-no-ginasio-presidente-ciro-ii","status":"publish","type":"post","link":"https:\/\/www.federacaopaulistadefutsal.com.br\/novo\/grandes-emocoes-no-ginasio-presidente-ciro-ii\/","title":{"rendered":"Grandes Emo\u00e7\u00f5es no Gin\u00e1sio Presidente Ciro II"},"content":{"rendered":"<h5><strong>Finais do Campeonato Estadual de Futsal &#8211; S\u00e9rie Prata prometem agitar o Futsal Paulista<\/strong><\/h5>\n<p>No pr\u00f3ximo s\u00e1bado, 04 de novembro de 2023, o Gin\u00e1sio Presidente Ciro II se tornar\u00e1 o epicentro das emo\u00e7\u00f5es do futsal paulista. A Federa\u00e7\u00e3o Paulista de Futsal se prepara para realizar as finais do Campeonato Estadual de Futsal &#8211; S\u00e9rie Prata, nas categorias de base Sub 12, 14, 16 e 18, proporcionando aos amantes da modalidade uma experi\u00eancia \u00fanica.<\/p>\n<p>As equipes participantes t\u00eam se dedicado ao longo do ano, treinando arduamente e demonstrando todo o seu talento nas quadras. Agora, chegou o momento de brilhar e conquistar o t\u00edtulo estadual pela S\u00e9rie Prata. Ser\u00e1 uma jornada repleta de habilidades, dribles incr\u00edveis e defesas espetaculares, onde a rivalidade esportiva se encontrar\u00e1 com a camaradagem, fortalecendo os la\u00e7os do futsal no estado de S\u00e3o Paulo.<\/p>\n<p>Confira os confrontos emocionantes que est\u00e3o por vir, onde jovens talentos mostrar\u00e3o seu potencial:<\/p>\n<p><a href=\"https:\/\/www.federacaopaulistadefutsal.com.br\/novo\/wp-content\/uploads\/2023\/11\/ESTADUAL-BASE-FINAIS-PRATA-AN\u00daNCIO.jpg\"><img fetchpriority=\"high\" decoding=\"async\" class=\"aligncenter size-large wp-image-37349\" src=\"https:\/\/www.federacaopaulistadefutsal.com.br\/novo\/wp-content\/uploads\/2023\/11\/ESTADUAL-BASE-FINAIS-PRATA-AN\u00daNCIO-819x1024.jpg\" alt=\"\" width=\"800\" height=\"1000\" srcset=\"https:\/\/www.federacaopaulistadefutsal.com.br\/novo\/wp-content\/uploads\/2023\/11\/ESTADUAL-BASE-FINAIS-PRATA-AN\u00daNCIO-819x1024.jpg 819w, https:\/\/www.federacaopaulistadefutsal.com.br\/novo\/wp-content\/uploads\/2023\/11\/ESTADUAL-BASE-FINAIS-PRATA-AN\u00daNCIO-240x300.jpg 240w, https:\/\/www.federacaopaulistadefutsal.com.br\/novo\/wp-content\/uploads\/2023\/11\/ESTADUAL-BASE-FINAIS-PRATA-AN\u00daNCIO-768x960.jpg 768w, https:\/\/www.federacaopaulistadefutsal.com.br\/novo\/wp-content\/uploads\/2023\/11\/ESTADUAL-BASE-FINAIS-PRATA-AN\u00daNCIO.jpg 1080w\" sizes=\"(max-width: 800px) 100vw, 800px\" \/><\/a><\/p>\n<p>Traga sua paix\u00e3o pelo futsal e apoie esses jovens talentos. O Gin\u00e1sio Presidente Ciro II, tamb\u00e9m conhecido como a casa do Futsal Paulista, ser\u00e1 o cen\u00e1rio de jogos incr\u00edveis, que prometem emocionar os f\u00e3s do esporte. N\u00e3o perca a oportunidade de testemunhar o futuro brilhante do futsal em S\u00e3o Paulo.<\/p>\n","protected":false},"excerpt":{"rendered":"<p>Finais do Campeonato Estadual de Futsal &#8211; S\u00e9rie Prata prometem agitar o Futsal Paulista No pr\u00f3ximo s\u00e1bado, 04 de novembro<\/p>\n","protected":false},"author":2,"featured_media":37350,"comment_status":"open","ping_status":"open","sticky":false,"template":"","format":"standard","meta":{"footnotes":""},"categories":[2660,25,2662,33,2651],"tags":[475,1037,3269,42,1131],"class_list":["post-37348","post","type-post","status-publish","format-standard","has-post-thumbnail","hentry","category-home-destaque","category-destaques","category-homeparte3","category-menores","category-noticias","tag-campeonato-estadual","tag-federacao-paulista-de-futsal","tag-finais-serie-prata","tag-fpfs","tag-futsal"],"_links":{"self":[{"href":"https:\/\/www.federacaopaulistadefutsal.com.br\/novo\/wp-json\/wp\/v2\/posts\/37348","targetHints":{"allow":["GET"]}}],"collection":[{"href":"https:\/\/www.federacaopaulistadefutsal.com.br\/novo\/wp-json\/wp\/v2\/posts"}],"about":[{"href":"https:\/\/www.federacaopaulistadefutsal.com.br\/novo\/wp-json\/wp\/v2\/types\/post"}],"author":[{"embeddable":true,"href":"https:\/\/www.federacaopaulistadefutsal.com.br\/novo\/wp-json\/wp\/v2\/users\/2"}],"replies":[{"embeddable":true,"href":"https:\/\/www.federacaopaulistadefutsal.com.br\/novo\/wp-json\/wp\/v2\/comments?post=37348"}],"version-history":[{"count":1,"href":"https:\/\/www.federacaopaulistadefutsal.com.br\/novo\/wp-json\/wp\/v2\/posts\/37348\/revisions"}],"predecessor-version":[{"id":37351,"href":"https:\/\/www.federacaopaulistadefutsal.com.br\/novo\/wp-json\/wp\/v2\/posts\/37348\/revisions\/37351"}],"wp:featuredmedia":[{"embeddable":true,"href":"https:\/\/www.federacaopaulistadefutsal.com.br\/novo\/wp-json\/wp\/v2\/media\/37350"}],"wp:attachment":[{"href":"https:\/\/www.federacaopaulistadefutsal.com.br\/novo\/wp-json\/wp\/v2\/media?parent=37348"}],"wp:term":[{"taxonomy":"category","embeddable":true,"href":"https:\/\/www.federacaopaulistadefutsal.com.br\/novo\/wp-json\/wp\/v2\/categories?post=37348"},{"taxonomy":"post_tag","embeddable":true,"href":"https:\/\/www.federacaopaulistadefutsal.com.br\/novo\/wp-json\/wp\/v2\/tags?post=37348"}],"curies":[{"name":"wp","href":"https:\/\/api.w.org\/{rel}","templated":true}]}}