{"id":37563,"date":"2024-01-16T17:51:01","date_gmt":"2024-01-16T17:51:01","guid":{"rendered":"https:\/\/www.federacaopaulistadefutsal.com.br\/novo\/?p=37563"},"modified":"2024-01-16T17:51:01","modified_gmt":"2024-01-16T17:51:01","slug":"nota-de-falecimento-morre-aos-60-anos-nosso-querido-amigo-marquinhos-ex-funcionario-da-fpfs","status":"publish","type":"post","link":"https:\/\/www.federacaopaulistadefutsal.com.br\/novo\/nota-de-falecimento-morre-aos-60-anos-nosso-querido-amigo-marquinhos-ex-funcionario-da-fpfs\/","title":{"rendered":"NOTA DE FALECIMENTO: MORRE AOS 60 ANOS NOSSO QUERIDO AMIGO MARQUINHOS EX-FUNCION\u00c1RIO DA FPFS"},"content":{"rendered":"<p><img fetchpriority=\"high\" decoding=\"async\" class=\"alignleft\" src=\"https:\/\/www.federacaopaulistadefutsal.com.br\/novo\/wp-admin\/admin-ajax.php?action=imgedit-preview&amp;_ajax_nonce=d41c27b0e3&amp;postid=37564&amp;rand=18130\" width=\"190\" height=\"269\" \/>\u00c9 com grande pesar que comunicamos o falecimento do nosso estimado amigo e companheiro de jornada, MARCOS ANT\u00d4NIO DA SILVA (MARQUINHOS). Sua partida repentina nos deixou consternados. Neste momento doloroso, pedimos a Deus que o ilumine e conceda paz, al\u00e9m de conforto \u00e0 sua fam\u00edlia diante desta imensa perda.<\/p>\n<p>Marquinhos dedicou mais de 30 anos de sua vida \u00e0 FEDERA\u00c7\u00c3O PAULISTA DE FUTSAL, contribuindo diariamente com excel\u00eancia em seu trabalho. Amado e respeitado por seus colegas, sua aus\u00eancia deixa um vazio irrepar\u00e1vel.<\/p>\n<p>Agradecemos sinceramente o tempo que compartilhamos com ele, e ele ser\u00e1 lembrado sempre por seu profissionalismo e carisma.<\/p>\n<p>Diretores, funcion\u00e1rios, \u00e1rbitros, clubes, ligas, dirigentes e todos que fazem parte do futsal paulista est\u00e3o de luto pela partida de nosso querido amigo.<\/p>\n<p>O FUTSAL PAULISTA EST\u00c1 DE LUTO. \ud83d\ude2a<\/p>\n<div id='gallery-1' class='gallery galleryid-37563 gallery-columns-2 gallery-size-full'><figure class='gallery-item'>\n\t\t\t<div class='gallery-icon landscape'>\n\t\t\t\t<a href='https:\/\/www.federacaopaulistadefutsal.com.br\/novo\/wp-content\/uploads\/2020\/07\/13558626_965844453533770_2582046066725714341_o.jpg'><img decoding=\"async\" width=\"1280\" height=\"960\" src=\"https:\/\/www.federacaopaulistadefutsal.com.br\/novo\/wp-content\/uploads\/2020\/07\/13558626_965844453533770_2582046066725714341_o.jpg\" class=\"attachment-full size-full\" alt=\"\" srcset=\"https:\/\/www.federacaopaulistadefutsal.com.br\/novo\/wp-content\/uploads\/2020\/07\/13558626_965844453533770_2582046066725714341_o.jpg 1280w, https:\/\/www.federacaopaulistadefutsal.com.br\/novo\/wp-content\/uploads\/2020\/07\/13558626_965844453533770_2582046066725714341_o-300x225.jpg 300w, https:\/\/www.federacaopaulistadefutsal.com.br\/novo\/wp-content\/uploads\/2020\/07\/13558626_965844453533770_2582046066725714341_o-768x576.jpg 768w, https:\/\/www.federacaopaulistadefutsal.com.br\/novo\/wp-content\/uploads\/2020\/07\/13558626_965844453533770_2582046066725714341_o-1024x768.jpg 1024w\" sizes=\"(max-width: 1280px) 100vw, 1280px\" \/><\/a>\n\t\t\t<\/div><\/figure><figure class='gallery-item'>\n\t\t\t<div class='gallery-icon landscape'>\n\t\t\t\t<a href='https:\/\/www.federacaopaulistadefutsal.com.br\/novo\/wp-content\/uploads\/2020\/07\/13568817_965844836867065_4651596478074580308_o.jpg'><img decoding=\"async\" width=\"1280\" height=\"960\" src=\"https:\/\/www.federacaopaulistadefutsal.com.br\/novo\/wp-content\/uploads\/2020\/07\/13568817_965844836867065_4651596478074580308_o.jpg\" class=\"attachment-full size-full\" alt=\"\" srcset=\"https:\/\/www.federacaopaulistadefutsal.com.br\/novo\/wp-content\/uploads\/2020\/07\/13568817_965844836867065_4651596478074580308_o.jpg 1280w, https:\/\/www.federacaopaulistadefutsal.com.br\/novo\/wp-content\/uploads\/2020\/07\/13568817_965844836867065_4651596478074580308_o-300x225.jpg 300w, https:\/\/www.federacaopaulistadefutsal.com.br\/novo\/wp-content\/uploads\/2020\/07\/13568817_965844836867065_4651596478074580308_o-768x576.jpg 768w, https:\/\/www.federacaopaulistadefutsal.com.br\/novo\/wp-content\/uploads\/2020\/07\/13568817_965844836867065_4651596478074580308_o-1024x768.jpg 1024w\" sizes=\"(max-width: 1280px) 100vw, 1280px\" \/><\/a>\n\t\t\t<\/div><\/figure><figure class='gallery-item'>\n\t\t\t<div class='gallery-icon landscape'>\n\t\t\t\t<a href='https:\/\/www.federacaopaulistadefutsal.com.br\/novo\/wp-content\/uploads\/2020\/07\/13568958_965844656867083_8829171982863266909_o.jpg'><img loading=\"lazy\" decoding=\"async\" width=\"1280\" height=\"960\" src=\"https:\/\/www.federacaopaulistadefutsal.com.br\/novo\/wp-content\/uploads\/2020\/07\/13568958_965844656867083_8829171982863266909_o.jpg\" class=\"attachment-full size-full\" alt=\"\" srcset=\"https:\/\/www.federacaopaulistadefutsal.com.br\/novo\/wp-content\/uploads\/2020\/07\/13568958_965844656867083_8829171982863266909_o.jpg 1280w, https:\/\/www.federacaopaulistadefutsal.com.br\/novo\/wp-content\/uploads\/2020\/07\/13568958_965844656867083_8829171982863266909_o-300x225.jpg 300w, https:\/\/www.federacaopaulistadefutsal.com.br\/novo\/wp-content\/uploads\/2020\/07\/13568958_965844656867083_8829171982863266909_o-768x576.jpg 768w, https:\/\/www.federacaopaulistadefutsal.com.br\/novo\/wp-content\/uploads\/2020\/07\/13568958_965844656867083_8829171982863266909_o-1024x768.jpg 1024w\" sizes=\"(max-width: 1280px) 100vw, 1280px\" \/><\/a>\n\t\t\t<\/div><\/figure><figure class='gallery-item'>\n\t\t\t<div class='gallery-icon landscape'>\n\t\t\t\t<a href='https:\/\/www.federacaopaulistadefutsal.com.br\/novo\/wp-content\/uploads\/2020\/07\/13581958_965844696867079_5550117103124598789_o.jpg'><img loading=\"lazy\" decoding=\"async\" width=\"1280\" height=\"960\" src=\"https:\/\/www.federacaopaulistadefutsal.com.br\/novo\/wp-content\/uploads\/2020\/07\/13581958_965844696867079_5550117103124598789_o.jpg\" class=\"attachment-full size-full\" alt=\"\" srcset=\"https:\/\/www.federacaopaulistadefutsal.com.br\/novo\/wp-content\/uploads\/2020\/07\/13581958_965844696867079_5550117103124598789_o.jpg 1280w, https:\/\/www.federacaopaulistadefutsal.com.br\/novo\/wp-content\/uploads\/2020\/07\/13581958_965844696867079_5550117103124598789_o-300x225.jpg 300w, https:\/\/www.federacaopaulistadefutsal.com.br\/novo\/wp-content\/uploads\/2020\/07\/13581958_965844696867079_5550117103124598789_o-768x576.jpg 768w, https:\/\/www.federacaopaulistadefutsal.com.br\/novo\/wp-content\/uploads\/2020\/07\/13581958_965844696867079_5550117103124598789_o-1024x768.jpg 1024w\" sizes=\"(max-width: 1280px) 100vw, 1280px\" \/><\/a>\n\t\t\t<\/div><\/figure><figure class='gallery-item'>\n\t\t\t<div class='gallery-icon landscape'>\n\t\t\t\t<a href='https:\/\/www.federacaopaulistadefutsal.com.br\/novo\/wp-content\/uploads\/2020\/07\/15420918_1174677755941295_4301995121561169795_n.jpg'><img loading=\"lazy\" decoding=\"async\" width=\"960\" height=\"960\" src=\"https:\/\/www.federacaopaulistadefutsal.com.br\/novo\/wp-content\/uploads\/2020\/07\/15420918_1174677755941295_4301995121561169795_n.jpg\" class=\"attachment-full size-full\" alt=\"\" srcset=\"https:\/\/www.federacaopaulistadefutsal.com.br\/novo\/wp-content\/uploads\/2020\/07\/15420918_1174677755941295_4301995121561169795_n.jpg 960w, https:\/\/www.federacaopaulistadefutsal.com.br\/novo\/wp-content\/uploads\/2020\/07\/15420918_1174677755941295_4301995121561169795_n-150x150.jpg 150w, https:\/\/www.federacaopaulistadefutsal.com.br\/novo\/wp-content\/uploads\/2020\/07\/15420918_1174677755941295_4301995121561169795_n-300x300.jpg 300w, https:\/\/www.federacaopaulistadefutsal.com.br\/novo\/wp-content\/uploads\/2020\/07\/15420918_1174677755941295_4301995121561169795_n-768x768.jpg 768w\" sizes=\"(max-width: 960px) 100vw, 960px\" \/><\/a>\n\t\t\t<\/div><\/figure><figure class='gallery-item'>\n\t\t\t<div class='gallery-icon landscape'>\n\t\t\t\t<a href='https:\/\/www.federacaopaulistadefutsal.com.br\/novo\/wp-content\/uploads\/2020\/07\/13173507_933521313432751_4477180136176060410_o.jpg'><img loading=\"lazy\" decoding=\"async\" width=\"1080\" height=\"1080\" src=\"https:\/\/www.federacaopaulistadefutsal.com.br\/novo\/wp-content\/uploads\/2020\/07\/13173507_933521313432751_4477180136176060410_o.jpg\" class=\"attachment-full size-full\" alt=\"\" srcset=\"https:\/\/www.federacaopaulistadefutsal.com.br\/novo\/wp-content\/uploads\/2020\/07\/13173507_933521313432751_4477180136176060410_o.jpg 1080w, https:\/\/www.federacaopaulistadefutsal.com.br\/novo\/wp-content\/uploads\/2020\/07\/13173507_933521313432751_4477180136176060410_o-150x150.jpg 150w, https:\/\/www.federacaopaulistadefutsal.com.br\/novo\/wp-content\/uploads\/2020\/07\/13173507_933521313432751_4477180136176060410_o-300x300.jpg 300w, https:\/\/www.federacaopaulistadefutsal.com.br\/novo\/wp-content\/uploads\/2020\/07\/13173507_933521313432751_4477180136176060410_o-768x768.jpg 768w, https:\/\/www.federacaopaulistadefutsal.com.br\/novo\/wp-content\/uploads\/2020\/07\/13173507_933521313432751_4477180136176060410_o-1024x1024.jpg 1024w\" sizes=\"(max-width: 1080px) 100vw, 1080px\" \/><\/a>\n\t\t\t<\/div><\/figure><figure class='gallery-item'>\n\t\t\t<div class='gallery-icon landscape'>\n\t\t\t\t<a href='https:\/\/www.federacaopaulistadefutsal.com.br\/novo\/wp-content\/uploads\/2020\/07\/15442363_1174675152608222_2077025866132698169_n.jpg'><img loading=\"lazy\" decoding=\"async\" width=\"960\" height=\"960\" src=\"https:\/\/www.federacaopaulistadefutsal.com.br\/novo\/wp-content\/uploads\/2020\/07\/15442363_1174675152608222_2077025866132698169_n.jpg\" class=\"attachment-full size-full\" alt=\"\" srcset=\"https:\/\/www.federacaopaulistadefutsal.com.br\/novo\/wp-content\/uploads\/2020\/07\/15442363_1174675152608222_2077025866132698169_n.jpg 960w, https:\/\/www.federacaopaulistadefutsal.com.br\/novo\/wp-content\/uploads\/2020\/07\/15442363_1174675152608222_2077025866132698169_n-150x150.jpg 150w, https:\/\/www.federacaopaulistadefutsal.com.br\/novo\/wp-content\/uploads\/2020\/07\/15442363_1174675152608222_2077025866132698169_n-300x300.jpg 300w, https:\/\/www.federacaopaulistadefutsal.com.br\/novo\/wp-content\/uploads\/2020\/07\/15442363_1174675152608222_2077025866132698169_n-768x768.jpg 768w\" sizes=\"(max-width: 960px) 100vw, 960px\" \/><\/a>\n\t\t\t<\/div><\/figure>\n\t\t<\/div>\n\n<p>&nbsp;<\/p>\n","protected":false},"excerpt":{"rendered":"<p>\u00c9 com grande pesar que comunicamos o falecimento do nosso estimado amigo e companheiro de jornada, MARCOS ANT\u00d4NIO DA SILVA<\/p>\n","protected":false},"author":2,"featured_media":37567,"comment_status":"open","ping_status":"open","sticky":false,"template":"","format":"standard","meta":{"footnotes":""},"categories":[2660,25,2662,2651],"tags":[],"class_list":["post-37563","post","type-post","status-publish","format-standard","has-post-thumbnail","hentry","category-home-destaque","category-destaques","category-homeparte3","category-noticias"],"_links":{"self":[{"href":"https:\/\/www.federacaopaulistadefutsal.com.br\/novo\/wp-json\/wp\/v2\/posts\/37563","targetHints":{"allow":["GET"]}}],"collection":[{"href":"https:\/\/www.federacaopaulistadefutsal.com.br\/novo\/wp-json\/wp\/v2\/posts"}],"about":[{"href":"https:\/\/www.federacaopaulistadefutsal.com.br\/novo\/wp-json\/wp\/v2\/types\/post"}],"author":[{"embeddable":true,"href":"https:\/\/www.federacaopaulistadefutsal.com.br\/novo\/wp-json\/wp\/v2\/users\/2"}],"replies":[{"embeddable":true,"href":"https:\/\/www.federacaopaulistadefutsal.com.br\/novo\/wp-json\/wp\/v2\/comments?post=37563"}],"version-history":[{"count":2,"href":"https:\/\/www.federacaopaulistadefutsal.com.br\/novo\/wp-json\/wp\/v2\/posts\/37563\/revisions"}],"predecessor-version":[{"id":37566,"href":"https:\/\/www.federacaopaulistadefutsal.com.br\/novo\/wp-json\/wp\/v2\/posts\/37563\/revisions\/37566"}],"wp:featuredmedia":[{"embeddable":true,"href":"https:\/\/www.federacaopaulistadefutsal.com.br\/novo\/wp-json\/wp\/v2\/media\/37567"}],"wp:attachment":[{"href":"https:\/\/www.federacaopaulistadefutsal.com.br\/novo\/wp-json\/wp\/v2\/media?parent=37563"}],"wp:term":[{"taxonomy":"category","embeddable":true,"href":"https:\/\/www.federacaopaulistadefutsal.com.br\/novo\/wp-json\/wp\/v2\/categories?post=37563"},{"taxonomy":"post_tag","embeddable":true,"href":"https:\/\/www.federacaopaulistadefutsal.com.br\/novo\/wp-json\/wp\/v2\/tags?post=37563"}],"curies":[{"name":"wp","href":"https:\/\/api.w.org\/{rel}","templated":true}]}}