{"id":37579,"date":"2024-01-19T18:51:46","date_gmt":"2024-01-19T18:51:46","guid":{"rendered":"https:\/\/www.federacaopaulistadefutsal.com.br\/novo\/?p=37579"},"modified":"2024-01-19T18:51:46","modified_gmt":"2024-01-19T18:51:46","slug":"%f0%9f%8c%90-janela-de-transferencias-internacionais-no-futsal-brasileiro-informe-importante","status":"publish","type":"post","link":"https:\/\/www.federacaopaulistadefutsal.com.br\/novo\/%f0%9f%8c%90-janela-de-transferencias-internacionais-no-futsal-brasileiro-informe-importante\/","title":{"rendered":"\ud83c\udf10 Janela de Transfer\u00eancias Internacionais no Futsal Brasileiro: Informe Importante!"},"content":{"rendered":"<p>\u00c9 com satisfa\u00e7\u00e3o que informamos os per\u00edodos oficiais da Janela de Inscri\u00e7\u00e3o de Jogadores no Brasil, conforme confirmado pela CBF &#8211; Confedera\u00e7\u00e3o Brasileira de Futebol. Estes per\u00edodos s\u00e3o essenciais para os processos federativos e confederativos, possibilitando a realiza\u00e7\u00e3o de transfer\u00eancias internacionais (retorno) no \u00e2mbito do futsal brasileiro.<\/p>\n<p>\ud83d\udcc5 <strong>Per\u00edodos Confirmados:<\/strong><\/p>\n<ul>\n<li>11\/01 a 07\/03\/2024<\/li>\n<li>10\/07 a 02\/09\/2024 (sujeito a altera\u00e7\u00e3o)<\/li>\n<\/ul>\n<p>Durante esses intervalos, os pedidos de transfer\u00eancias internacionais devem ser devidamente encaminhados. Destacamos a import\u00e2ncia de seguir rigorosamente as datas estipuladas para que a FPFS &#8211; Federa\u00e7\u00e3o Paulista de Futsal e a CBFS &#8211; Confedera\u00e7\u00e3o Brasileira de Futsal possam iniciar os procedimentos necess\u00e1rios, garantindo a regularidade e efici\u00eancia nos processos.<\/p>\n<p>\u26bd <strong>Como proceder:<br \/>\n<\/strong> Em caso de d\u00favidas ou necessidade de esclarecimentos adicionais, entre em contato com a FPFS:<\/p>\n<p>Departamento de Registro da FPFS |\u00a0 (11) 2714-8150 | e-mail registro@futsal.com.br<br \/>\nA colabora\u00e7\u00e3o do requerente de registro \u00e9 fundamental para a efic\u00e1cia desse processo.<\/p>\n<p>Agradecemos a coopera\u00e7\u00e3o de todos os envolvidos e desejamos uma Janela de Transfer\u00eancias Internacional de sucesso para o futsal brasileiro!<\/p>\n","protected":false},"excerpt":{"rendered":"<p>\u00c9 com satisfa\u00e7\u00e3o que informamos os per\u00edodos oficiais da Janela de Inscri\u00e7\u00e3o de Jogadores no Brasil, conforme confirmado pela CBF<\/p>\n","protected":false},"author":2,"featured_media":37580,"comment_status":"open","ping_status":"open","sticky":false,"template":"","format":"standard","meta":{"footnotes":""},"categories":[2660,25,2662,26,28,32,2651],"tags":[2700,563,1065,42,1131,1133,3273,1151,2925],"class_list":["post-37579","post","type-post","status-publish","format-standard","has-post-thumbnail","hentry","category-home-destaque","category-destaques","category-homeparte3","category-feminino","category-fpfs-acontece","category-maiores","category-noticias","tag-cbf","tag-cbfs","tag-fifa","tag-fpfs","tag-futsal","tag-futsal-brasileiro","tag-futsal-internacional","tag-futsal-paulista","tag-janela-de-transferencia-internacional"],"_links":{"self":[{"href":"https:\/\/www.federacaopaulistadefutsal.com.br\/novo\/wp-json\/wp\/v2\/posts\/37579","targetHints":{"allow":["GET"]}}],"collection":[{"href":"https:\/\/www.federacaopaulistadefutsal.com.br\/novo\/wp-json\/wp\/v2\/posts"}],"about":[{"href":"https:\/\/www.federacaopaulistadefutsal.com.br\/novo\/wp-json\/wp\/v2\/types\/post"}],"author":[{"embeddable":true,"href":"https:\/\/www.federacaopaulistadefutsal.com.br\/novo\/wp-json\/wp\/v2\/users\/2"}],"replies":[{"embeddable":true,"href":"https:\/\/www.federacaopaulistadefutsal.com.br\/novo\/wp-json\/wp\/v2\/comments?post=37579"}],"version-history":[{"count":1,"href":"https:\/\/www.federacaopaulistadefutsal.com.br\/novo\/wp-json\/wp\/v2\/posts\/37579\/revisions"}],"predecessor-version":[{"id":37581,"href":"https:\/\/www.federacaopaulistadefutsal.com.br\/novo\/wp-json\/wp\/v2\/posts\/37579\/revisions\/37581"}],"wp:featuredmedia":[{"embeddable":true,"href":"https:\/\/www.federacaopaulistadefutsal.com.br\/novo\/wp-json\/wp\/v2\/media\/37580"}],"wp:attachment":[{"href":"https:\/\/www.federacaopaulistadefutsal.com.br\/novo\/wp-json\/wp\/v2\/media?parent=37579"}],"wp:term":[{"taxonomy":"category","embeddable":true,"href":"https:\/\/www.federacaopaulistadefutsal.com.br\/novo\/wp-json\/wp\/v2\/categories?post=37579"},{"taxonomy":"post_tag","embeddable":true,"href":"https:\/\/www.federacaopaulistadefutsal.com.br\/novo\/wp-json\/wp\/v2\/tags?post=37579"}],"curies":[{"name":"wp","href":"https:\/\/api.w.org\/{rel}","templated":true}]}}