{"id":37649,"date":"2024-02-06T14:11:23","date_gmt":"2024-02-06T14:11:23","guid":{"rendered":"https:\/\/www.federacaopaulistadefutsal.com.br\/novo\/?p=37649"},"modified":"2024-02-06T14:11:23","modified_gmt":"2024-02-06T14:11:23","slug":"federacao-paulista-de-futsal-promove-pre-temporada-aos-oficiais-de-arbitragem-do-estado-de-sao-paulo-em-2024","status":"publish","type":"post","link":"https:\/\/www.federacaopaulistadefutsal.com.br\/novo\/federacao-paulista-de-futsal-promove-pre-temporada-aos-oficiais-de-arbitragem-do-estado-de-sao-paulo-em-2024\/","title":{"rendered":"Federa\u00e7\u00e3o Paulista de Futsal Promove Pr\u00e9-temporada aos Oficiais de Arbitragem do Estado de S\u00e3o Paulo em 2024"},"content":{"rendered":"<h5 style=\"text-align: center;\"><span style=\"color: #ff0000;\"><strong><em>Unindo Qualidade e Prepara\u00e7\u00e3o para uma Temporada de Sucesso<\/em><\/strong><\/span><\/h5>\n<p>A Federa\u00e7\u00e3o Paulista de Futsal (FPFS) tem a honra de anunciar a realiza\u00e7\u00e3o da Pr\u00e9-temporada para os Oficiais de Arbitragem do Estado de S\u00e3o Paulo, visando o aprimoramento e a uniformiza\u00e7\u00e3o dos conhecimentos fundamentais para a temporada de 2024.<\/p>\n<p>Considerando a import\u00e2ncia do constante aperfei\u00e7oamento dos \u00e1rbitros e a necessidade de atualiza\u00e7\u00e3o frente \u00e0s demandas do esporte, a FPFS reuniu esfor\u00e7os para organizar este evento que promete fortalecer a qualidade da arbitragem em todo o estado.<br \/>\n<a href=\"https:\/\/www.federacaopaulistadefutsal.com.br\/novo\/wp-content\/uploads\/2024\/02\/WhatsApp-Image-2023-02-26-at-12.39.52-1-e1677529990278.jpeg\"><img fetchpriority=\"high\" decoding=\"async\" class=\"size-large wp-image-37652 aligncenter\" src=\"https:\/\/www.federacaopaulistadefutsal.com.br\/novo\/wp-content\/uploads\/2024\/02\/WhatsApp-Image-2023-02-26-at-12.39.52-1-e1677529990278-1024x525.jpeg\" alt=\"\" width=\"800\" height=\"410\" srcset=\"https:\/\/www.federacaopaulistadefutsal.com.br\/novo\/wp-content\/uploads\/2024\/02\/WhatsApp-Image-2023-02-26-at-12.39.52-1-e1677529990278-1024x525.jpeg 1024w, https:\/\/www.federacaopaulistadefutsal.com.br\/novo\/wp-content\/uploads\/2024\/02\/WhatsApp-Image-2023-02-26-at-12.39.52-1-e1677529990278-300x154.jpeg 300w, https:\/\/www.federacaopaulistadefutsal.com.br\/novo\/wp-content\/uploads\/2024\/02\/WhatsApp-Image-2023-02-26-at-12.39.52-1-e1677529990278-768x394.jpeg 768w, https:\/\/www.federacaopaulistadefutsal.com.br\/novo\/wp-content\/uploads\/2024\/02\/WhatsApp-Image-2023-02-26-at-12.39.52-1-e1677529990278.jpeg 1600w\" sizes=\"(max-width: 800px) 100vw, 800px\" \/><\/a><br \/>\nA pr\u00e9-temporada ser\u00e1 realizada no <strong>Hotel Dan In Planalto<\/strong>, localizado na <span style=\"color: #ff0000;\"><strong><a href=\"https:\/\/maps.app.goo.gl\/AU1HAsXCyeAcFd4a7\">Avenida C\u00e1sper L\u00edbero, 115, em Santa Efig\u00eania, S\u00e3o Paulo, pr\u00f3ximo \u00e0 sede da Federa\u00e7\u00e3o. <\/a><\/strong><\/span>A sala designada para o evento ser\u00e1 a Rep\u00fablica.<\/p>\n<p style=\"text-align: center;\">\u00a0<iframe style=\"border: 0;\" src=\"https:\/\/www.google.com\/maps\/embed?pb=!1m18!1m12!1m3!1d3657.7779593202267!2d-46.63924282474091!3d-23.540487260825486!2m3!1f0!2f0!3f0!3m2!1i1024!2i768!4f13.1!3m3!1m2!1s0x94ce58574ae62e2d%3A0x2553cb6f34e0c130!2sAv.%20C%C3%A1sper%20L%C3%ADbero%2C%20115%20-%20Centro%20Hist%C3%B3rico%20de%20S%C3%A3o%20Paulo%2C%20S%C3%A3o%20Paulo%20-%20SP!5e0!3m2!1spt-BR!2sbr!4v1707226286653!5m2!1spt-BR!2sbr\" width=\"600\" height=\"450\" allowfullscreen=\"allowfullscreen\"><\/iframe><\/p>\n<p>O valor de participa\u00e7\u00e3o \u00e9 de <strong>R$ 150,00<\/strong> por oficial de arbitragem.<\/p>\n<p>As turmas ser\u00e3o divididas de acordo com a seguinte programa\u00e7\u00e3o:<\/p>\n<ul>\n<li><strong>02\/03\/2024<\/strong>: Cotia, Osasco, Santo Andr\u00e9, Santos, Jundia\u00ed, Itapevi, Caieiras, Emb\u00fa Gua\u00e7u, Sorocaba, Valinhos, S\u00e3o Bernardo do Campo, S\u00e3o Caetano do Sul.<\/li>\n<li><strong>03\/03\/2024<\/strong>: Capital, Monte Alto, Pen\u00e1polis, S\u00e3o Jos\u00e9 do Rio Preto, S\u00e3o Jo\u00e3o da Boa Vista, S\u00e3o Sebasti\u00e3o, Suzano, Taubat\u00e9.<\/li>\n<\/ul>\n<p>As Ligas filiadas dever\u00e3o enviar um e-mail contendo Of\u00edcio em anexo, informando os nomes dos oficiais de arbitragem e o comprovante de dep\u00f3sito referente ao valor total do n\u00famero de oficiais que ir\u00e3o participar da pr\u00e9-temporada, limitado a 25 por Liga. As inscri\u00e7\u00f5es devem ser realizadas at\u00e9 o dia 26 de fevereiro de 2024, \u00e0s 17:00h, e enviadas para <a target=\"_new\">claudia@futsal.com.br<\/a>. N\u00e3o ser\u00e3o aceitas inscri\u00e7\u00f5es individuais de oficiais de arbitragem vinculados \u00e0s Ligas filiadas. Os oficiais da Capital devem realizar suas inscri\u00e7\u00f5es individualmente, diretamente no e-mail informado, tamb\u00e9m enviando o comprovante de dep\u00f3sito.<\/p>\n<p>O pagamento pode ser efetuado na tesouraria da sede ou por meio de dep\u00f3sito\/transfer\u00eancia para a conta da FPFS, conforme dados abaixo:<\/p>\n<p><strong><img decoding=\"async\" class=\"\" src=\"https:\/\/upload.wikimedia.org\/wikipedia\/commons\/thumb\/8\/8a\/Banco_Ita%C3%BA_logo.svg\/1011px-Banco_Ita%C3%BA_logo.svg.png\" alt=\"Ficheiro:Banco Ita\u00fa logo.svg \u2013 Wikip\u00e9dia, a enciclop\u00e9dia livre\" width=\"28\" height=\"29\" \/>\u00a0Banco ITA\u00da Ag\u00eancia: 0180 Conta Corrente: 19.019-1 CNPJ: 62.319.595\/0001-08<\/strong><\/p>\n<p>Durante a pr\u00e9-temporada, ser\u00e1 realizada uma avalia\u00e7\u00e3o te\u00f3rica atrav\u00e9s da plataforma <strong>Google Forms.<\/strong> Os oficiais que obtiverem nota inferior a 7,0 estar\u00e3o impossibilitados de exercer suas fun\u00e7\u00f5es no primeiro semestre. Para o segundo semestre, ser\u00e1 aplicada uma nova avalia\u00e7\u00e3o.<\/p>\n<p>\u00c9 importante ressaltar que a nota da avalia\u00e7\u00e3o te\u00f3rica n\u00e3o \u00e9 o \u00fanico crit\u00e9rio para a atua\u00e7\u00e3o em determinada categoria. Todos os oficiais de arbitragem que se inscreverem para atuar nos jogos geridos pela FPFS estar\u00e3o sujeitos \u00e0s regulamenta\u00e7\u00f5es da entidade.<\/p>\n<p>A programa\u00e7\u00e3o, sujeita a altera\u00e7\u00f5es, inclui momentos de credenciamento, caf\u00e9 da manh\u00e3, abertura, adapta\u00e7\u00f5es das regras para categorias de base e inicia\u00e7\u00e3o, almo\u00e7o, atualiza\u00e7\u00e3o das leis do jogo e avalia\u00e7\u00e3o te\u00f3rica.<\/p>\n<p>Observa\u00e7\u00f5es importantes incluem o respeito aos hor\u00e1rios, o traje adequado e o cumprimento das normas do hotel.<a href=\"https:\/\/www.federacaopaulistadefutsal.com.br\/novo\/wp-content\/uploads\/2024\/02\/LOGO-FPFS-png.png\"><img decoding=\"async\" class=\" wp-image-37655 aligncenter\" src=\"https:\/\/www.federacaopaulistadefutsal.com.br\/novo\/wp-content\/uploads\/2024\/02\/LOGO-FPFS-png.png\" alt=\"\" width=\"543\" height=\"330\" srcset=\"https:\/\/www.federacaopaulistadefutsal.com.br\/novo\/wp-content\/uploads\/2024\/02\/LOGO-FPFS-png.png 807w, https:\/\/www.federacaopaulistadefutsal.com.br\/novo\/wp-content\/uploads\/2024\/02\/LOGO-FPFS-png-300x182.png 300w, https:\/\/www.federacaopaulistadefutsal.com.br\/novo\/wp-content\/uploads\/2024\/02\/LOGO-FPFS-png-768x466.png 768w\" sizes=\"(max-width: 543px) 100vw, 543px\" \/><\/a><strong>A Federa\u00e7\u00e3o Paulista de Futsal espera contar com a participa\u00e7\u00e3o e o empenho de todos os oficiais de arbitragem para a constru\u00e7\u00e3o de uma temporada bem-sucedida em 2024.<\/strong><\/p>\n","protected":false},"excerpt":{"rendered":"<p>Unindo Qualidade e Prepara\u00e7\u00e3o para uma Temporada de Sucesso A Federa\u00e7\u00e3o Paulista de Futsal (FPFS) tem a honra de anunciar<\/p>\n","protected":false},"author":2,"featured_media":37663,"comment_status":"open","ping_status":"open","sticky":false,"template":"","format":"standard","meta":{"footnotes":""},"categories":[21,3213,2660,25,2662,28,29,2651],"tags":[256,563,1065,42,1131,3162,1141,1151,1937],"class_list":["post-37649","post","type-post","status-publish","format-standard","has-post-thumbnail","hentry","category-arbitragem","category-cursodeoficialdearbitragem","category-home-destaque","category-destaques","category-homeparte3","category-fpfs-acontece","category-interior","category-noticias","tag-arbitragem","tag-cbfs","tag-fifa","tag-fpfs","tag-futsal","tag-futsal-do-estado-de-sao-paulo","tag-futsal-interior","tag-futsal-paulista","tag-pre-temporada"],"_links":{"self":[{"href":"https:\/\/www.federacaopaulistadefutsal.com.br\/novo\/wp-json\/wp\/v2\/posts\/37649","targetHints":{"allow":["GET"]}}],"collection":[{"href":"https:\/\/www.federacaopaulistadefutsal.com.br\/novo\/wp-json\/wp\/v2\/posts"}],"about":[{"href":"https:\/\/www.federacaopaulistadefutsal.com.br\/novo\/wp-json\/wp\/v2\/types\/post"}],"author":[{"embeddable":true,"href":"https:\/\/www.federacaopaulistadefutsal.com.br\/novo\/wp-json\/wp\/v2\/users\/2"}],"replies":[{"embeddable":true,"href":"https:\/\/www.federacaopaulistadefutsal.com.br\/novo\/wp-json\/wp\/v2\/comments?post=37649"}],"version-history":[{"count":8,"href":"https:\/\/www.federacaopaulistadefutsal.com.br\/novo\/wp-json\/wp\/v2\/posts\/37649\/revisions"}],"predecessor-version":[{"id":37659,"href":"https:\/\/www.federacaopaulistadefutsal.com.br\/novo\/wp-json\/wp\/v2\/posts\/37649\/revisions\/37659"}],"wp:featuredmedia":[{"embeddable":true,"href":"https:\/\/www.federacaopaulistadefutsal.com.br\/novo\/wp-json\/wp\/v2\/media\/37663"}],"wp:attachment":[{"href":"https:\/\/www.federacaopaulistadefutsal.com.br\/novo\/wp-json\/wp\/v2\/media?parent=37649"}],"wp:term":[{"taxonomy":"category","embeddable":true,"href":"https:\/\/www.federacaopaulistadefutsal.com.br\/novo\/wp-json\/wp\/v2\/categories?post=37649"},{"taxonomy":"post_tag","embeddable":true,"href":"https:\/\/www.federacaopaulistadefutsal.com.br\/novo\/wp-json\/wp\/v2\/tags?post=37649"}],"curies":[{"name":"wp","href":"https:\/\/api.w.org\/{rel}","templated":true}]}}