{"id":38437,"date":"2024-08-14T18:32:19","date_gmt":"2024-08-14T18:32:19","guid":{"rendered":"https:\/\/www.federacaopaulistadefutsal.com.br\/novo\/?p=38437"},"modified":"2024-09-02T18:37:40","modified_gmt":"2024-09-02T18:37:40","slug":"nota-de-falecimento-jose-carlos-dos-santos-um-dos-maiores-nomes-do-futsal-brasileiro-falece-aos-74-anos","status":"publish","type":"post","link":"https:\/\/www.federacaopaulistadefutsal.com.br\/novo\/nota-de-falecimento-jose-carlos-dos-santos-um-dos-maiores-nomes-do-futsal-brasileiro-falece-aos-74-anos\/","title":{"rendered":"Nota de Falecimento Jos\u00e9 Carlos dos Santos, um dos maiores nomes do futsal brasileiro, falece aos 74 anos"},"content":{"rendered":"<div class=\"group\/conversation-turn relative flex w-full min-w-0 flex-col agent-turn\">\n<div class=\"flex-col gap-1 md:gap-3\">\n<div class=\"flex max-w-full flex-col flex-grow\">\n<div class=\"min-h-[20px] text-message flex w-full flex-col items-end gap-2 whitespace-pre-wrap break-words [.text-message+&amp;]:mt-5 overflow-x-auto\" dir=\"auto\" data-message-author-role=\"assistant\" data-message-id=\"a6e7d73e-fa73-47d2-b980-09533a26fa1b\">\n<div class=\"flex w-full flex-col gap-1 empty:hidden first:pt-[3px]\">\n<div class=\"markdown prose w-full break-words dark:prose-invert light\">\n<p>\u00a0\u00c9 com profundo pesar que comunicamos o falecimento de Jos\u00e9 Carlos dos Santos, ocorrido na manh\u00e3 de hoje, 14 de agosto de 2024, por causas naturais. Aos 74 anos, Jos\u00e9 Carlos deixa um legado inestim\u00e1vel para o futsal brasileiro, tendo dedicado sua vida \u00e0 modalidade, trabalhando em grandes clubes do Futsal Paulista e desempenhando pap\u00e9is de lideran\u00e7a em diversas organiza\u00e7\u00f5es.<\/p>\n<p>Jos\u00e9 Carlos dos Santos acrescentou muito na evolu\u00e7\u00e3o da Futsal Brasileiro com seu conhecimento inovador e vision\u00e1rio. Sua atua\u00e7\u00e3o foi crucial para o desenvolvimento da modalidade, sempre buscando novas maneiras de promover o esporte e aumentar sua visibilidade por mais de 40 anos.<\/p>\n<p>Ao longo de sua carreira, Jos\u00e9 Carlos foi Diretor Geral de Competi\u00e7\u00f5es e Vice-Presidente da Confedera\u00e7\u00e3o Brasileira de Futsal, Diretor T\u00e9cnico da Liga Nacional de Futsal, e Diretor Geral de Competi\u00e7\u00f5es e Vice-Presidente da Federa\u00e7\u00e3o Paulista de Futsal. Al\u00e9m disso, ele foi um representante influente do futsal brasileiro junto \u00e0 CONMEBOL e outras entidades internacionais.<\/p>\n<p>Jos\u00e9 Carlos dos Santos foi um verdadeiro \u00edcone do futsal, sendo uma refer\u00eancia e modelo para dirigentes e profissionais da modalidade em todo o pa\u00eds. Seu compromisso e paix\u00e3o pelo esporte serviram de exemplo e inspira\u00e7\u00e3o para gera\u00e7\u00f5es.<\/p>\n<p>N\u00f3s, da Federa\u00e7\u00e3o Paulista de Futsal, lamentamos profundamente essa perda e declaramos luto no Futsal Paulista em sua homenagem. Sua aus\u00eancia ser\u00e1 profundamente sentida por todos que tiveram o privil\u00e9gio de conhec\u00ea-lo e trabalhar ao seu lado.<\/p>\n<p><a href=\"https:\/\/www.federacaopaulistadefutsal.com.br\/novo\/nota-de-falecimento-jose-carlos-dos-santos-um-dos-maiores-nomes-do-futsal-brasileiro-falece-aos-74-anos\/whatsapp-image-2024-08-14-at-15-38-33\/\" rel=\"attachment wp-att-38441\"><img fetchpriority=\"high\" decoding=\"async\" class=\"wp-image-38441 size-large aligncenter\" src=\"https:\/\/www.federacaopaulistadefutsal.com.br\/novo\/wp-content\/uploads\/2024\/08\/WhatsApp-Image-2024-08-14-at-15.38.33-731x1024.jpeg\" alt=\"\" width=\"731\" height=\"1024\" srcset=\"https:\/\/www.federacaopaulistadefutsal.com.br\/novo\/wp-content\/uploads\/2024\/08\/WhatsApp-Image-2024-08-14-at-15.38.33-731x1024.jpeg 731w, https:\/\/www.federacaopaulistadefutsal.com.br\/novo\/wp-content\/uploads\/2024\/08\/WhatsApp-Image-2024-08-14-at-15.38.33-214x300.jpeg 214w, https:\/\/www.federacaopaulistadefutsal.com.br\/novo\/wp-content\/uploads\/2024\/08\/WhatsApp-Image-2024-08-14-at-15.38.33-768x1076.jpeg 768w, https:\/\/www.federacaopaulistadefutsal.com.br\/novo\/wp-content\/uploads\/2024\/08\/WhatsApp-Image-2024-08-14-at-15.38.33.jpeg 1142w\" sizes=\"(max-width: 731px) 100vw, 731px\" \/><\/a><\/p>\n<\/div>\n<\/div>\n<\/div>\n<\/div>\n<\/div>\n<\/div>\n","protected":false},"excerpt":{"rendered":"<p>\u00a0\u00c9 com profundo pesar que comunicamos o falecimento de Jos\u00e9 Carlos dos Santos, ocorrido na manh\u00e3 de hoje, 14 de<\/p>\n","protected":false},"author":2,"featured_media":38438,"comment_status":"open","ping_status":"open","sticky":false,"template":"","format":"standard","meta":{"footnotes":""},"categories":[28,2651],"tags":[563,677,1065,42,1131,3289],"class_list":["post-38437","post","type-post","status-publish","format-standard","has-post-thumbnail","hentry","category-fpfs-acontece","category-noticias","tag-cbfs","tag-conmebol","tag-fifa","tag-fpfs","tag-futsal","tag-jose-carlos-dos-santos"],"_links":{"self":[{"href":"https:\/\/www.federacaopaulistadefutsal.com.br\/novo\/wp-json\/wp\/v2\/posts\/38437","targetHints":{"allow":["GET"]}}],"collection":[{"href":"https:\/\/www.federacaopaulistadefutsal.com.br\/novo\/wp-json\/wp\/v2\/posts"}],"about":[{"href":"https:\/\/www.federacaopaulistadefutsal.com.br\/novo\/wp-json\/wp\/v2\/types\/post"}],"author":[{"embeddable":true,"href":"https:\/\/www.federacaopaulistadefutsal.com.br\/novo\/wp-json\/wp\/v2\/users\/2"}],"replies":[{"embeddable":true,"href":"https:\/\/www.federacaopaulistadefutsal.com.br\/novo\/wp-json\/wp\/v2\/comments?post=38437"}],"version-history":[{"count":3,"href":"https:\/\/www.federacaopaulistadefutsal.com.br\/novo\/wp-json\/wp\/v2\/posts\/38437\/revisions"}],"predecessor-version":[{"id":38442,"href":"https:\/\/www.federacaopaulistadefutsal.com.br\/novo\/wp-json\/wp\/v2\/posts\/38437\/revisions\/38442"}],"wp:featuredmedia":[{"embeddable":true,"href":"https:\/\/www.federacaopaulistadefutsal.com.br\/novo\/wp-json\/wp\/v2\/media\/38438"}],"wp:attachment":[{"href":"https:\/\/www.federacaopaulistadefutsal.com.br\/novo\/wp-json\/wp\/v2\/media?parent=38437"}],"wp:term":[{"taxonomy":"category","embeddable":true,"href":"https:\/\/www.federacaopaulistadefutsal.com.br\/novo\/wp-json\/wp\/v2\/categories?post=38437"},{"taxonomy":"post_tag","embeddable":true,"href":"https:\/\/www.federacaopaulistadefutsal.com.br\/novo\/wp-json\/wp\/v2\/tags?post=38437"}],"curies":[{"name":"wp","href":"https:\/\/api.w.org\/{rel}","templated":true}]}}