{"id":38906,"date":"2024-09-20T11:35:17","date_gmt":"2024-09-20T11:35:17","guid":{"rendered":"https:\/\/www.federacaopaulistadefutsal.com.br\/novo\/?p=38906"},"modified":"2024-09-20T11:35:17","modified_gmt":"2024-09-20T11:35:17","slug":"brasil-enfrenta-tailandia-pela-lideranca-do-grupo-b-na-copa-do-mundo-de-futsal","status":"publish","type":"post","link":"https:\/\/www.federacaopaulistadefutsal.com.br\/novo\/brasil-enfrenta-tailandia-pela-lideranca-do-grupo-b-na-copa-do-mundo-de-futsal\/","title":{"rendered":"Brasil enfrenta Tail\u00e2ndia pela lideran\u00e7a do Grupo B na Copa do Mundo de Futsal"},"content":{"rendered":"<p><span style=\"color: #ff0000;\"><strong>Sele\u00e7\u00e3o Brasileira entra em quadra nesta sexta-feira (19), \u00e0s 9h30, com transmiss\u00e3o de Sportv, Caz\u00e9TV e Fifa+<\/strong><\/span><\/p>\n<p>&nbsp;<\/p>\n<p>A Sele\u00e7\u00e3o Brasileira de Futsal encara a Tail\u00e2ndia nesta sexta-feira (19), pela \u00faltima rodada da fase de grupos da Copa do Mundo de Futsal. O confronto, que acontece \u00e0s 9h30 (hor\u00e1rio de Bras\u00edlia) no Complexo Esportivo de Bukhara, no Uzbequist\u00e3o, define o l\u00edder do Grupo B. O Brasil, que j\u00e1 garantiu vaga nas oitavas de final ap\u00f3s vit\u00f3rias sobre Cuba (10 a 0) e Cro\u00e1cia (8 a 1), busca manter os 100% de aproveitamento.<\/p>\n<p>Com uma campanha s\u00f3lida, a equipe brasileira conta com um ataque avassalador, 18 gols marcados, e uma defesa bem postada, tendo sofrido apenas um gol. O destaque da equipe \u00e9 o ala Marcel, artilheiro da competi\u00e7\u00e3o com cinco gols. Mesmo surpreso com sua marca, Marcel atribui os gols ao jogo coletivo e espera manter o bom momento na partida contra a Tail\u00e2ndia.<\/p>\n<p>A Tail\u00e2ndia, tamb\u00e9m classificada, chega ap\u00f3s vit\u00f3rias sobre Cro\u00e1cia (2 a 1) e Cuba (10 a 5). O confronto promete ser um teste importante para a Sele\u00e7\u00e3o, que mira a lideran\u00e7a do grupo e a continuidade do bom desempenho na competi\u00e7\u00e3o.<\/p>\n<p>&nbsp;<\/p>\n<p>Foto capa: Leto Ribas\/CBF<\/p>\n<p>&nbsp;<\/p>\n","protected":false},"excerpt":{"rendered":"<p>Sele\u00e7\u00e3o Brasileira entra em quadra nesta sexta-feira (19), \u00e0s 9h30, com transmiss\u00e3o de Sportv, Caz\u00e9TV e Fifa+ &nbsp; A Sele\u00e7\u00e3o<\/p>\n","protected":false},"author":2,"featured_media":38907,"comment_status":"open","ping_status":"open","sticky":false,"template":"","format":"standard","meta":{"footnotes":""},"categories":[3293,2660,25,2662,32,2651],"tags":[419,2700,1065,3294,42,1131,2910,3300],"class_list":["post-38906","post","type-post","status-publish","format-standard","has-post-thumbnail","hentry","category-copa-do-mundo-de-futsal-2024","category-home-destaque","category-destaques","category-homeparte3","category-maiores","category-noticias","tag-brasil","tag-cbf","tag-fifa","tag-fifa-futsal-world-cup-uzbekistan-2024","tag-fpfs","tag-futsal","tag-mundial-de-futsal","tag-tailandia"],"_links":{"self":[{"href":"https:\/\/www.federacaopaulistadefutsal.com.br\/novo\/wp-json\/wp\/v2\/posts\/38906","targetHints":{"allow":["GET"]}}],"collection":[{"href":"https:\/\/www.federacaopaulistadefutsal.com.br\/novo\/wp-json\/wp\/v2\/posts"}],"about":[{"href":"https:\/\/www.federacaopaulistadefutsal.com.br\/novo\/wp-json\/wp\/v2\/types\/post"}],"author":[{"embeddable":true,"href":"https:\/\/www.federacaopaulistadefutsal.com.br\/novo\/wp-json\/wp\/v2\/users\/2"}],"replies":[{"embeddable":true,"href":"https:\/\/www.federacaopaulistadefutsal.com.br\/novo\/wp-json\/wp\/v2\/comments?post=38906"}],"version-history":[{"count":1,"href":"https:\/\/www.federacaopaulistadefutsal.com.br\/novo\/wp-json\/wp\/v2\/posts\/38906\/revisions"}],"predecessor-version":[{"id":38908,"href":"https:\/\/www.federacaopaulistadefutsal.com.br\/novo\/wp-json\/wp\/v2\/posts\/38906\/revisions\/38908"}],"wp:featuredmedia":[{"embeddable":true,"href":"https:\/\/www.federacaopaulistadefutsal.com.br\/novo\/wp-json\/wp\/v2\/media\/38907"}],"wp:attachment":[{"href":"https:\/\/www.federacaopaulistadefutsal.com.br\/novo\/wp-json\/wp\/v2\/media?parent=38906"}],"wp:term":[{"taxonomy":"category","embeddable":true,"href":"https:\/\/www.federacaopaulistadefutsal.com.br\/novo\/wp-json\/wp\/v2\/categories?post=38906"},{"taxonomy":"post_tag","embeddable":true,"href":"https:\/\/www.federacaopaulistadefutsal.com.br\/novo\/wp-json\/wp\/v2\/tags?post=38906"}],"curies":[{"name":"wp","href":"https:\/\/api.w.org\/{rel}","templated":true}]}}