{"id":3896,"date":"2015-03-11T21:03:51","date_gmt":"2015-03-11T21:03:51","guid":{"rendered":"http:\/\/www.federacaopaulistadefutsal.com.br\/?p=3896"},"modified":"2015-03-11T21:03:51","modified_gmt":"2015-03-11T21:03:51","slug":"3896","status":"publish","type":"post","link":"https:\/\/www.federacaopaulistadefutsal.com.br\/novo\/3896\/","title":{"rendered":"Federa\u00e7\u00e3o Paulista e atletas la\u00e7am chapa para concorrer na CBFS"},"content":{"rendered":"<p>Visando novas id\u00e9ias\u00a0ao Futsal brasileiro Falc\u00e3o, Neto, Rodrigo, Tiago e Vanessa, representando os atletas de todo o Brasil,\u00a0\u00a0junto a Federa\u00e7\u00e3o Paulista de Futsal\u00a0(FPFS) atrav\u00e9s de seu Presidente Dr. Ciro Font\u00e3o de Souza, lan\u00e7am como presidente de\u00a0chapa Nilton Cifuentes Rom\u00e3o (Ramon), 34 de Banco do Brasil , atualmente presidente da AABB em S\u00e3o Paulo, grande salonista e possui forma\u00e7\u00e3o em administra\u00e7\u00e3o pela PUC S\u00e3o Paulo,\u00a0para concorrer nas elei\u00e7\u00f5es da Confedera\u00e7\u00e3o Brasileira de Futsal (CBFS)\u00a0 , que est\u00e1 prevista para o dia 31 deste m\u00eas.<br \/>\nConfira a postagem do craque Falc\u00e3o 12:<br \/>\n<a href=\"https:\/\/instagram.com\/falcao12oficial\/p\/0Ge4lySLVI\/\" target=\"_blank\">J\u00e1 pensando nas elei\u00e7\u00f5es da CBFS , n\u00f3s @nessafutsal07 @rodrigoha @goleirotiago @futsalneto , representando os atletas , convencemos e apoiamos nosso amigo #Ramon , que al\u00e9m de um grande administrador, com hist\u00f3rico de 34 de Banco do Brasil , atualmente presidente da AABB em S\u00e3o Paulo , al\u00e9m de ser um salonista nato , \u00e9 formado em administra\u00e7\u00e3o pela PUC , lan\u00e7amos o in\u00edcio de uma chapa , visando novas id\u00e9ias p nosso futsal !!<\/a><br \/>\n&nbsp;<br \/>\nPor: Assessoria de Imprensa FPFS<\/p>\n","protected":false},"excerpt":{"rendered":"<p>Visando novas id\u00e9ias\u00a0ao Futsal brasileiro Falc\u00e3o, Neto, Rodrigo, Tiago e Vanessa, representando os atletas de todo o Brasil,\u00a0\u00a0junto a Federa\u00e7\u00e3o<\/p>\n","protected":false},"author":1,"featured_media":3899,"comment_status":"closed","ping_status":"open","sticky":false,"template":"","format":"standard","meta":{"footnotes":""},"categories":[18,14,15,16,21,25,8,17,10,11,26,28,29,30,31,32,33,12,19,13,35,36,37,38],"tags":[563,910,1019,42,1724,2031,2136,2455,2555],"class_list":["post-3896","post","type-post","status-publish","format-standard","has-post-thumbnail","hentry","category-a2-estadual-principal","category-a1-paulista-feminino-menores","category-a1-paulista-feminino-principal","category-a1-paulista-feminino-sub-20","category-arbitragem","category-destaques","category-estadual-base-a1","category-estadual-base-a2","category-estadual-iniciacao","category-estadual-sub-20","category-feminino","category-fpfs-acontece","category-interior","category-liga-nacional-de-futsal","category-liga-paulista-de-futsal","category-maiores","category-menores","category-metropolitano-base-a1","category-metropolitano-base-a2","category-metropolitano-sub-20","category-selecao","category-serie-unica-estatual-feminino","category-serie-unica-paulistao","category-tabelas","tag-cbfs","tag-eleicoes","tag-falcao","tag-fpfs","tag-neto","tag-ramon","tag-rodrigo","tag-tiago","tag-vanessa"],"_links":{"self":[{"href":"https:\/\/www.federacaopaulistadefutsal.com.br\/novo\/wp-json\/wp\/v2\/posts\/3896","targetHints":{"allow":["GET"]}}],"collection":[{"href":"https:\/\/www.federacaopaulistadefutsal.com.br\/novo\/wp-json\/wp\/v2\/posts"}],"about":[{"href":"https:\/\/www.federacaopaulistadefutsal.com.br\/novo\/wp-json\/wp\/v2\/types\/post"}],"author":[{"embeddable":true,"href":"https:\/\/www.federacaopaulistadefutsal.com.br\/novo\/wp-json\/wp\/v2\/users\/1"}],"replies":[{"embeddable":true,"href":"https:\/\/www.federacaopaulistadefutsal.com.br\/novo\/wp-json\/wp\/v2\/comments?post=3896"}],"version-history":[{"count":0,"href":"https:\/\/www.federacaopaulistadefutsal.com.br\/novo\/wp-json\/wp\/v2\/posts\/3896\/revisions"}],"wp:featuredmedia":[{"embeddable":true,"href":"https:\/\/www.federacaopaulistadefutsal.com.br\/novo\/wp-json\/"}],"wp:attachment":[{"href":"https:\/\/www.federacaopaulistadefutsal.com.br\/novo\/wp-json\/wp\/v2\/media?parent=3896"}],"wp:term":[{"taxonomy":"category","embeddable":true,"href":"https:\/\/www.federacaopaulistadefutsal.com.br\/novo\/wp-json\/wp\/v2\/categories?post=3896"},{"taxonomy":"post_tag","embeddable":true,"href":"https:\/\/www.federacaopaulistadefutsal.com.br\/novo\/wp-json\/wp\/v2\/tags?post=3896"}],"curies":[{"name":"wp","href":"https:\/\/api.w.org\/{rel}","templated":true}]}}